{"id":1750,"date":"2021-12-20T07:00:00","date_gmt":"2021-12-20T06:00:00","guid":{"rendered":"https:\/\/www.virtual-press.com\/newsroom\/?p=1750"},"modified":"2021-12-19T15:04:44","modified_gmt":"2021-12-19T14:04:44","slug":"diocesi-di-matera-irsina-due-ragazzi-dellacr-ricevuti-da-papa-francesco","status":"publish","type":"post","link":"https:\/\/www.virtual-press.com\/newsroom\/diocesi-di-matera-irsina-due-ragazzi-dellacr-ricevuti-da-papa-francesco\/","title":{"rendered":"Diocesi di Matera-Irsina, due ragazzi dell\u2019ACR ricevuti da Papa Francesco"},"content":{"rendered":"\n<figure class=\"wp-block-image\"><img decoding=\"async\" src=\"https:\/\/www.tuttoh24.info\/wp-content\/uploads\/2021\/12\/Papa-Francesco-Vatican-News.jpeg\" alt=\"\" class=\"wp-image-41507\"\/><figcaption>Papa Francesco (foto VaticanNews)<\/figcaption><\/figure>\n\n\n\n<p>Un\u2019esperienza indimenticabile, da custodire per sempre nel cuore: \u00e8 quella che hanno vissuto sabato due ragazzi della provincia di Matera, Giusy Maria D\u2019Elia di Craco e Giovanni Semeraro di Montescaglioso incontrando Papa Francesco.<\/p>\n\n\n\n<p>Giusy Maria e Giovanni sono stati sorteggiati tra i nominativi dei ragazzi della diocesi di Matera-Irsina iscritti all\u2019ACR e, accompagnati dalla responsabile diocesana ACR Lucia Puppo, sono stati ricevuti \u2013 insieme a una settantina di ragazzi dell\u2019Associazione Cattolica &nbsp;\u2013 nella Sala Clementina del Palazzo apostolico dal Santo Padre.<\/p>\n\n\n\n<p>Il tema di quest\u2019anno dell\u2019ACR \u201cSu misura per te\u201d \u00e8 stato al centro del discorso del Santo Padre: \u201c\u00c8 bello perch\u00e9 ciascuno di noi \u00e8 una persona unica. Non siamo fotocopie, siamo tutti originali! La cosa brutta \u00e8 quando vogliamo imitare gli altri. Ed \u00e8 importante che ciascuno indossi ogni giorno con gioia il \u201cvestito\u201d della propria originalit\u00e0. Pensate, nella storia non c\u2019\u00e8 nessuno e non ci sar\u00e0 mai nessuno uguale a voi. Ognuno di voi \u00e8 una bellezza unica e irripetibile\u201d.<\/p>\n\n\n\n<p>Il Papa ha citato anche il loro coetaneo Carlo Acutis e il giovane Gino Pistoni, morto a vent\u2019anni nel \u201944, di cui \u00e8 in corso la causa di beatificazione. In riferimento ad Acutis, ha sottolineato: \u201cOgnuno \u00e8 una bellezza unica e irripetibile. Nel bene \u2013 precisa sorridendo \u2013 ma anche nel male.&nbsp;Ges\u00f9 vi ama come siete\u201d.<\/p>\n\n\n\n<p>Gino Pistoni, dell\u2019AC di Ivrea, morto a soli vent\u2019anni dissanguato mentre tentava di soccorrere un soldato nemico ferito, in un attacco delle SS tedesche, nel 1944, \u00e8 invece un esempio di coraggio estremo. Sul suo tascapane fu trovata la scritta: \u201cOffro la mia vita per l\u2019Azione Cattolica e per l\u2019Italia, W Cristo Re\u201d. Francesco ha ripetuto ai giovani: \u201cCiascuno si deve esprimere con tutto ci\u00f2 che ha. Ges\u00f9 vii d\u00e0 energia e coraggio ogni volta che andate a incontrarlo a Messa e guardandovi sorride; in particolare, quando fate dei gesti di condivisione e di solidariet\u00e0 verso gli altri, soprattutto quando siete capaci di stare vicino a chi \u00e8 solo, senza amici, in difficolt\u00e0; a chi soffre, e purtroppo ci sono tanti vostri coetanei che soffrono! Coraggio, Ges\u00f9 conta su di voi!\u201d<\/p>\n\n\n\n<p>Si pu\u00f2 sempre e ovunque essere missionari del Vangelo, il Papa ha invitato a farsi \u201cprossimi\u201d&nbsp;ai familiari, agli amici, ai coetanei, ai bisognosi.&nbsp;<\/p>\n\n\n\n<p>All\u2019indomani del compleanno del Santo Padre, i ragazzi dell\u2019Azione Cattolica hanno espresso un gioioso augurio.<\/p>\n\n\n\n<p>\u201cAnche noi vorremmo essere cos\u00ec: influencer di gioia, per raccontare a tutti che Ges\u00f9 ci vuole bene ed \u00e8 la nostra felicit\u00e0. \u2013 gli hanno detto \u2013 Egli \u00e8 il nostro amico pi\u00f9 caro, presente sempre per ciascuno di noi nelle difficolt\u00e0 e nell\u2019allegria\u201d,<\/p>\n\n\n\n<p>I ragazzi di Azione Cattolica gli hanno portato in dono alcuni sacchi a pelo e del materiale per la cura dell\u2019igiene personale, da poter offrire a coloro che si trovano nel bisogno e \u201cche costantemente sentono \u2013 la passione della tua carit\u00e0\u201d.<\/p>\n","protected":false},"excerpt":{"rendered":"<p>Un\u2019esperienza indimenticabile, da custodire per sempre nel cuore: \u00e8 quella che hanno vissuto sabato due ragazzi della provincia di Matera, Giusy Maria D\u2019Elia di Craco e Giovanni Semeraro di Montescaglioso incontrando Papa Francesco. Giusy Maria e Giovanni sono stati sorteggiati tra i nominativi dei ragazzi della diocesi di Matera-Irsina iscritti all\u2019ACR e, accompagnati dalla responsabile&#8230;<\/p>\n","protected":false},"author":4,"featured_media":1751,"comment_status":"open","ping_status":"open","sticky":false,"template":"","format":"standard","meta":{"footnotes":""},"categories":[2],"tags":[1035,1034,881],"class_list":["post-1750","post","type-post","status-publish","format-standard","has-post-thumbnail","hentry","category-magazine","tag-acr","tag-diocesi-matera-irsina","tag-papa-francesco"],"_links":{"self":[{"href":"https:\/\/www.virtual-press.com\/newsroom\/wp-json\/wp\/v2\/posts\/1750","targetHints":{"allow":["GET"]}}],"collection":[{"href":"https:\/\/www.virtual-press.com\/newsroom\/wp-json\/wp\/v2\/posts"}],"about":[{"href":"https:\/\/www.virtual-press.com\/newsroom\/wp-json\/wp\/v2\/types\/post"}],"author":[{"embeddable":true,"href":"https:\/\/www.virtual-press.com\/newsroom\/wp-json\/wp\/v2\/users\/4"}],"replies":[{"embeddable":true,"href":"https:\/\/www.virtual-press.com\/newsroom\/wp-json\/wp\/v2\/comments?post=1750"}],"version-history":[{"count":1,"href":"https:\/\/www.virtual-press.com\/newsroom\/wp-json\/wp\/v2\/posts\/1750\/revisions"}],"predecessor-version":[{"id":1752,"href":"https:\/\/www.virtual-press.com\/newsroom\/wp-json\/wp\/v2\/posts\/1750\/revisions\/1752"}],"wp:featuredmedia":[{"embeddable":true,"href":"https:\/\/www.virtual-press.com\/newsroom\/wp-json\/wp\/v2\/media\/1751"}],"wp:attachment":[{"href":"https:\/\/www.virtual-press.com\/newsroom\/wp-json\/wp\/v2\/media?parent=1750"}],"wp:term":[{"taxonomy":"category","embeddable":true,"href":"https:\/\/www.virtual-press.com\/newsroom\/wp-json\/wp\/v2\/categories?post=1750"},{"taxonomy":"post_tag","embeddable":true,"href":"https:\/\/www.virtual-press.com\/newsroom\/wp-json\/wp\/v2\/tags?post=1750"}],"curies":[{"name":"wp","href":"https:\/\/api.w.org\/{rel}","templated":true}]}}