{"id":1955,"date":"2022-04-02T07:00:00","date_gmt":"2022-04-02T05:00:00","guid":{"rendered":"https:\/\/www.virtual-press.com\/newsroom\/?p=1955"},"modified":"2022-04-02T15:14:51","modified_gmt":"2022-04-02T13:14:51","slug":"numeri-record-per-fragola-matera-cinque-milioni-e-mezzo-di-cestini-commercializzati-in-tutta-italia-in-un-anno-e-ora-arriva-lo-spot","status":"publish","type":"post","link":"https:\/\/www.virtual-press.com\/newsroom\/numeri-record-per-fragola-matera-cinque-milioni-e-mezzo-di-cestini-commercializzati-in-tutta-italia-in-un-anno-e-ora-arriva-lo-spot\/","title":{"rendered":"Numeri record per \u201cFragola Matera\u00ae\u201d: cinque milioni e mezzo di cestini commercializzati in tutta Italia in un anno. E ora arriva lo spot"},"content":{"rendered":"\n<figure class=\"wp-block-embed is-type-video is-provider-youtube wp-block-embed-youtube wp-embed-aspect-16-9 wp-has-aspect-ratio\"><div class=\"wp-block-embed__wrapper\">\n<iframe loading=\"lazy\" title=\"Fragola Matera. La fragola che non c&#039;era | Spot\" width=\"640\" height=\"360\" src=\"https:\/\/www.youtube.com\/embed\/UK6stOSZ6cg?feature=oembed\" frameborder=\"0\" allow=\"accelerometer; autoplay; clipboard-write; encrypted-media; gyroscope; picture-in-picture; web-share\" referrerpolicy=\"strict-origin-when-cross-origin\" allowfullscreen><\/iframe>\n<\/div><\/figure>\n\n\n\n<p>Cinque milioni e mezzo di cestini di fragole commercializzati in tutta Italia con il marchio \u201cFragola Matera\u00ae\u201d: a un anno di distanza dal lancio del prodotto, un\u2019esclusiva Nico Fruit della OP Frutthera Growers Societ\u00e0 Cooperativa Agricola di Scanzano Jonico, il bilancio \u00e8 pi\u00f9 che positivo. \u00c8 quanto emerso a Matera nel corso di una conferenza stampa alla presenza di Christian Nicodemo, responsabile comunicazione aziendale, Andrea Badursi, presidente AssoFruit Italia, Giuseppe Digilio (assessore alle attivit\u00e0 produttive e agricoltura del Comune di Matera), Rossana Florio (vicesindaco di Pisticci, territorio che ospita la coltivazione di un terzo della produzione di \u201cFragola Matera\u00ae\u201d) e Antonio Nicoletti (direttore dell\u2019APT Basilicata).<\/p>\n\n\n\n<p>Tra i 1200 ettari di fragole coltivati in Basilicata, \u201cFragola Matera\u00ae\u201d racchiude tutta una serie di peculiarit\u00e0: \u201cIn primis \u2013 afferma a Badursi \u2013 \u00e8 prodotta nella provincia di Matera ed \u00e8 una fragola che si distingue dalle altre perch\u00e9 ha una vita pi\u00f9 lunga, un sapore pi\u00f9 intenso, un colore pi\u00f9 brillante. Ha, insomma, una serie di caratteristiche uniche\u201d.<\/p>\n\n\n\n<p>Quest\u2019anno \u201cFragola Matera\u00ae\u201d rafforza il suo modo di comunicare con una promozione mirata: \u201cAbbiamo ideato un nuovo spot e una nuova struttura di campagna digital perch\u00e9 l\u2019obiettivo rispetto allo scorso anno si \u00e8 evoluto. \u2013 spiega Christian Nicodemo \u2013 Nel 2021 lo scopo era far conoscere \u201cFragola Matera\u00ae\u201d soprattutto nel Materano e nella regione, quest\u2019anno dobbiamo raggiungere ancora pi\u00f9 persone. Abbiamo realizzato uno spot che andr\u00e0 anche sulle reti nazionali e che racchiude, con ironia, una particolarit\u00e0 di \u201cFragola Matera\u00ae\u201d: in una quotidianit\u00e0 caotica e con ritmi frenetici, pu\u00f2 essere in grado di alleviare lo stress e regalare un po\u2019 di calma\u201d.<\/p>\n\n\n\n<p>Badursi ha concluso sottolineando che \u201cin termini generali la quantit\u00e0 di ettari coltivati in regione \u00e8 aumentata anche quest\u2019anno il trend \u00e8 pi\u00f9 che positivo. Se pensiamo che fino a sei sette anni fa eravamo a cento ettari, ci rendiamo conto del forte incremento. Un dato dovuto al fatto che le fragole della Basilicata sono molto gradite sia a livello nazionale sia all\u2019estero e questo spinge il trend sia nella coltivazione sia nel consumo\u201d.<\/p>\n\n\n\n<p class=\"has-text-align-right\"><strong>Rossella Montemurro<\/strong><\/p>\n","protected":false},"excerpt":{"rendered":"<p>Cinque milioni e mezzo di cestini di fragole commercializzati in tutta Italia con il marchio \u201cFragola Matera\u00ae\u201d: a un anno di distanza dal lancio del prodotto, un\u2019esclusiva Nico Fruit della OP Frutthera Growers Societ\u00e0 Cooperativa Agricola di Scanzano Jonico, il bilancio \u00e8 pi\u00f9 che positivo. \u00c8 quanto emerso a Matera nel corso di una conferenza&#8230;<\/p>\n","protected":false},"author":4,"featured_media":1959,"comment_status":"open","ping_status":"open","sticky":false,"template":"","format":"standard","meta":{"footnotes":""},"categories":[2],"tags":[1130,1131,1129,752,1127,1128,182,753],"class_list":["post-1955","post","type-post","status-publish","format-standard","has-post-thumbnail","hentry","category-magazine","tag-andrea-badursi","tag-assofruit","tag-christian-nicodemo","tag-fragola-matera","tag-nico-fruit","tag-op-frutthera-growers-societa-cooperativa-agricola","tag-pisticci","tag-scanzano-jonico"],"_links":{"self":[{"href":"https:\/\/www.virtual-press.com\/newsroom\/wp-json\/wp\/v2\/posts\/1955","targetHints":{"allow":["GET"]}}],"collection":[{"href":"https:\/\/www.virtual-press.com\/newsroom\/wp-json\/wp\/v2\/posts"}],"about":[{"href":"https:\/\/www.virtual-press.com\/newsroom\/wp-json\/wp\/v2\/types\/post"}],"author":[{"embeddable":true,"href":"https:\/\/www.virtual-press.com\/newsroom\/wp-json\/wp\/v2\/users\/4"}],"replies":[{"embeddable":true,"href":"https:\/\/www.virtual-press.com\/newsroom\/wp-json\/wp\/v2\/comments?post=1955"}],"version-history":[{"count":1,"href":"https:\/\/www.virtual-press.com\/newsroom\/wp-json\/wp\/v2\/posts\/1955\/revisions"}],"predecessor-version":[{"id":1963,"href":"https:\/\/www.virtual-press.com\/newsroom\/wp-json\/wp\/v2\/posts\/1955\/revisions\/1963"}],"wp:featuredmedia":[{"embeddable":true,"href":"https:\/\/www.virtual-press.com\/newsroom\/wp-json\/wp\/v2\/media\/1959"}],"wp:attachment":[{"href":"https:\/\/www.virtual-press.com\/newsroom\/wp-json\/wp\/v2\/media?parent=1955"}],"wp:term":[{"taxonomy":"category","embeddable":true,"href":"https:\/\/www.virtual-press.com\/newsroom\/wp-json\/wp\/v2\/categories?post=1955"},{"taxonomy":"post_tag","embeddable":true,"href":"https:\/\/www.virtual-press.com\/newsroom\/wp-json\/wp\/v2\/tags?post=1955"}],"curies":[{"name":"wp","href":"https:\/\/api.w.org\/{rel}","templated":true}]}}