{"id":2098,"date":"2022-06-20T07:00:00","date_gmt":"2022-06-20T05:00:00","guid":{"rendered":"https:\/\/www.virtual-press.com\/newsroom\/?p=2098"},"modified":"2022-06-17T11:45:10","modified_gmt":"2022-06-17T09:45:10","slug":"libri-in-terrazza-torna-a-matera-il-festival-culturale-promosso-dal-21-al-25-giugno-da-liberalia-in-collaborazione-con-la-casa-editrice-altrimedia","status":"publish","type":"post","link":"https:\/\/www.virtual-press.com\/newsroom\/libri-in-terrazza-torna-a-matera-il-festival-culturale-promosso-dal-21-al-25-giugno-da-liberalia-in-collaborazione-con-la-casa-editrice-altrimedia\/","title":{"rendered":"&#8220;Libri in Terrazza&#8221;: torna a Matera il Festival culturale promosso\u00a0dal 21 al 25 giugno\u00a0da Liberalia in collaborazione con la casa editrice Altrimedia"},"content":{"rendered":"\n<p>Torna a Matera &#8220;Libri in Terrazza&#8221;, il Festival culturale promosso&nbsp;<strong>dal 21 al 25 giugno<\/strong>&nbsp;da Liberalia APS in collaborazione e sinergia con la casa editrice Altrimedia e con il supporto logistico della agenzia di comunicazione Di\u00f3tima.<\/p>\n\n\n\n<p>&#8220;Sulla&nbsp;<strong>Terrazza San Francesco<\/strong>, in piazza San Francesco, la terza edizione del festival vedr\u00e0 alternarsi presentazioni di libri, concerti, rappresentazioni teatrali e degustazioni. Una rassegna culturale &#8211; ha sottolineato il presidente dell&#8217;Associaizone Liberalia, Vito Epifania &#8211; pi\u00f9 articolata che abbiamo pensato in abbinata con il&nbsp;<strong>Premio letterario nazionale Liberalia &#8220;La citt\u00e0 dei Sassi\u201d<\/strong>&nbsp;che ci porter\u00e0 fino al 23 febbraio.&nbsp;Abbiamo progettato un vero e proprio percorso culturale e lo stiamo realizando anche grazie a chi si impegna attivamente per lo sviluppo del territorio come Basilicata Creativa, Opera Luce, il ristorante Mezzamaro e l&#8217;azienda Masseria Riccardi.&#8221;<\/p>\n\n\n\n<p>Al via marted\u00ec 21 giugno con il lancio del&nbsp;<strong>Premio letterario nazionale Liberalia &#8220;La citt\u00e0 dei Sassi\u201d<\/strong>&nbsp;e la presentazione del libro,&nbsp;<em><strong>A calci e morsi&nbsp;<\/strong><\/em>di Maddalena Bonelli, ambientato tra gli anni &#8217;30 e &#8217;40 a Grassano, \u00e8 un romanzo corale sull&#8217;umanit\u00e0 di gente umile che si misura con gli alti e bassi dell&#8217;esistenza e fa fronte, come pu\u00f2, a tragedie improvvise. Dialogher\u00e0 con l&#8217;autrice la giornalista Carmela Cosentino. Alle 21 sketch teatrali a cura del&nbsp;<strong>Gruppo teatrale Tutto esaurito<\/strong>. In scaletta &#8220;\u00c8 perch\u00e9 mi hai lasciato&#8221;, corto teatrale di Francesco Sciannarella, in scena Pino Rondinone e Marienza Matera; &#8220;Niege Boren&#8221; monologo teatrale di Francesco Sciannarella, in scena Carla Latorre; &#8220;Vietato aprire&#8221; corto teatrale di Francesco Sciannarella, in scena Angela Loperfido e Daniela Allegretti.<\/p>\n\n\n\n<p><em><strong>Il segreto delle nove monache di Akkon<\/strong><\/em>&nbsp;di Domenico Bennardi, sindaco di Matera, sar\u00e0 invece presentato il&nbsp;<strong>22 giugno<\/strong>&nbsp;alle 20.00. Una trama avvincente in cui un ragazzo materano si trova invischiato in un&#8217;incredibile storia, sulle tracce dell&#8217;ultima reliquia templare. L&#8217;autore sar\u00e0 intervistato dalla giornalista Rossella Montemurro. Alle 21 la giornalista Carmela Cosentino intervister\u00e0 Filippo Radogna, curatore del saggio<em><strong>&nbsp;Scuola, economia e territorio. L&#8217;Istituto Tecnico Agrario &#8220;Gaetano Briganti&#8221; di Matera<\/strong><\/em>. Il testo, raggruppando documentazione d\u2019archivio, ricerche e racconti, progetti, cronaca, aneddoti, esperienze biografiche, ognuna con il suo valore, riannoda i fili del percorso di una Scuola che, arrivando al presente, ha fornito un concreto contributo al progresso civile, sociale ed economico del Materano.<\/p>\n\n\n\n<p>Il&nbsp;<strong>23 giugno<\/strong>&nbsp;alle 20.45 \u00e8 la volta del saggio&nbsp;<em><strong>La vera storia di Isabella Morra<\/strong><\/em>di Pasquale Montesano, che sar\u00e0 intervistato dal giornalista Filippo Radogna. La vicenda di Isabella, figlia di Luisa Brancaccio e del barone Giovan Michele di Morra, vittima di un efferato delitto, \u00e8 ripercorsa in questo libro con l&#8217;aiuto di documenti inediti. Alle 21.45&nbsp;<strong>&#8220;Pillole in musica&#8221;<\/strong>, dialogo tra Angelo Cicchetti, cantautore, e Rossella Montemurro. A seguire, esibizione a cura di Angelo Cicchetti (voce e chitarra) e Mauro Venezia (percussioni).<\/p>\n\n\n\n<p>Si riprende il&nbsp;<strong>24 giugno<\/strong>&nbsp;alle 20.00 con &#8220;La molteplicit\u00e0 dell\u2019identit\u00e0&#8221;. Si parler\u00e0 del volume&nbsp;<em><strong>Il dispositivo interno&nbsp;<\/strong><\/em>di Giampaolo Salvatore e&nbsp;<em><strong>Ninna nanna ninna oh questa mamma a chi la do&nbsp;<\/strong><\/em>di Chiara Gambino.&nbsp;<em>Il dispositivo interno<\/em>&nbsp;\u00e8 un romanzo ritmato, ricco di tematiche di estrema attualit\u00e0 e, tra le righe, spunti e consigli da cogliere al volo: innegabile l&#8217;impronta dell&#8217;autore, psichiatra e psicoterapeuta.&nbsp;<em>Ninna nanna ninna oh questa mamma a chi la do<\/em>&nbsp;\u00e8 invece una raccolta di racconti, tutti sul filo dell&#8217;ironia, che ha come protagonista una donna multitasking: professionista affermata e mamma acrobata, per lei come per tante altre nella sua situazione assemblare i tanti &#8220;pezzi&#8221; della quotidianit\u00e0 spesso \u00e8 un&#8217;impresa, quasi un grande puzzle in cui deve andare tutto, ogni giorno, al posto giusto. Modera la giornalista Rossella Montemurro.<\/p>\n\n\n\n<p>Alle 21 live \u201c<strong>L\u2019esilio di rose e gigli\u201d<\/strong>, note e parole in concerto con Giusy Zaccagnini (voce narrante), Angelo Manicone (sax), Magda Azzilonna (chitarra), Nicola Andrulli (basso elettrico) e Tonio D\u2019Arminio (batteria).<\/p>\n\n\n\n<p>Cala il sipario su &#8220;Libri in Terrazza&#8221; il&nbsp;<strong>25 giugno<\/strong>&nbsp;alle 20. La direttrice editoriale di Altrimedia Edizioni Gabriella Lanzillotta intervister\u00e0 Francesco Leo, autore di&nbsp;<em><strong>Cinque anime<\/strong><\/em>, un thriller dal ritmo serrato e dallo stile impeccabile in cui passato e presente si intrecciano in modo indissolubile tra magia nera e segreti scioccanti, Leo conduce il lettore in una spirale di situazioni al limite verso un finale inimmaginabile. A seguire &#8220;Il sapore della cultura&#8221;, degustazione a cura di&nbsp;<strong>Masseria Riccardi<\/strong>&nbsp;<strong>\u201cDove il latte \u00e8 di casa\u201d<\/strong>.<\/p>\n","protected":false},"excerpt":{"rendered":"<p>Torna a Matera &#8220;Libri in Terrazza&#8221;, il Festival culturale promosso&nbsp;dal 21 al 25 giugno&nbsp;da Liberalia APS in collaborazione e sinergia con la casa editrice Altrimedia e con il supporto logistico della agenzia di comunicazione Di\u00f3tima. &#8220;Sulla&nbsp;Terrazza San Francesco, in piazza San Francesco, la terza edizione del festival vedr\u00e0 alternarsi presentazioni di libri, concerti, rappresentazioni teatrali&#8230;<\/p>\n","protected":false},"author":4,"featured_media":2099,"comment_status":"open","ping_status":"open","sticky":false,"template":"","format":"standard","meta":{"footnotes":""},"categories":[2],"tags":[191,920,915,8],"class_list":["post-2098","post","type-post","status-publish","format-standard","has-post-thumbnail","hentry","category-magazine","tag-altrimedia","tag-liberalia","tag-libri-in-terrazza","tag-matera"],"_links":{"self":[{"href":"https:\/\/www.virtual-press.com\/newsroom\/wp-json\/wp\/v2\/posts\/2098","targetHints":{"allow":["GET"]}}],"collection":[{"href":"https:\/\/www.virtual-press.com\/newsroom\/wp-json\/wp\/v2\/posts"}],"about":[{"href":"https:\/\/www.virtual-press.com\/newsroom\/wp-json\/wp\/v2\/types\/post"}],"author":[{"embeddable":true,"href":"https:\/\/www.virtual-press.com\/newsroom\/wp-json\/wp\/v2\/users\/4"}],"replies":[{"embeddable":true,"href":"https:\/\/www.virtual-press.com\/newsroom\/wp-json\/wp\/v2\/comments?post=2098"}],"version-history":[{"count":1,"href":"https:\/\/www.virtual-press.com\/newsroom\/wp-json\/wp\/v2\/posts\/2098\/revisions"}],"predecessor-version":[{"id":2100,"href":"https:\/\/www.virtual-press.com\/newsroom\/wp-json\/wp\/v2\/posts\/2098\/revisions\/2100"}],"wp:featuredmedia":[{"embeddable":true,"href":"https:\/\/www.virtual-press.com\/newsroom\/wp-json\/wp\/v2\/media\/2099"}],"wp:attachment":[{"href":"https:\/\/www.virtual-press.com\/newsroom\/wp-json\/wp\/v2\/media?parent=2098"}],"wp:term":[{"taxonomy":"category","embeddable":true,"href":"https:\/\/www.virtual-press.com\/newsroom\/wp-json\/wp\/v2\/categories?post=2098"},{"taxonomy":"post_tag","embeddable":true,"href":"https:\/\/www.virtual-press.com\/newsroom\/wp-json\/wp\/v2\/tags?post=2098"}],"curies":[{"name":"wp","href":"https:\/\/api.w.org\/{rel}","templated":true}]}}