{"id":2120,"date":"2022-06-27T04:00:00","date_gmt":"2022-06-27T02:00:00","guid":{"rendered":"https:\/\/www.virtual-press.com\/newsroom\/?p=2120"},"modified":"2022-06-26T22:10:13","modified_gmt":"2022-06-26T20:10:13","slug":"festa-della-bruna-il-carro-dellattesa-e-delle-emozioni-firmato-dal-maestro-santochirico","status":"publish","type":"post","link":"https:\/\/www.virtual-press.com\/newsroom\/festa-della-bruna-il-carro-dellattesa-e-delle-emozioni-firmato-dal-maestro-santochirico\/","title":{"rendered":"Festa della Bruna, il Carro dell&#8217;attesa e delle emozioni firmato dal Maestro Santochirico"},"content":{"rendered":"\n<figure class=\"wp-block-gallery has-nested-images columns-default is-cropped wp-block-gallery-1 is-layout-flex wp-block-gallery-is-layout-flex\">\n<figure class=\"wp-block-image size-large\"><img loading=\"lazy\" decoding=\"async\" width=\"1024\" height=\"768\" data-id=\"2122\" src=\"https:\/\/www.virtual-press.com\/newsroom\/wp-content\/uploads\/2022\/06\/Carro-2022-2-1024x768.jpg\" alt=\"\" class=\"wp-image-2122\" srcset=\"https:\/\/www.virtual-press.com\/newsroom\/wp-content\/uploads\/2022\/06\/Carro-2022-2-1024x768.jpg 1024w, https:\/\/www.virtual-press.com\/newsroom\/wp-content\/uploads\/2022\/06\/Carro-2022-2-300x225.jpg 300w, https:\/\/www.virtual-press.com\/newsroom\/wp-content\/uploads\/2022\/06\/Carro-2022-2-768x576.jpg 768w, https:\/\/www.virtual-press.com\/newsroom\/wp-content\/uploads\/2022\/06\/Carro-2022-2-1536x1152.jpg 1536w, https:\/\/www.virtual-press.com\/newsroom\/wp-content\/uploads\/2022\/06\/Carro-2022-2-2048x1536.jpg 2048w, https:\/\/www.virtual-press.com\/newsroom\/wp-content\/uploads\/2022\/06\/Carro-2022-2-850x638.jpg 850w\" sizes=\"auto, (max-width: 1024px) 100vw, 1024px\" \/><\/figure>\n\n\n\n<figure class=\"wp-block-image size-large\"><img loading=\"lazy\" decoding=\"async\" width=\"1024\" height=\"768\" data-id=\"2124\" src=\"https:\/\/www.virtual-press.com\/newsroom\/wp-content\/uploads\/2022\/06\/Carro-2022-3-1024x768.jpg\" alt=\"\" class=\"wp-image-2124\" srcset=\"https:\/\/www.virtual-press.com\/newsroom\/wp-content\/uploads\/2022\/06\/Carro-2022-3-1024x768.jpg 1024w, https:\/\/www.virtual-press.com\/newsroom\/wp-content\/uploads\/2022\/06\/Carro-2022-3-300x225.jpg 300w, https:\/\/www.virtual-press.com\/newsroom\/wp-content\/uploads\/2022\/06\/Carro-2022-3-768x576.jpg 768w, https:\/\/www.virtual-press.com\/newsroom\/wp-content\/uploads\/2022\/06\/Carro-2022-3-1536x1152.jpg 1536w, https:\/\/www.virtual-press.com\/newsroom\/wp-content\/uploads\/2022\/06\/Carro-2022-3-2048x1536.jpg 2048w, https:\/\/www.virtual-press.com\/newsroom\/wp-content\/uploads\/2022\/06\/Carro-2022-3-850x638.jpg 850w\" sizes=\"auto, (max-width: 1024px) 100vw, 1024px\" \/><\/figure>\n\n\n\n<figure class=\"wp-block-image size-large\"><img loading=\"lazy\" decoding=\"async\" width=\"1024\" height=\"768\" data-id=\"2121\" src=\"https:\/\/www.virtual-press.com\/newsroom\/wp-content\/uploads\/2022\/06\/Carro-2022-4-1024x768.jpg\" alt=\"\" class=\"wp-image-2121\" srcset=\"https:\/\/www.virtual-press.com\/newsroom\/wp-content\/uploads\/2022\/06\/Carro-2022-4-1024x768.jpg 1024w, https:\/\/www.virtual-press.com\/newsroom\/wp-content\/uploads\/2022\/06\/Carro-2022-4-300x225.jpg 300w, https:\/\/www.virtual-press.com\/newsroom\/wp-content\/uploads\/2022\/06\/Carro-2022-4-768x576.jpg 768w, https:\/\/www.virtual-press.com\/newsroom\/wp-content\/uploads\/2022\/06\/Carro-2022-4-1536x1152.jpg 1536w, https:\/\/www.virtual-press.com\/newsroom\/wp-content\/uploads\/2022\/06\/Carro-2022-4-2048x1536.jpg 2048w, https:\/\/www.virtual-press.com\/newsroom\/wp-content\/uploads\/2022\/06\/Carro-2022-4-850x638.jpg 850w\" sizes=\"auto, (max-width: 1024px) 100vw, 1024px\" \/><\/figure>\n\n\n\n<figure class=\"wp-block-image size-large\"><img loading=\"lazy\" decoding=\"async\" width=\"1024\" height=\"768\" data-id=\"2128\" src=\"https:\/\/www.virtual-press.com\/newsroom\/wp-content\/uploads\/2022\/06\/Carro-2022-5-1024x768.jpg\" alt=\"\" class=\"wp-image-2128\" srcset=\"https:\/\/www.virtual-press.com\/newsroom\/wp-content\/uploads\/2022\/06\/Carro-2022-5-1024x768.jpg 1024w, https:\/\/www.virtual-press.com\/newsroom\/wp-content\/uploads\/2022\/06\/Carro-2022-5-300x225.jpg 300w, https:\/\/www.virtual-press.com\/newsroom\/wp-content\/uploads\/2022\/06\/Carro-2022-5-768x576.jpg 768w, https:\/\/www.virtual-press.com\/newsroom\/wp-content\/uploads\/2022\/06\/Carro-2022-5-1536x1152.jpg 1536w, https:\/\/www.virtual-press.com\/newsroom\/wp-content\/uploads\/2022\/06\/Carro-2022-5-2048x1536.jpg 2048w, https:\/\/www.virtual-press.com\/newsroom\/wp-content\/uploads\/2022\/06\/Carro-2022-5-850x638.jpg 850w\" sizes=\"auto, (max-width: 1024px) 100vw, 1024px\" \/><\/figure>\n\n\n\n<figure class=\"wp-block-image size-large\"><img loading=\"lazy\" decoding=\"async\" width=\"1024\" height=\"768\" data-id=\"2123\" src=\"https:\/\/www.virtual-press.com\/newsroom\/wp-content\/uploads\/2022\/06\/Carro-2022-6-1024x768.jpg\" alt=\"\" class=\"wp-image-2123\" srcset=\"https:\/\/www.virtual-press.com\/newsroom\/wp-content\/uploads\/2022\/06\/Carro-2022-6-1024x768.jpg 1024w, https:\/\/www.virtual-press.com\/newsroom\/wp-content\/uploads\/2022\/06\/Carro-2022-6-300x225.jpg 300w, https:\/\/www.virtual-press.com\/newsroom\/wp-content\/uploads\/2022\/06\/Carro-2022-6-768x576.jpg 768w, https:\/\/www.virtual-press.com\/newsroom\/wp-content\/uploads\/2022\/06\/Carro-2022-6-1536x1152.jpg 1536w, https:\/\/www.virtual-press.com\/newsroom\/wp-content\/uploads\/2022\/06\/Carro-2022-6-2048x1536.jpg 2048w, https:\/\/www.virtual-press.com\/newsroom\/wp-content\/uploads\/2022\/06\/Carro-2022-6-850x638.jpg 850w\" sizes=\"auto, (max-width: 1024px) 100vw, 1024px\" \/><\/figure>\n\n\n\n<figure class=\"wp-block-image size-large\"><img loading=\"lazy\" decoding=\"async\" width=\"1024\" height=\"768\" data-id=\"2129\" src=\"https:\/\/www.virtual-press.com\/newsroom\/wp-content\/uploads\/2022\/06\/Carro-2022-7-1024x768.jpg\" alt=\"\" class=\"wp-image-2129\" srcset=\"https:\/\/www.virtual-press.com\/newsroom\/wp-content\/uploads\/2022\/06\/Carro-2022-7-1024x768.jpg 1024w, https:\/\/www.virtual-press.com\/newsroom\/wp-content\/uploads\/2022\/06\/Carro-2022-7-300x225.jpg 300w, https:\/\/www.virtual-press.com\/newsroom\/wp-content\/uploads\/2022\/06\/Carro-2022-7-768x576.jpg 768w, https:\/\/www.virtual-press.com\/newsroom\/wp-content\/uploads\/2022\/06\/Carro-2022-7-1536x1152.jpg 1536w, https:\/\/www.virtual-press.com\/newsroom\/wp-content\/uploads\/2022\/06\/Carro-2022-7-2048x1536.jpg 2048w, https:\/\/www.virtual-press.com\/newsroom\/wp-content\/uploads\/2022\/06\/Carro-2022-7-850x638.jpg 850w\" sizes=\"auto, (max-width: 1024px) 100vw, 1024px\" \/><\/figure>\n\n\n\n<figure class=\"wp-block-image size-large\"><img loading=\"lazy\" decoding=\"async\" width=\"1024\" height=\"768\" data-id=\"2125\" src=\"https:\/\/www.virtual-press.com\/newsroom\/wp-content\/uploads\/2022\/06\/Carro-2022-8-1024x768.jpg\" alt=\"\" class=\"wp-image-2125\" srcset=\"https:\/\/www.virtual-press.com\/newsroom\/wp-content\/uploads\/2022\/06\/Carro-2022-8-1024x768.jpg 1024w, https:\/\/www.virtual-press.com\/newsroom\/wp-content\/uploads\/2022\/06\/Carro-2022-8-300x225.jpg 300w, https:\/\/www.virtual-press.com\/newsroom\/wp-content\/uploads\/2022\/06\/Carro-2022-8-768x576.jpg 768w, https:\/\/www.virtual-press.com\/newsroom\/wp-content\/uploads\/2022\/06\/Carro-2022-8-1536x1152.jpg 1536w, https:\/\/www.virtual-press.com\/newsroom\/wp-content\/uploads\/2022\/06\/Carro-2022-8-2048x1536.jpg 2048w, https:\/\/www.virtual-press.com\/newsroom\/wp-content\/uploads\/2022\/06\/Carro-2022-8-850x638.jpg 850w\" sizes=\"auto, (max-width: 1024px) 100vw, 1024px\" \/><\/figure>\n\n\n\n<figure class=\"wp-block-image size-large\"><img loading=\"lazy\" decoding=\"async\" width=\"1024\" height=\"768\" data-id=\"2127\" src=\"https:\/\/www.virtual-press.com\/newsroom\/wp-content\/uploads\/2022\/06\/Carro-2022-1024x768.jpg\" alt=\"\" class=\"wp-image-2127\" srcset=\"https:\/\/www.virtual-press.com\/newsroom\/wp-content\/uploads\/2022\/06\/Carro-2022-1024x768.jpg 1024w, https:\/\/www.virtual-press.com\/newsroom\/wp-content\/uploads\/2022\/06\/Carro-2022-300x225.jpg 300w, https:\/\/www.virtual-press.com\/newsroom\/wp-content\/uploads\/2022\/06\/Carro-2022-768x576.jpg 768w, https:\/\/www.virtual-press.com\/newsroom\/wp-content\/uploads\/2022\/06\/Carro-2022-1536x1152.jpg 1536w, https:\/\/www.virtual-press.com\/newsroom\/wp-content\/uploads\/2022\/06\/Carro-2022-2048x1536.jpg 2048w, https:\/\/www.virtual-press.com\/newsroom\/wp-content\/uploads\/2022\/06\/Carro-2022-850x638.jpg 850w\" sizes=\"auto, (max-width: 1024px) 100vw, 1024px\" \/><\/figure>\n\n\n\n<figure class=\"wp-block-image size-large\"><img loading=\"lazy\" decoding=\"async\" width=\"1024\" height=\"768\" data-id=\"2126\" src=\"https:\/\/www.virtual-press.com\/newsroom\/wp-content\/uploads\/2022\/06\/Carro-2022-9-1024x768.jpg\" alt=\"\" class=\"wp-image-2126\" srcset=\"https:\/\/www.virtual-press.com\/newsroom\/wp-content\/uploads\/2022\/06\/Carro-2022-9-1024x768.jpg 1024w, https:\/\/www.virtual-press.com\/newsroom\/wp-content\/uploads\/2022\/06\/Carro-2022-9-300x225.jpg 300w, https:\/\/www.virtual-press.com\/newsroom\/wp-content\/uploads\/2022\/06\/Carro-2022-9-768x576.jpg 768w, https:\/\/www.virtual-press.com\/newsroom\/wp-content\/uploads\/2022\/06\/Carro-2022-9-1536x1152.jpg 1536w, https:\/\/www.virtual-press.com\/newsroom\/wp-content\/uploads\/2022\/06\/Carro-2022-9-2048x1536.jpg 2048w, https:\/\/www.virtual-press.com\/newsroom\/wp-content\/uploads\/2022\/06\/Carro-2022-9-850x638.jpg 850w\" sizes=\"auto, (max-width: 1024px) 100vw, 1024px\" \/><\/figure>\n<\/figure>\n\n\n\n<p>\u201cNel realizzare questa prima grandissima opera d\u2019arte abbiamo messo davvero il cuore sia per stilare il progetto sia per dar forma a questo progetto. Vedere tanta gente condividere, raccogliere i contenuti dei temi evangelici ed emozionarsi mi ha fatto capire che il Carro \u00e8 riuscito.\u201d<\/p>\n\n\n\n<p>\u00c8 il Carro dell\u2019attesa e allo stesso tempo il Carro delle emozioni quello firmato dal Maestro Eustachio Santochirico che finalmente pu\u00f2 essere ammirato dai materani. Spiccano i colori, decisi, vivaci; risaltano le rifiniture accurate, la variet\u00e0 ricchezza degli elementi raffigurati. Il manufatto, inoltre, \u00e8 stato decorato con le foglie in cartapesta e i fiori in carta velina realizzati da quanti avevano accettato negli ultimi due anni l\u2019invito del Maestro Santochirico e dell\u2019Associazione Maria Santissima della Bruna presieduta dal dottor Bruno Caiella.<\/p>\n\n\n\n<p>\u00c8 un Carro che porta con s\u00e9 diversi significati, in primis il valore dell\u2019integrazione e del prendersi cura, rispecchiando il tema scelto dalla Diocesi di Matera-Irsina \u201cZaccheo, oggi devo fermarmi a casa tua (tratto dal Vangelo di Luca capitolo 19 versetto 5) \u2013 La Cattedrale, casa di Dio tra le case degli uomini\u201d \u2013 un tema legato anche al 750\u00b0 anniversario del completamento della costruzione della Cattedrale di Matera.<\/p>\n\n\n\n<p>\u201cSto ricevendo tanti apprezzamenti dalle persone che vengono a vederlo \u2013 afferma Il Maestro \u2013 e, devo dire la verit\u00e0 non mi aspettavo cos\u00ec tanto entusiasmo. Sar\u00e0 stata l\u2019attesa, sar\u00e0 stata anche la passione che abbiamo messo per realizzare questo lavoro. Adesso le soddisfazioni sono moltissime\u201d.<\/p>\n\n\n\n<p>Ha collaborato con il Maestro un team composto da Francesco ed Egidio Di Gilio (Accettura, legno e design), Claudia Passarelli (Matera), Giuseppina Cetani (Grassano), Niccol\u00f2 Montemurro (Matera), Nicola Andrisani (Matera), Massimo Matera (Matera), Raffaele Calabrese (Montescaglioso), Isabella Loreto (Matera), Rosanna Larato (Santeramo), Gennaro Andrulli (Matera) e Bruna Barbaro. Molti, tra i ragazzi, sono membri della Cooperativa Sociale \u201cOltre L\u2019Arte\u201d di Matera.<\/p>\n\n\n\n<p>Il manufatto \u00e8 custodito nella Fabbrica del Carro, nel rione Piccianello, intitolata al Maestro Michelangelo Pentasuglia del quale Santochirico \u00e8 stato allievo: fu lui a suggerirgli di seguire nella sua bottega corsi in tufo e cartapesta.<\/p>\n\n\n\n<p class=\"has-text-align-right\"><strong>Rossella Montemurro<\/strong><\/p>\n","protected":false},"excerpt":{"rendered":"<p>\u201cNel realizzare questa prima grandissima opera d\u2019arte abbiamo messo davvero il cuore sia per stilare il progetto sia per dar forma a questo progetto. Vedere tanta gente condividere, raccogliere i contenuti dei temi evangelici ed emozionarsi mi ha fatto capire che il Carro \u00e8 riuscito.\u201d \u00c8 il Carro dell\u2019attesa e allo stesso tempo il Carro&#8230;<\/p>\n","protected":false},"author":4,"featured_media":2126,"comment_status":"open","ping_status":"open","sticky":false,"template":"","format":"standard","meta":{"footnotes":""},"categories":[2],"tags":[941,1202,47],"class_list":["post-2120","post","type-post","status-publish","format-standard","has-post-thumbnail","hentry","category-magazine","tag-associazione-maria-santissima-della-bruna","tag-eustachio-santochirco","tag-festa-della-bruna"],"_links":{"self":[{"href":"https:\/\/www.virtual-press.com\/newsroom\/wp-json\/wp\/v2\/posts\/2120","targetHints":{"allow":["GET"]}}],"collection":[{"href":"https:\/\/www.virtual-press.com\/newsroom\/wp-json\/wp\/v2\/posts"}],"about":[{"href":"https:\/\/www.virtual-press.com\/newsroom\/wp-json\/wp\/v2\/types\/post"}],"author":[{"embeddable":true,"href":"https:\/\/www.virtual-press.com\/newsroom\/wp-json\/wp\/v2\/users\/4"}],"replies":[{"embeddable":true,"href":"https:\/\/www.virtual-press.com\/newsroom\/wp-json\/wp\/v2\/comments?post=2120"}],"version-history":[{"count":1,"href":"https:\/\/www.virtual-press.com\/newsroom\/wp-json\/wp\/v2\/posts\/2120\/revisions"}],"predecessor-version":[{"id":2130,"href":"https:\/\/www.virtual-press.com\/newsroom\/wp-json\/wp\/v2\/posts\/2120\/revisions\/2130"}],"wp:featuredmedia":[{"embeddable":true,"href":"https:\/\/www.virtual-press.com\/newsroom\/wp-json\/wp\/v2\/media\/2126"}],"wp:attachment":[{"href":"https:\/\/www.virtual-press.com\/newsroom\/wp-json\/wp\/v2\/media?parent=2120"}],"wp:term":[{"taxonomy":"category","embeddable":true,"href":"https:\/\/www.virtual-press.com\/newsroom\/wp-json\/wp\/v2\/categories?post=2120"},{"taxonomy":"post_tag","embeddable":true,"href":"https:\/\/www.virtual-press.com\/newsroom\/wp-json\/wp\/v2\/tags?post=2120"}],"curies":[{"name":"wp","href":"https:\/\/api.w.org\/{rel}","templated":true}]}}