{"id":2196,"date":"2022-09-14T07:00:00","date_gmt":"2022-09-14T05:00:00","guid":{"rendered":"https:\/\/www.virtual-press.com\/newsroom\/?p=2196"},"modified":"2022-09-10T11:56:59","modified_gmt":"2022-09-10T09:56:59","slug":"altrimedia-edizioni-presenta-il-catalogo-mutamenti-a-cura-di-massimo-cova-e-giuseppe-valentino-dellomonima-mostra-in-anteprima-al-museo-civico-di-taverna","status":"publish","type":"post","link":"https:\/\/www.virtual-press.com\/newsroom\/altrimedia-edizioni-presenta-il-catalogo-mutamenti-a-cura-di-massimo-cova-e-giuseppe-valentino-dellomonima-mostra-in-anteprima-al-museo-civico-di-taverna\/","title":{"rendered":"Altrimedia Edizioni presenta il catalogo\u00a0Mutamenti, a cura di Massimo Cova e Giuseppe Valentino, dell\u2019omonima mostra in anteprima al museo civico di Taverna"},"content":{"rendered":"\n<p>\u00c8 targato Altrimedia Edizioni il catalogo&nbsp;<em>Mutamenti<\/em>, a cura di&nbsp;<strong>Massimo Cova&nbsp;<\/strong>e&nbsp;<strong>Giuseppe Valentino<\/strong>. Si tratta del catalogo dell\u2019omonima esposizione presentata in anteprima al Museo Civico di Taverna.<\/p>\n\n\n\n<p>Nel volume, oltre ai saluti istituzionali (Sebastiano Tarantino, sindaco di Taverna, Clementina Amelio, assessore alla Cultura del Comune di Taverna; Francesco De Marco, CDA Museo Civico di Taverna; colonnello Nicola Cucci, comandante del Reparto Carabinieri Biodiversit\u00e0 di Catanzaro) e dei curatori, sono presenti i testi di Maristella Trombetta, docente di Estetica dell\u2019Universit\u00e0 di Bari; Joan Palau, vicedirettore generale d\u2019Ingegneria e Risorse geologiche dell\u2019Istituto cartografico e geologico di Catalogna; Saverio Simi de Burgis, docente di Storia e Metodologia della critica d\u2019arte dell\u2019Accademia di Belle Arti di Venezia; Marcia Theophilo, poetessa che \u00e8 stata candidata al Premio Nobel per la Letteratura.<\/p>\n\n\n\n<p>Come spiega il professor Valentino, direttore del Museo Civico di Taverna, \u201cl\u2019arte \u00e8 primordiale muta-mento della mente creativa; naturale stravolgimento delle stagioni umane, caos e cosmo del pensiero configurabile dalla notte dei tempi al nostro incomprensibile e distorto equilibrio quotidiano; causa ed effetto di un pianeta abitato da una societ\u00e0 ammalata e allontanata dalla cura. Pu\u00f2 una mostra diventare luogo di confronto salvifico? Per ci\u00f2 \u00e8 necessario recuperare le cifre sociali e politiche dell\u2019arte; la militanza intellettuale degli artisti, non pi\u00f9 narcisi e servi della \u2018multiforme corrente principale\u2019 o della sua propaganda. \u00c8 per quanto premesso che ho ritenuto da subito importante il progetto&nbsp;<em>Mutamenti<\/em>, nell\u2019ambito di una condivisa e libera collaborazione con gli artisti Carlo Fusca e Massimo Cova, quest\u2019ultimo nella sua doppia veste di artista e curatore della mostra, a riprova di un impegno concreto e incisivo nel dibattito culturale contemporaneo, le cui tematiche di angosciosa rilevanza planetaria affrontano l\u2019attualit\u00e0 dei mutamenti climatici, ma anche la stretta comparazione con la cruda realt\u00e0 degli stravolgimenti sociali e comportamentali, sempre pi\u00f9 indotti dalle strategie social di un nuovo (dis) ordine mondiale\u201d.<\/p>\n\n\n\n<p>Per il professor Cova, docente di Pittura e Arte Contemporanea all\u2019Universit\u00e0 di Barcellona, Mutamenti \u201c\u00e8 il primo risultato visibile di un\u2019esperienza di ricerca artistico-scientifica nata all\u2019Universit\u00e0 di Barcellona, nei laboratori della Facolt\u00e0 di Belle Arti in collaborazione con l\u2019Istituto Cartografico e Geologico di Catalogna (ICGC) sul tema di preponderante attualit\u00e0 dei cambiamenti climatici. Le opere qui esibite non pretendono di far sapere che esiste il cambiamento climatico n\u00e9 tantomeno di spiegarlo \u2013 prerogativa questa dei mezzi di comunicazione e delle discipline scientifiche che gi\u00e0 se ne occupano ampiamente anche se mai abbastanza \u2013 ma di farci riflettere sui temi trattati attraverso l\u2019esperienza estetica che provoca la loro contemplazione, di farci pensare a certi aspetti del mondo in cui viviamo attraverso le emozioni che suscitano. Ogni artista, con le sue opere, sviluppa il tema partendo dalla propria esperienza, dalla propria sensibilit\u00e0 verso questioni che poi si proiettano come considerazioni universali\u201d.<\/p>\n\n\n\n<p>Otto gli artisti che per l\u2019occasione hanno realizzato opere avvalendosi di diverse tecniche espressive,&nbsp;dalla pittura alla scultura, dal disegno alla fotografia, fino a sofisticate installazioni multidisciplinari:&nbsp;<strong>Karmen Corak<\/strong>,&nbsp;<strong>Massimo Cova<\/strong>,&nbsp;<strong>Silvia Ferri<\/strong>,&nbsp;<strong>Antonio Fiengo<\/strong>,&nbsp;<strong>Carlo Fusca<\/strong>,&nbsp;<strong>Francesca Macina<\/strong>,&nbsp;<strong>Giuseppe Marinelli<\/strong>&nbsp;e&nbsp;<strong>Carme Porta<\/strong>.&nbsp;<\/p>\n\n\n\n<p>A Taverna \u00e8 presenta una selezione di opere d\u2019arte del progetto, non il corpus di ricerche scientifiche che costituir\u00e0, invece, parte integrante della grande mostra programmata a Barcellona per il prossimo gennaio.<\/p>\n","protected":false},"excerpt":{"rendered":"<p>\u00c8 targato Altrimedia Edizioni il catalogo&nbsp;Mutamenti, a cura di&nbsp;Massimo Cova&nbsp;e&nbsp;Giuseppe Valentino. Si tratta del catalogo dell\u2019omonima esposizione presentata in anteprima al Museo Civico di Taverna. Nel volume, oltre ai saluti istituzionali (Sebastiano Tarantino, sindaco di Taverna, Clementina Amelio, assessore alla Cultura del Comune di Taverna; Francesco De Marco, CDA Museo Civico di Taverna; colonnello Nicola&#8230;<\/p>\n","protected":false},"author":4,"featured_media":2197,"comment_status":"open","ping_status":"open","sticky":false,"template":"","format":"standard","meta":{"footnotes":""},"categories":[2],"tags":[588,1235,1234],"class_list":["post-2196","post","type-post","status-publish","format-standard","has-post-thumbnail","hentry","category-magazine","tag-altrimedia-edizioni","tag-museo-civico-taverna","tag-mutamenti"],"_links":{"self":[{"href":"https:\/\/www.virtual-press.com\/newsroom\/wp-json\/wp\/v2\/posts\/2196","targetHints":{"allow":["GET"]}}],"collection":[{"href":"https:\/\/www.virtual-press.com\/newsroom\/wp-json\/wp\/v2\/posts"}],"about":[{"href":"https:\/\/www.virtual-press.com\/newsroom\/wp-json\/wp\/v2\/types\/post"}],"author":[{"embeddable":true,"href":"https:\/\/www.virtual-press.com\/newsroom\/wp-json\/wp\/v2\/users\/4"}],"replies":[{"embeddable":true,"href":"https:\/\/www.virtual-press.com\/newsroom\/wp-json\/wp\/v2\/comments?post=2196"}],"version-history":[{"count":1,"href":"https:\/\/www.virtual-press.com\/newsroom\/wp-json\/wp\/v2\/posts\/2196\/revisions"}],"predecessor-version":[{"id":2198,"href":"https:\/\/www.virtual-press.com\/newsroom\/wp-json\/wp\/v2\/posts\/2196\/revisions\/2198"}],"wp:featuredmedia":[{"embeddable":true,"href":"https:\/\/www.virtual-press.com\/newsroom\/wp-json\/wp\/v2\/media\/2197"}],"wp:attachment":[{"href":"https:\/\/www.virtual-press.com\/newsroom\/wp-json\/wp\/v2\/media?parent=2196"}],"wp:term":[{"taxonomy":"category","embeddable":true,"href":"https:\/\/www.virtual-press.com\/newsroom\/wp-json\/wp\/v2\/categories?post=2196"},{"taxonomy":"post_tag","embeddable":true,"href":"https:\/\/www.virtual-press.com\/newsroom\/wp-json\/wp\/v2\/tags?post=2196"}],"curies":[{"name":"wp","href":"https:\/\/api.w.org\/{rel}","templated":true}]}}