{"id":2282,"date":"2022-10-03T07:00:00","date_gmt":"2022-10-03T05:00:00","guid":{"rendered":"https:\/\/www.virtual-press.com\/newsroom\/?p=2282"},"modified":"2022-09-29T21:43:36","modified_gmt":"2022-09-29T19:43:36","slug":"premio-letterario-nazionale-liberalia-la-citta-dei-sassi-prorogati-al-31-ottobre-i-termini-di-partecipazione","status":"publish","type":"post","link":"https:\/\/www.virtual-press.com\/newsroom\/premio-letterario-nazionale-liberalia-la-citta-dei-sassi-prorogati-al-31-ottobre-i-termini-di-partecipazione\/","title":{"rendered":"Premio letterario nazionale Liberalia &#8220;La citt\u00e0 dei Sassi&#8221;: prorogati al 31\u00a0ottobre i termini di\u00a0partecipazione"},"content":{"rendered":"\n<p>A seguito delle numerose richieste di proroga della scadenza di invio delle opere,&nbsp;l&#8217;associazione Liberalia ha posticipato al 31 ottobre i termini per partecipare al Premio.<\/p>\n\n\n\n<p>Il Premio,&nbsp;istituitonel 2005, intende stimolare e valorizzare la produzione culturale ed esplorare il potenziale creativo del territorio. Riservato agli autori di qualsiasi nazionalit\u00e0, che presentino un\u2019opera inedita, scritta in lingua italiana, prevede 3 sezioni (poesia, narrativa e saggistica), con 3 opere vincitrici e il premio speciale &#8220;La Citt\u00e0&#8221;.&nbsp;Per quest&#8217;ultimo Premio speciale, dedicato a tutte le opere (poesia, narrativa, saggistica) aventi come oggetto &#8216;la citt\u00e0&#8217; in tutte le sue espressioni, \u00e8 prevista un&#8217;unica opera vincitrice.<\/p>\n\n\n\n<p>I 4 vincitori (tre del tema libero e uno del Premio speciale&nbsp;&#8220;La Citt\u00e0&#8221;) verranno premiati con la pubblicazione dell&#8217;opera.<\/p>\n\n\n\n<p>Le opere concorrenti devono essere rigorosamente inedite. Sono escluse quindi opere gi\u00e0 pubblicate integralmente o parzialmente in formato cartaceo, on line, on demand, sotto forma di self-publishing e in e-book.<\/p>\n\n\n\n<p>Per partecipare al concorso occorre versare una quota di&nbsp;<strong>euro 30.<\/strong><\/p>\n\n\n\n<p>Ogni opera, inedita, va inviata in versione digitale, in formato PDF, insieme a una sinossi, a una biografia dell&#8217;autrice\/autore, alla scheda di partecipazione e alla ricevuta di versamento attraverso il form disponibile sul sito&nbsp;<strong><a href=\"http:\/\/www.premioletterarioliberalia.it\/\" target=\"_blank\" rel=\"noreferrer noopener\">www.premioletterarioliberalia.it<\/a>&nbsp;<\/strong>oppure via email (<a href=\"mailto:info@liberalia.it\" target=\"_blank\" rel=\"noreferrer noopener\">info@liberalia.it<\/a>) utilizzando l\u2019apposita modulistica disponibile sempre sul sito&nbsp;<strong><a href=\"http:\/\/www.premioletterarioliberalia.it\/\" target=\"_blank\" rel=\"noreferrer noopener\">www.premioletterarioliberalia.it<\/a>.<\/strong><\/p>\n\n\n\n<p>Una comitato di lettura designato da&nbsp;Liberalia&nbsp;legger\u00e0 tutte le opere ammesse al concorso e selezioner\u00e0 le migliori, che saranno sottoposte alla valutazione della Giuria&nbsp;composta da personalit\u00e0 appartenenti al mondo della cultura e della informazione:&nbsp;<em><strong>Chiara Canta<\/strong><\/em>&nbsp;(ordinaria di Sociologia dei processi culturali e comunicativi, insegna Sociologia dei processi culturali e della religione e Sociologia della cultura di genere presso dipartimento di Scienze della formazione dell\u2019Universit\u00e0 degli Studi Roma Tre),&nbsp;<em><strong>Pasquale Doria<\/strong><\/em>&nbsp;(gi\u00e0 Caporedattore de &#8220;La Gazzetta del Mezzogiorno&#8221;, scrittore),&nbsp;<em><strong>Maurizio Fiasco<\/strong><\/em>&nbsp;(Sociologo),&nbsp;<em><strong>Davide Frasnelli&nbsp;<\/strong><\/em>(regista Rai),&nbsp;<em><strong>Giorgio<\/strong><\/em>&nbsp;<em><strong>Marcello&nbsp;<\/strong><\/em>(Ricercatore Dipartimento di Scienze Politiche e Sociali),&nbsp;<strong>Giulia Morello<\/strong>&nbsp;(<em>Autrice e regista),&nbsp;<\/em><em><strong>Caterina Policaro<\/strong><\/em>&nbsp;(Dirigente scolastico,)&nbsp;<em><strong>Enzo Romeo<\/strong><\/em>&nbsp;(Giornalista Rai Tg2),&nbsp;<em><strong>Marica Spalletta<\/strong><\/em>&nbsp;(Scrittrice e docente Professore Associato di Sociologia dei processi culturali e comunicativi all&#8217;Universit\u00e0 degli Studi Link Campus University) e&nbsp;<em><strong>Annachiara Valle<\/strong><\/em>&nbsp;(Giornalista di Famiglia Cristiana, scrittrice, direttrice di Madre). Tutti i partecipanti, premiati e selezionati, saranno avvisati tempestivamente. La premiazione avverr\u00e0 a Matera in data da definire.<\/p>\n","protected":false},"excerpt":{"rendered":"<p>A seguito delle numerose richieste di proroga della scadenza di invio delle opere,&nbsp;l&#8217;associazione Liberalia ha posticipato al 31 ottobre i termini per partecipare al Premio. Il Premio,&nbsp;istituitonel 2005, intende stimolare e valorizzare la produzione culturale ed esplorare il potenziale creativo del territorio. Riservato agli autori di qualsiasi nazionalit\u00e0, che presentino un\u2019opera inedita, scritta in lingua&#8230;<\/p>\n","protected":false},"author":4,"featured_media":2283,"comment_status":"open","ping_status":"open","sticky":false,"template":"","format":"standard","meta":{"footnotes":""},"categories":[2],"tags":[588,920,1256],"class_list":["post-2282","post","type-post","status-publish","format-standard","has-post-thumbnail","hentry","category-magazine","tag-altrimedia-edizioni","tag-liberalia","tag-premio-letterario"],"_links":{"self":[{"href":"https:\/\/www.virtual-press.com\/newsroom\/wp-json\/wp\/v2\/posts\/2282","targetHints":{"allow":["GET"]}}],"collection":[{"href":"https:\/\/www.virtual-press.com\/newsroom\/wp-json\/wp\/v2\/posts"}],"about":[{"href":"https:\/\/www.virtual-press.com\/newsroom\/wp-json\/wp\/v2\/types\/post"}],"author":[{"embeddable":true,"href":"https:\/\/www.virtual-press.com\/newsroom\/wp-json\/wp\/v2\/users\/4"}],"replies":[{"embeddable":true,"href":"https:\/\/www.virtual-press.com\/newsroom\/wp-json\/wp\/v2\/comments?post=2282"}],"version-history":[{"count":1,"href":"https:\/\/www.virtual-press.com\/newsroom\/wp-json\/wp\/v2\/posts\/2282\/revisions"}],"predecessor-version":[{"id":2284,"href":"https:\/\/www.virtual-press.com\/newsroom\/wp-json\/wp\/v2\/posts\/2282\/revisions\/2284"}],"wp:featuredmedia":[{"embeddable":true,"href":"https:\/\/www.virtual-press.com\/newsroom\/wp-json\/wp\/v2\/media\/2283"}],"wp:attachment":[{"href":"https:\/\/www.virtual-press.com\/newsroom\/wp-json\/wp\/v2\/media?parent=2282"}],"wp:term":[{"taxonomy":"category","embeddable":true,"href":"https:\/\/www.virtual-press.com\/newsroom\/wp-json\/wp\/v2\/categories?post=2282"},{"taxonomy":"post_tag","embeddable":true,"href":"https:\/\/www.virtual-press.com\/newsroom\/wp-json\/wp\/v2\/tags?post=2282"}],"curies":[{"name":"wp","href":"https:\/\/api.w.org\/{rel}","templated":true}]}}