{"id":2298,"date":"2022-10-31T07:00:00","date_gmt":"2022-10-31T06:00:00","guid":{"rendered":"https:\/\/www.virtual-press.com\/newsroom\/?p=2298"},"modified":"2022-10-24T15:19:54","modified_gmt":"2022-10-24T13:19:54","slug":"altrimedia-edizioni-presenta-biografia-dellitalia-monarchica-storia-ditalia-dal-1861-al-1946-di-saverio-omar-ciccimarra","status":"publish","type":"post","link":"https:\/\/www.virtual-press.com\/newsroom\/altrimedia-edizioni-presenta-biografia-dellitalia-monarchica-storia-ditalia-dal-1861-al-1946-di-saverio-omar-ciccimarra\/","title":{"rendered":"Altrimedia Edizioni presenta \u201cBiografia dell\u2019Italia monarchica. Storia d\u2019Italia dal 1861 al 1946\u201d di Saverio Omar Ciccimarra"},"content":{"rendered":"\n<p>Un compendio di storia che si interseca con altre discipline delineando un quadro dell\u2019epoca quanto mai originale: pu\u00f2 essere definito cos\u00ec&nbsp;<em>Biografia dell\u2019Italia monarchica. Storia d\u2019Italia dal 1861 al 1946<\/em>&nbsp;(Altrimedia Edizioni) del professore di Storia e Filosofia Saverio Omar Ciccimarra, novit\u00e0 editoriale disponibile in prevendita su altrimediaedizioni.com e a breve nelle librerie.<\/p>\n\n\n\n<p>L\u2019Autore, con estrema chiarezza, traccia un\u2019analisi che procede per flash di letteratura, arte e suggestioni colte: all\u2019imprescindibile substrato storico, con gli avvenimenti cruciali del periodo esaminato, scandaglia \u2013 grazie a un\u2019ampia bibliografia \u2013 alcune Opere rappresentative di quelle vicende offrendo al lettore una traccia inedita. Con tali caratteristiche&nbsp;<em>Biografia dell\u2019Italia monarchica<\/em>&nbsp;\u00e8 un volume fruibile da un\u2019ampia platea di lettori.<\/p>\n\n\n\n<p>Dalla bandella: \u201cIl senso di una&nbsp;<em>crisi della civilt\u00e0<\/em>&nbsp;vissuto in ampia parte della societ\u00e0 europea durante la guerra fu rappresentato con efficacia nel libro:&nbsp;<em>Il tramonto dell\u2019Occidente<\/em>&nbsp;del filosofo tedesco Oswald Spengler, il quale sosteneva che l\u2019Europa con la Grande guerra, era entrata in una fase di decadenza e di inaridimento. Il senso di angoscia profonda dell\u2019individuo, eredit\u00e0 della catastrofe che si era compiuta con il conflitto, ebbe una sede privilegiata di riflessione anche all\u2019interno dell\u2019Esistenzialismo. Questa corrente filosofica, destinata a una duratura influenza nel corso del Novecento, poneva al centro dell\u2019analisi la condizione dell\u2019uomo moderno nella societ\u00e0 di massa, il suo senso di solitudine, la percezione di un vuoto e di un\u2019estraneit\u00e0 di fronte alla realt\u00e0 storica. Punto di riferimento centrale dell\u2019Esistenzialismo fu l\u2019opera del 1927&nbsp;<em>Essere e tempo<\/em>&nbsp;di Martin Heidegger, la quale rappresent\u00f2 uno dei massimi tentativi di dare voce all\u2019angoscia dell\u2019uomo alienato, cio\u00e8 reso estraneo a s\u00e9 stesso, nel mondo della tecnica e della societ\u00e0 di massa.\u201d<\/p>\n\n\n\n<p><em>Saverio Omar Ciccimarra \u00e8 nato a Ferrandina nel 1975. Insegna Storia e Filosofia al Liceo Artistico e al Liceo Classico di Matera.<\/em><\/p>\n","protected":false},"excerpt":{"rendered":"<p>Un compendio di storia che si interseca con altre discipline delineando un quadro dell\u2019epoca quanto mai originale: pu\u00f2 essere definito cos\u00ec&nbsp;Biografia dell\u2019Italia monarchica. Storia d\u2019Italia dal 1861 al 1946&nbsp;(Altrimedia Edizioni) del professore di Storia e Filosofia Saverio Omar Ciccimarra, novit\u00e0 editoriale disponibile in prevendita su altrimediaedizioni.com e a breve nelle librerie. L\u2019Autore, con estrema chiarezza,&#8230;<\/p>\n","protected":false},"author":4,"featured_media":2299,"comment_status":"open","ping_status":"open","sticky":false,"template":"","format":"standard","meta":{"footnotes":""},"categories":[2],"tags":[588,1264],"class_list":["post-2298","post","type-post","status-publish","format-standard","has-post-thumbnail","hentry","category-magazine","tag-altrimedia-edizioni","tag-saverio-omar-ciccimarra"],"_links":{"self":[{"href":"https:\/\/www.virtual-press.com\/newsroom\/wp-json\/wp\/v2\/posts\/2298","targetHints":{"allow":["GET"]}}],"collection":[{"href":"https:\/\/www.virtual-press.com\/newsroom\/wp-json\/wp\/v2\/posts"}],"about":[{"href":"https:\/\/www.virtual-press.com\/newsroom\/wp-json\/wp\/v2\/types\/post"}],"author":[{"embeddable":true,"href":"https:\/\/www.virtual-press.com\/newsroom\/wp-json\/wp\/v2\/users\/4"}],"replies":[{"embeddable":true,"href":"https:\/\/www.virtual-press.com\/newsroom\/wp-json\/wp\/v2\/comments?post=2298"}],"version-history":[{"count":1,"href":"https:\/\/www.virtual-press.com\/newsroom\/wp-json\/wp\/v2\/posts\/2298\/revisions"}],"predecessor-version":[{"id":2300,"href":"https:\/\/www.virtual-press.com\/newsroom\/wp-json\/wp\/v2\/posts\/2298\/revisions\/2300"}],"wp:featuredmedia":[{"embeddable":true,"href":"https:\/\/www.virtual-press.com\/newsroom\/wp-json\/wp\/v2\/media\/2299"}],"wp:attachment":[{"href":"https:\/\/www.virtual-press.com\/newsroom\/wp-json\/wp\/v2\/media?parent=2298"}],"wp:term":[{"taxonomy":"category","embeddable":true,"href":"https:\/\/www.virtual-press.com\/newsroom\/wp-json\/wp\/v2\/categories?post=2298"},{"taxonomy":"post_tag","embeddable":true,"href":"https:\/\/www.virtual-press.com\/newsroom\/wp-json\/wp\/v2\/tags?post=2298"}],"curies":[{"name":"wp","href":"https:\/\/api.w.org\/{rel}","templated":true}]}}