{"id":2302,"date":"2022-10-14T01:00:00","date_gmt":"2022-10-13T23:00:00","guid":{"rendered":"https:\/\/www.virtual-press.com\/newsroom\/?p=2302"},"modified":"2022-10-11T17:22:46","modified_gmt":"2022-10-11T15:22:46","slug":"il-sottile-equilibrio-della-ragione-di-alessandro-baradel-presentazione-il-14-ottobre-a-matera-presso-dulcis-in-fundo","status":"publish","type":"post","link":"https:\/\/www.virtual-press.com\/newsroom\/il-sottile-equilibrio-della-ragione-di-alessandro-baradel-presentazione-il-14-ottobre-a-matera-presso-dulcis-in-fundo\/","title":{"rendered":"\u201cIl sottile equilibrio della ragione\u201d di Alessandro Baradel, presentazione a Matera presso Dulcis in fundo"},"content":{"rendered":"\n<p>Sar\u00e0 presentato oggi, venerd\u00ec 14 ottobre p.v. alle 19 presso Dulcis in fundo, in via delle Beccherie 63 a Matera<em>\u00a0Il sottile equilibrio della ragione\u00a0<\/em>(Altrimedia Edizioni)di Alessandro Baradel, neo vincitore del\u00a0Premio Senato Accademia \u2013 sezione Libro edito di narrativa \u2013 nell\u2019ambito del Premio Accademico Internazionale di Letteratura Contemporanea Lucius Annaeus Seneca 2022 promosso dall\u2019Accademia delle Arti e delle Scienze Filosofiche di Bari.<\/p>\n\n\n\n<p>Per assistere alla presentazione \u00e8 necessaria la prenotazione inviando una mail a&nbsp;<a href=\"mailto:info@altrimediaedizioni.com\" target=\"_blank\" rel=\"noreferrer noopener\">info@altrimediaedizioni.com<\/a>.<\/p>\n\n\n\n<p>Nel romanzo&nbsp;<em>Il sottile equilibrio della ragione<\/em>&nbsp;non tutto \u00e8 come sembra: la scrittura di Baradel, densa di contorni noir, mostrer\u00e0 una realt\u00e0 diversa.<\/p>\n\n\n\n<p>Il protagonista \u00e8 Jean-Fran\u00e7ois Gauthier, trentottenne, editorialista per un importante quotidiano francese. Siamo a Parigi nei primi anni \u201980. Per lui, giorni e giorni di precariet\u00e0 psicologica, la spirale dell\u2019alcol per placare la depressione. Fresco di separazione dalla moglie, incontra una ragazza molto bella e molto misteriosa, Marie che, nonostante conviva con G\u00e9r\u00f4me, ripete a Fran\u00e7ois di amarlo. La relazione tossica con Marie, fatta di improvvise sparizioni, slanci di passione e giornate cariche di ansia ben presto sostituir\u00e0 lo stato depressivo del protagonista.<\/p>\n\n\n\n<p><em>Alessandro Baradel nasce a San Don\u00e0 di Piave, in provincia di Venezia, nel maggio del 74\u2032. Dopo una prima giovinezza non facile, assolto il servizio militare, decide di trasferirsi dai nonni e di riprendere gli studi in concomitanza con il lavoro. Successivamente, si trasferirsi nel Regno Unito dove vi rimane per quasi sette anni. Proprio a Londra, su spinta di una amica italiana che per prima crede in lui, comincia ad abbozzare il suo primo romanzo. Al rientro in Italia, cambiando spesso lavoro alla continua ricerca del suo posto nel mondo, ma \u00e8 nella scrittura che trova il suo essere, la sua autenticit\u00e0.<\/em><\/p>\n\n\n\n<p><em>Il sottile equilibrio della ragione, edito da Altrimedia Edizioni, gli vale un primo prestigioso riconoscimento: il Premio \u201cSenato Accademia\u201d, del Concorso Internazionale di Letteratura Contemporanea L. A. Seneca 2022.<\/em><\/p>\n","protected":false},"excerpt":{"rendered":"<p>Sar\u00e0 presentato oggi, venerd\u00ec 14 ottobre p.v. alle 19 presso Dulcis in fundo, in via delle Beccherie 63 a Matera\u00a0Il sottile equilibrio della ragione\u00a0(Altrimedia Edizioni)di Alessandro Baradel, neo vincitore del\u00a0Premio Senato Accademia \u2013 sezione Libro edito di narrativa \u2013 nell\u2019ambito del Premio Accademico Internazionale di Letteratura Contemporanea Lucius Annaeus Seneca 2022 promosso dall\u2019Accademia delle Arti&#8230;<\/p>\n","protected":false},"author":4,"featured_media":2303,"comment_status":"open","ping_status":"open","sticky":false,"template":"","format":"standard","meta":{"footnotes":""},"categories":[2],"tags":[1178,588,1265],"class_list":["post-2302","post","type-post","status-publish","format-standard","has-post-thumbnail","hentry","category-magazine","tag-alessandro-baradel","tag-altrimedia-edizioni","tag-il-sottile-equilibrio-della-ragione"],"_links":{"self":[{"href":"https:\/\/www.virtual-press.com\/newsroom\/wp-json\/wp\/v2\/posts\/2302","targetHints":{"allow":["GET"]}}],"collection":[{"href":"https:\/\/www.virtual-press.com\/newsroom\/wp-json\/wp\/v2\/posts"}],"about":[{"href":"https:\/\/www.virtual-press.com\/newsroom\/wp-json\/wp\/v2\/types\/post"}],"author":[{"embeddable":true,"href":"https:\/\/www.virtual-press.com\/newsroom\/wp-json\/wp\/v2\/users\/4"}],"replies":[{"embeddable":true,"href":"https:\/\/www.virtual-press.com\/newsroom\/wp-json\/wp\/v2\/comments?post=2302"}],"version-history":[{"count":2,"href":"https:\/\/www.virtual-press.com\/newsroom\/wp-json\/wp\/v2\/posts\/2302\/revisions"}],"predecessor-version":[{"id":2309,"href":"https:\/\/www.virtual-press.com\/newsroom\/wp-json\/wp\/v2\/posts\/2302\/revisions\/2309"}],"wp:featuredmedia":[{"embeddable":true,"href":"https:\/\/www.virtual-press.com\/newsroom\/wp-json\/wp\/v2\/media\/2303"}],"wp:attachment":[{"href":"https:\/\/www.virtual-press.com\/newsroom\/wp-json\/wp\/v2\/media?parent=2302"}],"wp:term":[{"taxonomy":"category","embeddable":true,"href":"https:\/\/www.virtual-press.com\/newsroom\/wp-json\/wp\/v2\/categories?post=2302"},{"taxonomy":"post_tag","embeddable":true,"href":"https:\/\/www.virtual-press.com\/newsroom\/wp-json\/wp\/v2\/tags?post=2302"}],"curies":[{"name":"wp","href":"https:\/\/api.w.org\/{rel}","templated":true}]}}