{"id":2316,"date":"2022-10-21T01:00:00","date_gmt":"2022-10-20T23:00:00","guid":{"rendered":"https:\/\/www.virtual-press.com\/newsroom\/?p=2316"},"modified":"2022-10-18T10:32:23","modified_gmt":"2022-10-18T08:32:23","slug":"anime-cablate-di-roberto-pietracito-presentazione-il-21-ottobre-a-matera-presso-ferrara-art-gallery","status":"publish","type":"post","link":"https:\/\/www.virtual-press.com\/newsroom\/anime-cablate-di-roberto-pietracito-presentazione-il-21-ottobre-a-matera-presso-ferrara-art-gallery\/","title":{"rendered":"\u201cAnime cablate\u201d di Roberto Pietracito. Presentazione il 21 ottobre a Matera presso Ferrara Art Gallery"},"content":{"rendered":"\n<p>Sar\u00e0 presentato venerd\u00ec\u00a021\u00a0ottobre p.v. alle 19  presso Ferrara Art Gallery, in via Rocco Scotellaro a Matera\u00a0<em>Anime cablate\u00a0<\/em>di Roberto Pietracito.\u00a0Nel corso della serata, moderata dalla giornalista Rossella Montemurro, reading di letture a cura dell&#8217;Autore e di Patrizia Minardi.\u00a0Per assistere alla presentazione \u00e8 necessaria la prenotazione inviando una mail a\u00a0<a rel=\"noreferrer noopener\" href=\"mailto:info@altrimediaedizioni.com\" target=\"_blank\">info@altrimediaedizioni.com<\/a>.<\/p>\n\n\n\n<p>L&#8217;Intelligenza Artificiale, le nuove tecnologie, la freddezza di una macchina e la potenza devastante dell&#8217;attrazione: \u00e8 pieno di contrasti&nbsp;<em>Anime cablate<\/em>, il sorprendente romanzo d&#8217;esordio di Pietracito.<\/p>\n\n\n\n<p>Il protagonista \u00e8 Marco, un assicuratore quarantenne, sposato e con figli che, dopo aver installato per scommessa una app di incontri, a poco a poco subisce cambiamenti sia a livello psicologico sia nel rapporto con gli altri. In particolare, Giulia, una donna misteriosa e intrigante, lo ossessiona a tal punto da monopolizzare ogni cosa. Lui vorrebbe incontrarla ma Giulia \u00e8 molto drastica, preferisce che la relazione continui senza ulteriori coinvolgimenti.<\/p>\n\n\n\n<p>Fin dove si \u00e8 disposti a mettere a repentaglio una vita tutto sommato tranquilla per andare incontro a un&#8217;avventura piena di incognite? Marco lo scoprir\u00e0 sulla propria pelle, dilaniato tra le certezze della ragione e i dubbi del cuore: &#8220;Risalgo in ufficio e inizio a scriverle. Ho bisogno di sentirla. Re\u00adsistere \u00e8 impossibile. Non riesco a trattenermi. L\u2019idea di doverla sallutare mi stringe il cuore. La desidero come non mai. Tutto questo \u00e8 una tortura. Vorrei vivere la mia esistenza serenamente con la mia famiglia, ma non posso sopravvivere senza ossigeno, non posso farlo senza Giulia&#8221;.<\/p>\n\n\n\n<p><em>Roberto Pietracito \u00e8 nato nel 1981 a Matera, dove attualmente vive e insegna Informatica negli Istituti Superiori. La laurea in Ingegneria e quindi il lavoro di insegnante gli hanno permesso di esplorare le implicazioni della tecnologia nella societ\u00e0 e nel mondo delle relazioni umane. \u00c8 appassionato di origami e ha realizzato mostre e corsi divulgativi. Si \u00e8 cimentato anche nella recitazione teatrale, frequentando diversi laboratori.<\/em><\/p>\n","protected":false},"excerpt":{"rendered":"<p>Sar\u00e0 presentato venerd\u00ec\u00a021\u00a0ottobre p.v. alle 19 presso Ferrara Art Gallery, in via Rocco Scotellaro a Matera\u00a0Anime cablate\u00a0di Roberto Pietracito.\u00a0Nel corso della serata, moderata dalla giornalista Rossella Montemurro, reading di letture a cura dell&#8217;Autore e di Patrizia Minardi.\u00a0Per assistere alla presentazione \u00e8 necessaria la prenotazione inviando una mail a\u00a0info@altrimediaedizioni.com. L&#8217;Intelligenza Artificiale, le nuove tecnologie, la freddezza&#8230;<\/p>\n","protected":false},"author":4,"featured_media":2317,"comment_status":"open","ping_status":"open","sticky":false,"template":"","format":"standard","meta":{"footnotes":""},"categories":[2],"tags":[588,846,1126,8,847],"class_list":["post-2316","post","type-post","status-publish","format-standard","has-post-thumbnail","hentry","category-magazine","tag-altrimedia-edizioni","tag-anime-cablate","tag-ferrara-art-gallery","tag-matera","tag-roberto-pietracito"],"_links":{"self":[{"href":"https:\/\/www.virtual-press.com\/newsroom\/wp-json\/wp\/v2\/posts\/2316","targetHints":{"allow":["GET"]}}],"collection":[{"href":"https:\/\/www.virtual-press.com\/newsroom\/wp-json\/wp\/v2\/posts"}],"about":[{"href":"https:\/\/www.virtual-press.com\/newsroom\/wp-json\/wp\/v2\/types\/post"}],"author":[{"embeddable":true,"href":"https:\/\/www.virtual-press.com\/newsroom\/wp-json\/wp\/v2\/users\/4"}],"replies":[{"embeddable":true,"href":"https:\/\/www.virtual-press.com\/newsroom\/wp-json\/wp\/v2\/comments?post=2316"}],"version-history":[{"count":1,"href":"https:\/\/www.virtual-press.com\/newsroom\/wp-json\/wp\/v2\/posts\/2316\/revisions"}],"predecessor-version":[{"id":2318,"href":"https:\/\/www.virtual-press.com\/newsroom\/wp-json\/wp\/v2\/posts\/2316\/revisions\/2318"}],"wp:featuredmedia":[{"embeddable":true,"href":"https:\/\/www.virtual-press.com\/newsroom\/wp-json\/wp\/v2\/media\/2317"}],"wp:attachment":[{"href":"https:\/\/www.virtual-press.com\/newsroom\/wp-json\/wp\/v2\/media?parent=2316"}],"wp:term":[{"taxonomy":"category","embeddable":true,"href":"https:\/\/www.virtual-press.com\/newsroom\/wp-json\/wp\/v2\/categories?post=2316"},{"taxonomy":"post_tag","embeddable":true,"href":"https:\/\/www.virtual-press.com\/newsroom\/wp-json\/wp\/v2\/tags?post=2316"}],"curies":[{"name":"wp","href":"https:\/\/api.w.org\/{rel}","templated":true}]}}