{"id":2325,"date":"2022-10-24T01:00:00","date_gmt":"2022-10-23T23:00:00","guid":{"rendered":"https:\/\/www.virtual-press.com\/newsroom\/?p=2325"},"modified":"2022-10-21T22:35:53","modified_gmt":"2022-10-21T20:35:53","slug":"presentato-a-matera-anime-cablate-lintelligenza-artificiale-le-certezze-della-ragione-e-i-dubbi-del-cuore-nel-romanzo-desordio-di-roberto-pietracito","status":"publish","type":"post","link":"https:\/\/www.virtual-press.com\/newsroom\/presentato-a-matera-anime-cablate-lintelligenza-artificiale-le-certezze-della-ragione-e-i-dubbi-del-cuore-nel-romanzo-desordio-di-roberto-pietracito\/","title":{"rendered":"Presentato a Matera &#8220;Anime cablate&#8221;: l&#8217;Intelligenza Artificiale, le certezze della ragione e i dubbi del cuore nel romanzo d&#8217;esordio di Roberto Pietracito"},"content":{"rendered":"\n<figure class=\"wp-block-gallery has-nested-images columns-default is-cropped wp-block-gallery-1 is-layout-flex wp-block-gallery-is-layout-flex\">\n<figure class=\"wp-block-image size-large\"><img loading=\"lazy\" decoding=\"async\" width=\"1024\" height=\"461\" data-id=\"2327\" src=\"https:\/\/www.virtual-press.com\/newsroom\/wp-content\/uploads\/2022\/10\/IMG_20221021_222617_126-1024x461.jpg\" alt=\"\" class=\"wp-image-2327\" srcset=\"https:\/\/www.virtual-press.com\/newsroom\/wp-content\/uploads\/2022\/10\/IMG_20221021_222617_126-1024x461.jpg 1024w, https:\/\/www.virtual-press.com\/newsroom\/wp-content\/uploads\/2022\/10\/IMG_20221021_222617_126-300x135.jpg 300w, https:\/\/www.virtual-press.com\/newsroom\/wp-content\/uploads\/2022\/10\/IMG_20221021_222617_126-768x346.jpg 768w, https:\/\/www.virtual-press.com\/newsroom\/wp-content\/uploads\/2022\/10\/IMG_20221021_222617_126-850x383.jpg 850w, https:\/\/www.virtual-press.com\/newsroom\/wp-content\/uploads\/2022\/10\/IMG_20221021_222617_126.jpg 1280w\" sizes=\"auto, (max-width: 1024px) 100vw, 1024px\" \/><\/figure>\n<\/figure>\n\n\n\n<p>\u00c8 stata una conferenza sull&#8217;Intelligenza Artificiale, qualche anno fa a Bergamo, a innescare la scintilla per la trama di <em>Anime cablate<\/em> (Altrimedia Edizioni). Lo ha raccontato l&#8217;autore, Roberto Pietracito, durante la presentazione nella Ferrara Art Gallery di Matera del suo romanzo d&#8217;esordio. Una scrittura ritmata e brillante accompagna una trama in cui protagoniste sono l&#8217;Intelligenza Artificiale, le nuove tecnologie e la potenza devastante dell&#8217;attrazione.<\/p>\n\n\n\n<p>L&#8217;io narrante \u00e8 Marco, un assicuratore quarantenne, sposato e con figli che, dopo aver installato per scommessa una app di incontri, a poco a poco subisce cambiamenti sia a livello psicologico sia nel rapporto con gli altri. In particolare, Giulia, una donna misteriosa e intrigante, lo ossessiona a tal punto da monopolizzare ogni cosa. Lui vorrebbe incontrarla ma Giulia \u00e8 molto drastica, preferisce che la relazione continui senza ulteriori coinvolgimenti.<\/p>\n\n\n\n<p>Fin dove si \u00e8 disposti a mettere a repentaglio una vita tutto sommato tranquilla per andare incontro a un&#8217;avventura piena di incognite? Marco lo scoprir\u00e0 sulla propria pelle, dilaniato tra le certezze della ragione e i dubbi del cuore.<\/p>\n\n\n\n<p>La serata, moderata dalla giornalista Rossella Montemurro \u00e8 stata impreziosita dal reading di letture a cura dell&#8217;Autore e di Patrizia Minardi del Centro Mediterraneo delle Arti di Ulderico Pesce.<\/p>\n\n\n\n<p><em>Roberto Pietracito \u00e8 nato nel 1981 a Matera, dove attualmente vive e insegna Informatica negli Istituti Superiori. La laurea in Ingegneria e quindi il lavoro di insegnante gli hanno permesso di esplorare le implicazioni della tecnologia nella societ\u00e0 e nel mondo delle relazioni umane. \u00c8 appassionato di origami e ha realizzato mostre e corsi divulgativi. Si \u00e8 cimentato anche nella recitazione teatrale, frequentando diversi laboratori.<\/em><\/p>\n","protected":false},"excerpt":{"rendered":"<p>\u00c8 stata una conferenza sull&#8217;Intelligenza Artificiale, qualche anno fa a Bergamo, a innescare la scintilla per la trama di Anime cablate (Altrimedia Edizioni). Lo ha raccontato l&#8217;autore, Roberto Pietracito, durante la presentazione nella Ferrara Art Gallery di Matera del suo romanzo d&#8217;esordio. Una scrittura ritmata e brillante accompagna una trama in cui protagoniste sono l&#8217;Intelligenza&#8230;<\/p>\n","protected":false},"author":4,"featured_media":2326,"comment_status":"open","ping_status":"open","sticky":false,"template":"","format":"standard","meta":{"footnotes":""},"categories":[2],"tags":[588,846,1126,8],"class_list":["post-2325","post","type-post","status-publish","format-standard","has-post-thumbnail","hentry","category-magazine","tag-altrimedia-edizioni","tag-anime-cablate","tag-ferrara-art-gallery","tag-matera"],"_links":{"self":[{"href":"https:\/\/www.virtual-press.com\/newsroom\/wp-json\/wp\/v2\/posts\/2325","targetHints":{"allow":["GET"]}}],"collection":[{"href":"https:\/\/www.virtual-press.com\/newsroom\/wp-json\/wp\/v2\/posts"}],"about":[{"href":"https:\/\/www.virtual-press.com\/newsroom\/wp-json\/wp\/v2\/types\/post"}],"author":[{"embeddable":true,"href":"https:\/\/www.virtual-press.com\/newsroom\/wp-json\/wp\/v2\/users\/4"}],"replies":[{"embeddable":true,"href":"https:\/\/www.virtual-press.com\/newsroom\/wp-json\/wp\/v2\/comments?post=2325"}],"version-history":[{"count":1,"href":"https:\/\/www.virtual-press.com\/newsroom\/wp-json\/wp\/v2\/posts\/2325\/revisions"}],"predecessor-version":[{"id":2328,"href":"https:\/\/www.virtual-press.com\/newsroom\/wp-json\/wp\/v2\/posts\/2325\/revisions\/2328"}],"wp:featuredmedia":[{"embeddable":true,"href":"https:\/\/www.virtual-press.com\/newsroom\/wp-json\/wp\/v2\/media\/2326"}],"wp:attachment":[{"href":"https:\/\/www.virtual-press.com\/newsroom\/wp-json\/wp\/v2\/media?parent=2325"}],"wp:term":[{"taxonomy":"category","embeddable":true,"href":"https:\/\/www.virtual-press.com\/newsroom\/wp-json\/wp\/v2\/categories?post=2325"},{"taxonomy":"post_tag","embeddable":true,"href":"https:\/\/www.virtual-press.com\/newsroom\/wp-json\/wp\/v2\/tags?post=2325"}],"curies":[{"name":"wp","href":"https:\/\/api.w.org\/{rel}","templated":true}]}}