{"id":2427,"date":"2022-12-16T01:00:00","date_gmt":"2022-12-16T00:00:00","guid":{"rendered":"https:\/\/www.virtual-press.com\/newsroom\/?p=2427"},"modified":"2022-12-13T21:44:10","modified_gmt":"2022-12-13T20:44:10","slug":"matera-il-18-open-day-di-vedere-da-altrove-corso-di-mobile-videomaking-organizzato-dai-responsabili-di-ombre-meridiane","status":"publish","type":"post","link":"https:\/\/www.virtual-press.com\/newsroom\/matera-il-18-open-day-di-vedere-da-altrove-corso-di-mobile-videomaking-organizzato-dai-responsabili-di-ombre-meridiane\/","title":{"rendered":"Matera: il 18 Open Day di \u201cVedere da altrove\u201d, corso di mobile videomaking organizzato dai responsabili di Ombre Meridiane"},"content":{"rendered":"\n<p>Domenica 18 dicembre alle ore 11:30, presso la sede della Scuola Ombre Meridiane, in Recinto Cavone \u2013 5 a Matera, si terr\u00e0 l\u2019Open Day di \u201cVedere da altrove\u201d, corso di mobile videomaking, organizzato dai responsabili di Ombre Meridiane, Ivan Moliterni e Mariangela Tantone, insieme al regista e docente Diego Maragno.<\/p>\n\n\n\n<p>Il videomaking attraverso l\u2019impiego dei dispositivi mobili \u00e8 diventato un universo creativo adattabile a tutte le esigenze: comunicare la propria attivit\u00e0 o la propria azienda, raccontare il territorio o una storia personale, realizzare video con tecnologie accessibili, entrare nel mondo del cinema imparando gli strumenti tecnici e stilistici professionali.<\/p>\n\n\n\n<p>L\u2019appuntamento servir\u00e0 a illustrare i contenuti e i dettagli del corso (il cui inizio \u00e8 in programma a gennaio 2023), che sar\u00e0 articolato nelle tre parti di sceneggiatura, riprese e montaggio attraverso l\u2019uso dello smartphone, mezzo adoperato anche da importanti autori del panorama internazionale all\u2019interno di produzioni innovative.<\/p>\n\n\n\n<p>L\u2019ingresso \u00e8 gratuito e aperto a tutti.<\/p>\n\n\n\n<p>Per informazioni: 379 152 7785, staff@zetema.org<\/p>\n","protected":false},"excerpt":{"rendered":"<p>Domenica 18 dicembre alle ore 11:30, presso la sede della Scuola Ombre Meridiane, in Recinto Cavone \u2013 5 a Matera, si terr\u00e0 l\u2019Open Day di \u201cVedere da altrove\u201d, corso di mobile videomaking, organizzato dai responsabili di Ombre Meridiane, Ivan Moliterni e Mariangela Tantone, insieme al regista e docente Diego Maragno. Il videomaking attraverso l\u2019impiego dei&#8230;<\/p>\n","protected":false},"author":4,"featured_media":2428,"comment_status":"open","ping_status":"open","sticky":false,"template":"","format":"standard","meta":{"footnotes":""},"categories":[2],"tags":[1300,1301],"class_list":["post-2427","post","type-post","status-publish","format-standard","has-post-thumbnail","hentry","category-magazine","tag-open-day","tag-scuola-ombre-meridiane"],"_links":{"self":[{"href":"https:\/\/www.virtual-press.com\/newsroom\/wp-json\/wp\/v2\/posts\/2427","targetHints":{"allow":["GET"]}}],"collection":[{"href":"https:\/\/www.virtual-press.com\/newsroom\/wp-json\/wp\/v2\/posts"}],"about":[{"href":"https:\/\/www.virtual-press.com\/newsroom\/wp-json\/wp\/v2\/types\/post"}],"author":[{"embeddable":true,"href":"https:\/\/www.virtual-press.com\/newsroom\/wp-json\/wp\/v2\/users\/4"}],"replies":[{"embeddable":true,"href":"https:\/\/www.virtual-press.com\/newsroom\/wp-json\/wp\/v2\/comments?post=2427"}],"version-history":[{"count":1,"href":"https:\/\/www.virtual-press.com\/newsroom\/wp-json\/wp\/v2\/posts\/2427\/revisions"}],"predecessor-version":[{"id":2429,"href":"https:\/\/www.virtual-press.com\/newsroom\/wp-json\/wp\/v2\/posts\/2427\/revisions\/2429"}],"wp:featuredmedia":[{"embeddable":true,"href":"https:\/\/www.virtual-press.com\/newsroom\/wp-json\/wp\/v2\/media\/2428"}],"wp:attachment":[{"href":"https:\/\/www.virtual-press.com\/newsroom\/wp-json\/wp\/v2\/media?parent=2427"}],"wp:term":[{"taxonomy":"category","embeddable":true,"href":"https:\/\/www.virtual-press.com\/newsroom\/wp-json\/wp\/v2\/categories?post=2427"},{"taxonomy":"post_tag","embeddable":true,"href":"https:\/\/www.virtual-press.com\/newsroom\/wp-json\/wp\/v2\/tags?post=2427"}],"curies":[{"name":"wp","href":"https:\/\/api.w.org\/{rel}","templated":true}]}}