{"id":2451,"date":"2022-12-30T01:00:00","date_gmt":"2022-12-30T00:00:00","guid":{"rendered":"https:\/\/www.virtual-press.com\/newsroom\/?p=2451"},"modified":"2022-12-28T17:16:06","modified_gmt":"2022-12-28T16:16:06","slug":"capodanno-a-matera-con-il-cantautore-gigi-dalessio","status":"publish","type":"post","link":"https:\/\/www.virtual-press.com\/newsroom\/capodanno-a-matera-con-il-cantautore-gigi-dalessio\/","title":{"rendered":"Capodanno a Matera con il cantautore Gigi D&#8217;Alessio"},"content":{"rendered":"\n<p>A Matera una serie di eventi che culmineranno con il grande concerto di fine anno del cantautore Gigi D\u2019Alessio, nel parco del Castello Tramontano. L\u2019Amministrazione comunale, guidata dal sindaco Domenico Bennardi, ha voluto vivacizzare le festivit\u00e0 di fine anno con eventi per tutti i gusti, con la collaborazione artistica di Paolo Irene.<\/p>\n\n\n\n<p>Questa sera, 30 dicembre, alle ore 21 in piazza San Pio X il grande truck (tir attrezzato) di Radio Norba ospiter\u00e0 il dj set con il popolarissimo Bobo Sind. Il 31 dicembre alle ore 18 inizier\u00e0 il giro per le vie della citt\u00e0 della \u201cEuro marching band\u201d, quindi dalle ore 23 il concerto di Gigi D\u2019Alessio al parco del Castello, a cui seguir\u00e0 dopo la una il djset a cura di Radio Norba, per allungare la prima notte del nuovo anno. Durante il concerto di D\u2019Alessio, che sar\u00e0 trasmesso in diretta sull\u2019emittente Telenorba, ci saranno diverse finestre con collegamenti su Canale 5 dal palco del Capodanno di Genova,&nbsp;presentato da Federica Panicucci, regina della notte di San Silvestro firmata Mediaset. Un\u2019interessante vetrina nazionale da almeno sei milioni di visualizzazioni su Matera Capitale europea della cultura, perch\u00e9 le telecamere di Mediaset inquadreranno il parco e lo scenario della citt\u00e0, oltre al pubblico presente.<\/p>\n","protected":false},"excerpt":{"rendered":"<p>A Matera una serie di eventi che culmineranno con il grande concerto di fine anno del cantautore Gigi D\u2019Alessio, nel parco del Castello Tramontano. L\u2019Amministrazione comunale, guidata dal sindaco Domenico Bennardi, ha voluto vivacizzare le festivit\u00e0 di fine anno con eventi per tutti i gusti, con la collaborazione artistica di Paolo Irene. Questa sera, 30&#8230;<\/p>\n","protected":false},"author":4,"featured_media":2452,"comment_status":"open","ping_status":"open","sticky":false,"template":"","format":"standard","meta":{"footnotes":""},"categories":[2],"tags":[],"class_list":["post-2451","post","type-post","status-publish","format-standard","has-post-thumbnail","hentry","category-magazine"],"_links":{"self":[{"href":"https:\/\/www.virtual-press.com\/newsroom\/wp-json\/wp\/v2\/posts\/2451","targetHints":{"allow":["GET"]}}],"collection":[{"href":"https:\/\/www.virtual-press.com\/newsroom\/wp-json\/wp\/v2\/posts"}],"about":[{"href":"https:\/\/www.virtual-press.com\/newsroom\/wp-json\/wp\/v2\/types\/post"}],"author":[{"embeddable":true,"href":"https:\/\/www.virtual-press.com\/newsroom\/wp-json\/wp\/v2\/users\/4"}],"replies":[{"embeddable":true,"href":"https:\/\/www.virtual-press.com\/newsroom\/wp-json\/wp\/v2\/comments?post=2451"}],"version-history":[{"count":1,"href":"https:\/\/www.virtual-press.com\/newsroom\/wp-json\/wp\/v2\/posts\/2451\/revisions"}],"predecessor-version":[{"id":2453,"href":"https:\/\/www.virtual-press.com\/newsroom\/wp-json\/wp\/v2\/posts\/2451\/revisions\/2453"}],"wp:featuredmedia":[{"embeddable":true,"href":"https:\/\/www.virtual-press.com\/newsroom\/wp-json\/wp\/v2\/media\/2452"}],"wp:attachment":[{"href":"https:\/\/www.virtual-press.com\/newsroom\/wp-json\/wp\/v2\/media?parent=2451"}],"wp:term":[{"taxonomy":"category","embeddable":true,"href":"https:\/\/www.virtual-press.com\/newsroom\/wp-json\/wp\/v2\/categories?post=2451"},{"taxonomy":"post_tag","embeddable":true,"href":"https:\/\/www.virtual-press.com\/newsroom\/wp-json\/wp\/v2\/tags?post=2451"}],"curies":[{"name":"wp","href":"https:\/\/api.w.org\/{rel}","templated":true}]}}