{"id":2478,"date":"2023-01-20T01:00:00","date_gmt":"2023-01-20T00:00:00","guid":{"rendered":"https:\/\/www.virtual-press.com\/newsroom\/?p=2478"},"modified":"2023-01-13T12:31:40","modified_gmt":"2023-01-13T11:31:40","slug":"matera-apertura-prorogata-fino-a-sabato-21-per-la-mostra-trame-di-luce-le-opere-di-ingrid-gozzano-a-palazzo-viceconte","status":"publish","type":"post","link":"https:\/\/www.virtual-press.com\/newsroom\/matera-apertura-prorogata-fino-a-sabato-21-per-la-mostra-trame-di-luce-le-opere-di-ingrid-gozzano-a-palazzo-viceconte\/","title":{"rendered":"Matera, apertura prorogata fino a sabato 21 per la mostra \u201cTrame di luce\u201d le opere di Ingrid Gozzano a Palazzo Viceconte"},"content":{"rendered":"\n<p>Hanno affascinato un pubblico internazionale le&nbsp;<em>Trame di luce<\/em>&nbsp;di Ingrid Gozzano. Le tele sono state ammirate da oltre mille e cento visitatori che sul libro delle firme della mostra hanno testimoniato l\u2019apprezzamento per i quadri, l\u2019allestimento e la cortesia del personale. Commenti che indicano che la mostra \u00e8 stata visitata da un pubblico internazionale, proveniente da Francia, Inghilterra, Canada, Cile, America e Giappone. E anche da numerosi visitatori dall\u2019Italia, pugliesi e campani e anche provenienti da citt\u00e0 del centro e nord del Paese.<\/p>\n\n\n\n<p>Un successo di pubblico che ha convinto gli organizzatori a prolungare il periodo di apertura fino a sabato 21 gennaio. Sar\u00e0 dunque possibile visitare la personale di Ingrid Gozzano, allestita negli ipogei di Palazzo Viceconte in via San Potito n.7 a Matera, dal marted\u00ec al sabato (giorni di chiusura: domenica e luned\u00ec) dalle 16 alle 19:30.<\/p>\n\n\n\n<p>La mostra&nbsp;<em>Trame di luce<\/em>&nbsp;personale di Ingrid Gozzano \u00e8 giunta a Matera dopo l\u2019esposizione a maggio alla Galleria della Biblioteca Angelica (MiBACT) a Roma. Colori potenti, intensi, vibranti, audaci, opere ai confini fra il figurativo e l\u2019astratto dipinte fra il 2008 e il 2022 che raccontano il percorso artistico di Ingrid Gozzano.<\/p>\n\n\n\n<p>Oltre venti dipinti in cui, come scrive Costanza Barbieri curatrice della mostra a Roma, \u201cla materia-colore si rivela dapprima come elemento figurativo, identificato con lane stese al sole ad asciugare, sassi sul bordo del mare, muri dipinti, panni stesi all\u2019aria e alla luce, oggetti annotati con cura, osservati o fotografati nel corso di viaggi, di passeggiate, d\u2019improvvise rivelazioni. Queste osservazioni si sono sedimentate nell\u2019immaginazione, conservando la ricchezza cromatica, le profondit\u00e0 di tono e le sfumature, la qualit\u00e0 e la densit\u00e0 della materia, soffice o pesante, e si sono poi trasfigurate in forme autonome, dove il colore prende il sopravvento e si impone sull\u2019originario modello. Una trasfigurazione che acquista anche valenza simbolica, perch\u00e9 l\u2019astrazione crescente, nel corso degli anni, spinge a evocare nuovi contenuti, diversi da quelli originari. [\u2026] L\u2019autrice fa emergere una materia pulsante e corposa, ritmica e inquieta, che va molto oltre lo spunto iniziale: \u00e8 possibile cambiare registro, migrare dal figurativo all\u2019informale e viceversa. [\u2026]\u201d (estratto dal testo critico di Costanza Barbieri)<\/p>\n\n\n\n<p>Ingrid Gozzano, figlia del neurologo Mario Gozzano, giunge alla pittura dopo una vita dedicata alla famiglia e al suo lavoro di psichiatra dell\u2019et\u00e0 evolutiva.<\/p>\n\n\n\n<p>Organizzata e promossa da Palazzo Viceconte\/Cultura e con il patrocinio artistico della Fondazione SoutHeritage per l\u2019arte contemporanea, la mostra&nbsp;<em>Trame di luce \u2013 personale di Ingrid Gozzano&nbsp;<\/em>sar\u00e0 aperta al pubblico \u2013 con ingresso libero \u2013 fino al 21 gennaio 2023. Sar\u00e0 possibile visitarla dal marted\u00ec al sabato, dalle 16:00 alle 19:30, giorni di chiusura la domenica e il luned\u00ec.<\/p>\n\n\n\n<p><em>Note biografiche:<\/em><\/p>\n\n\n\n<p>Ingrid Gozzano, figlia del neurologo Mario Gozzano, \u00e8 cresciuta in un ambiente ricco di stimoli artistici e scientifici. Il bello era ovunque e rappresentava per lei una condizione naturale in cui muoversi. Attirata da tante passioni diverse, sceglie di sposarsi giovanissima per riprendere gli studi un decennio pi\u00f9 tardi. Laureatasi in Medicina \u2013 Psichiatra dell\u2019et\u00e0 evolutiva, ha contemporaneamente approfondito i suoi studi sulla psicoanalisi che tuttora rappresentano la terra dalla quale si sente sostenuta nella folta trama di rapporti umani e artistici. Solo negli ultimi decenni Ingrid ha dato ascolto alle sue esperienze trasponendole nelle sue opere.<\/p>\n\n\n\n<p><em>Informazioni:<\/em><\/p>\n\n\n\n<p>Organizzata e promossa da&nbsp;<strong>Palazzo Viceconte \/ Cultura<\/strong><\/p>\n\n\n\n<p><strong><em><u>Trame di luce \u2013 personale di Ingrid Gozzano<\/u><\/em><\/strong><\/p>\n\n\n\n<p><em>La mostra \u00e8 allestita negli Ipogei di Palazzo Viceconte in via San Potito n.7 \u2013 Matera<\/em><\/p>\n\n\n\n<p><em>Apertura al pubblico&nbsp;<\/em>prorogata fino a sabato 21 gennaio 2023<em>.<\/em><\/p>\n\n\n\n<p><strong><em><u>Ingresso libero.<\/u><\/em><\/strong><strong><\/strong><\/p>\n\n\n\n<p><em>Giorni e<\/em><em>&nbsp;<\/em><em>Orari<\/em><em>&nbsp;<\/em>dal marted\u00ec al sabato, dalle 16:00 alle 19:30<\/p>\n\n\n\n<p><em>Giorni di chiusura<\/em>&nbsp;domenica e luned\u00ec<\/p>\n\n\n\n<p><em>Tel.<\/em>+39 0835 330 699 La mostra \u00e8 realizzata con il patrocinio artistico della&nbsp;<em>Fondazione SoutHeritage per l\u2019arte contemporanea<\/em><\/p>\n","protected":false},"excerpt":{"rendered":"<p>Hanno affascinato un pubblico internazionale le&nbsp;Trame di luce&nbsp;di Ingrid Gozzano. Le tele sono state ammirate da oltre mille e cento visitatori che sul libro delle firme della mostra hanno testimoniato l\u2019apprezzamento per i quadri, l\u2019allestimento e la cortesia del personale. Commenti che indicano che la mostra \u00e8 stata visitata da un pubblico internazionale, proveniente da&#8230;<\/p>\n","protected":false},"author":4,"featured_media":2479,"comment_status":"open","ping_status":"open","sticky":false,"template":"","format":"standard","meta":{"footnotes":""},"categories":[2],"tags":[1288,8,1289],"class_list":["post-2478","post","type-post","status-publish","format-standard","has-post-thumbnail","hentry","category-magazine","tag-ingrid-gozzano","tag-matera","tag-trame-di-luce"],"_links":{"self":[{"href":"https:\/\/www.virtual-press.com\/newsroom\/wp-json\/wp\/v2\/posts\/2478","targetHints":{"allow":["GET"]}}],"collection":[{"href":"https:\/\/www.virtual-press.com\/newsroom\/wp-json\/wp\/v2\/posts"}],"about":[{"href":"https:\/\/www.virtual-press.com\/newsroom\/wp-json\/wp\/v2\/types\/post"}],"author":[{"embeddable":true,"href":"https:\/\/www.virtual-press.com\/newsroom\/wp-json\/wp\/v2\/users\/4"}],"replies":[{"embeddable":true,"href":"https:\/\/www.virtual-press.com\/newsroom\/wp-json\/wp\/v2\/comments?post=2478"}],"version-history":[{"count":1,"href":"https:\/\/www.virtual-press.com\/newsroom\/wp-json\/wp\/v2\/posts\/2478\/revisions"}],"predecessor-version":[{"id":2480,"href":"https:\/\/www.virtual-press.com\/newsroom\/wp-json\/wp\/v2\/posts\/2478\/revisions\/2480"}],"wp:featuredmedia":[{"embeddable":true,"href":"https:\/\/www.virtual-press.com\/newsroom\/wp-json\/wp\/v2\/media\/2479"}],"wp:attachment":[{"href":"https:\/\/www.virtual-press.com\/newsroom\/wp-json\/wp\/v2\/media?parent=2478"}],"wp:term":[{"taxonomy":"category","embeddable":true,"href":"https:\/\/www.virtual-press.com\/newsroom\/wp-json\/wp\/v2\/categories?post=2478"},{"taxonomy":"post_tag","embeddable":true,"href":"https:\/\/www.virtual-press.com\/newsroom\/wp-json\/wp\/v2\/tags?post=2478"}],"curies":[{"name":"wp","href":"https:\/\/api.w.org\/{rel}","templated":true}]}}