{"id":2481,"date":"2023-01-16T01:00:00","date_gmt":"2023-01-16T00:00:00","guid":{"rendered":"https:\/\/www.virtual-press.com\/newsroom\/?p=2481"},"modified":"2023-01-12T13:04:39","modified_gmt":"2023-01-12T12:04:39","slug":"latlante-delle-emozioni-e-la-secretissima-camera-del-lo-core-mostra-nel-suggestivo-scenario-di-palazzo-acito","status":"publish","type":"post","link":"https:\/\/www.virtual-press.com\/newsroom\/latlante-delle-emozioni-e-la-secretissima-camera-del-lo-core-mostra-nel-suggestivo-scenario-di-palazzo-acito\/","title":{"rendered":"L\u2019Atlante delle emozioni e la \u201cSecretissima camera del lo core\u201d, mostra nel suggestivo scenario di Palazzo Acito"},"content":{"rendered":"\n<p>Pi\u00f9 che una semplice mostra, \u00e8 la straordinaria opportunit\u00e0 di vivere la citt\u00e0 dei Sassi attraverso le emozioni, che i suoi luoghi sono in grado di suscitare nei propri abitanti. Cos\u00ec il progetto \u201cAtlante delle emozioni delle citt\u00e0\u201d, legato a Matera 2019 e realizzato dall\u2019associazione \u201cTeatro dei Sassi\u201d in co-produzione con l\u2019Amministrazione comunale, si rilancia con la mostra allestita nel suggestivo Palazzo Acito, cuore del Sasso Barisano. Una location pi\u00f9 dedicata, versatile ed esclusiva rispetto alla biblioteca provinciale, che ha visto i natali di questa interessante sperimentazione. Un modo originale di vivere e rivivere la citt\u00e0, i cui risultati sono stati raccontati nei giorni scorsi in una conferenza stampa presso la sala \u201cMandela\u201d del municipio, da Massimo Lanzetta e Luciana Paolicelli, con il sindaco Domenico Bennardi e l\u2019assessore alla Cultura Tiziana D\u2019Oppido. L\u2019atlante delle emozioni si concretizza nella \u201cSecretissima camera de lo core\u201d, un viaggio intimo, personale ed unico, che ha gi\u00e0 affascinato migliaia di visitatori, compreso l\u2019attuale sindaco, che quando era ancora un semplice cittadino ha realizzato la sua mappa emozionale con la famiglia. \u201c\u00c8 la prima volta che ho a che fare con qualcosa che non \u00e8 solo arte, ma emozioni. -hanno commentato Bennardi e D\u2019Oppido- Siete stati geniali, perch\u00e9 questa nasce come una legacy di Matera 2019, che ci parla di umanit\u00e0. Solitamente si tende a nascondere le proprie emozioni, ma la vostra mostra le fa emergere in tutta la loro potenza. Come amministratori comunali, ci sentiamo di dire che questo progetto \u00e8 da considerarsi in tutto e per tutto un potente attrattore turistico, oltre che un importante arricchimento per i cittadini, con valore storico, antropologico e culturale legato alla loro identit\u00e0\u201d. Lanzetta ha parlato dell\u2019atlante come di: \u201cUn prodotto innovativo votato alla permanenza nel tempo, perch\u00e9 si apre a un\u2019immersione senza precedenti nel cuore degli abitanti. Una mostra open -ha rimarcato- che si potr\u00e0 sempre alimentare ed arricchire; penso a laboratori creativi, rispetto ai quali palazzo Acito sarebbe perfetto. Siamo partiti da una visita di 45 minuti -ha concluso- notando che gli ospiti si trattenevano oltre, e molti ritornavano ancora pi\u00f9 volte\u201d. Paolicelli ha sottolineato di aver conosciuto la citt\u00e0 meglio attraverso gli occhi dei suoi visitatori, \u201cche -ha detto- sono capaci di stupirsi meglio di noi. Abbiamo visitato con le nostre scatole le case di 400 cittadini, tutti autori delle loro mappe emozionali legate ai luoghi cari, scoprendo particolari sorprendenti ed unici. Questo \u00e8 un modello che funziona, e si potrebbe esportare ovunque\u201d. Il nuovo allestimento, firmato dallo scenografo Marco Guarrera, \u00e8 fedele in tutto e per tutto a quello originario ideato da Stefano Faravelli e realizzato dal compianto Paolo Baroni, a cui \u00e8 dedicata una inedita sala specifica.<\/p>\n","protected":false},"excerpt":{"rendered":"<p>Pi\u00f9 che una semplice mostra, \u00e8 la straordinaria opportunit\u00e0 di vivere la citt\u00e0 dei Sassi attraverso le emozioni, che i suoi luoghi sono in grado di suscitare nei propri abitanti. Cos\u00ec il progetto \u201cAtlante delle emozioni delle citt\u00e0\u201d, legato a Matera 2019 e realizzato dall\u2019associazione \u201cTeatro dei Sassi\u201d in co-produzione con l\u2019Amministrazione comunale, si rilancia&#8230;<\/p>\n","protected":false},"author":4,"featured_media":2482,"comment_status":"open","ping_status":"open","sticky":false,"template":"","format":"standard","meta":{"footnotes":""},"categories":[2],"tags":[1312,8,1313,1314],"class_list":["post-2481","post","type-post","status-publish","format-standard","has-post-thumbnail","hentry","category-magazine","tag-atlante-delle-emozioni","tag-matera","tag-palazzo-acito","tag-teatro-dei-sassi"],"_links":{"self":[{"href":"https:\/\/www.virtual-press.com\/newsroom\/wp-json\/wp\/v2\/posts\/2481","targetHints":{"allow":["GET"]}}],"collection":[{"href":"https:\/\/www.virtual-press.com\/newsroom\/wp-json\/wp\/v2\/posts"}],"about":[{"href":"https:\/\/www.virtual-press.com\/newsroom\/wp-json\/wp\/v2\/types\/post"}],"author":[{"embeddable":true,"href":"https:\/\/www.virtual-press.com\/newsroom\/wp-json\/wp\/v2\/users\/4"}],"replies":[{"embeddable":true,"href":"https:\/\/www.virtual-press.com\/newsroom\/wp-json\/wp\/v2\/comments?post=2481"}],"version-history":[{"count":1,"href":"https:\/\/www.virtual-press.com\/newsroom\/wp-json\/wp\/v2\/posts\/2481\/revisions"}],"predecessor-version":[{"id":2483,"href":"https:\/\/www.virtual-press.com\/newsroom\/wp-json\/wp\/v2\/posts\/2481\/revisions\/2483"}],"wp:featuredmedia":[{"embeddable":true,"href":"https:\/\/www.virtual-press.com\/newsroom\/wp-json\/wp\/v2\/media\/2482"}],"wp:attachment":[{"href":"https:\/\/www.virtual-press.com\/newsroom\/wp-json\/wp\/v2\/media?parent=2481"}],"wp:term":[{"taxonomy":"category","embeddable":true,"href":"https:\/\/www.virtual-press.com\/newsroom\/wp-json\/wp\/v2\/categories?post=2481"},{"taxonomy":"post_tag","embeddable":true,"href":"https:\/\/www.virtual-press.com\/newsroom\/wp-json\/wp\/v2\/tags?post=2481"}],"curies":[{"name":"wp","href":"https:\/\/api.w.org\/{rel}","templated":true}]}}