{"id":2541,"date":"2023-02-06T01:00:00","date_gmt":"2023-02-06T00:00:00","guid":{"rendered":"https:\/\/www.virtual-press.com\/newsroom\/?p=2541"},"modified":"2023-02-05T15:10:57","modified_gmt":"2023-02-05T14:10:57","slug":"a-pisticci-lazione-cattolica-in-marcia-per-la-pace","status":"publish","type":"post","link":"https:\/\/www.virtual-press.com\/newsroom\/a-pisticci-lazione-cattolica-in-marcia-per-la-pace\/","title":{"rendered":"A Pisticci l&#8217;Azione Cattolica in marcia per la Pace"},"content":{"rendered":"\n<figure class=\"wp-block-gallery has-nested-images columns-default is-cropped wp-block-gallery-1 is-layout-flex wp-block-gallery-is-layout-flex\">\n<figure class=\"wp-block-image size-large\"><img loading=\"lazy\" decoding=\"async\" width=\"768\" height=\"1024\" data-id=\"2548\" src=\"https:\/\/www.virtual-press.com\/newsroom\/wp-content\/uploads\/2023\/02\/Pisticci-marcia-per-la-pace6-768x1024.jpg\" alt=\"\" class=\"wp-image-2548\" srcset=\"https:\/\/www.virtual-press.com\/newsroom\/wp-content\/uploads\/2023\/02\/Pisticci-marcia-per-la-pace6-768x1024.jpg 768w, https:\/\/www.virtual-press.com\/newsroom\/wp-content\/uploads\/2023\/02\/Pisticci-marcia-per-la-pace6-225x300.jpg 225w, https:\/\/www.virtual-press.com\/newsroom\/wp-content\/uploads\/2023\/02\/Pisticci-marcia-per-la-pace6-1152x1536.jpg 1152w, https:\/\/www.virtual-press.com\/newsroom\/wp-content\/uploads\/2023\/02\/Pisticci-marcia-per-la-pace6-300x400.jpg 300w, https:\/\/www.virtual-press.com\/newsroom\/wp-content\/uploads\/2023\/02\/Pisticci-marcia-per-la-pace6-850x1133.jpg 850w, https:\/\/www.virtual-press.com\/newsroom\/wp-content\/uploads\/2023\/02\/Pisticci-marcia-per-la-pace6.jpg 1200w\" sizes=\"auto, (max-width: 768px) 100vw, 768px\" \/><\/figure>\n\n\n\n<figure class=\"wp-block-image size-large\"><img loading=\"lazy\" decoding=\"async\" width=\"768\" height=\"1024\" data-id=\"2547\" src=\"https:\/\/www.virtual-press.com\/newsroom\/wp-content\/uploads\/2023\/02\/Pisticci-marcia-per-la-pace-768x1024.jpg\" alt=\"\" class=\"wp-image-2547\" srcset=\"https:\/\/www.virtual-press.com\/newsroom\/wp-content\/uploads\/2023\/02\/Pisticci-marcia-per-la-pace-768x1024.jpg 768w, https:\/\/www.virtual-press.com\/newsroom\/wp-content\/uploads\/2023\/02\/Pisticci-marcia-per-la-pace-225x300.jpg 225w, https:\/\/www.virtual-press.com\/newsroom\/wp-content\/uploads\/2023\/02\/Pisticci-marcia-per-la-pace-1152x1536.jpg 1152w, https:\/\/www.virtual-press.com\/newsroom\/wp-content\/uploads\/2023\/02\/Pisticci-marcia-per-la-pace-300x400.jpg 300w, https:\/\/www.virtual-press.com\/newsroom\/wp-content\/uploads\/2023\/02\/Pisticci-marcia-per-la-pace-850x1133.jpg 850w, https:\/\/www.virtual-press.com\/newsroom\/wp-content\/uploads\/2023\/02\/Pisticci-marcia-per-la-pace.jpg 1200w\" sizes=\"auto, (max-width: 768px) 100vw, 768px\" \/><\/figure>\n\n\n\n<figure class=\"wp-block-image size-large\"><img loading=\"lazy\" decoding=\"async\" width=\"768\" height=\"1024\" data-id=\"2545\" src=\"https:\/\/www.virtual-press.com\/newsroom\/wp-content\/uploads\/2023\/02\/Pisticci-marcia-per-la-pace2-768x1024.jpg\" alt=\"\" class=\"wp-image-2545\" srcset=\"https:\/\/www.virtual-press.com\/newsroom\/wp-content\/uploads\/2023\/02\/Pisticci-marcia-per-la-pace2-768x1024.jpg 768w, https:\/\/www.virtual-press.com\/newsroom\/wp-content\/uploads\/2023\/02\/Pisticci-marcia-per-la-pace2-225x300.jpg 225w, https:\/\/www.virtual-press.com\/newsroom\/wp-content\/uploads\/2023\/02\/Pisticci-marcia-per-la-pace2-1152x1536.jpg 1152w, https:\/\/www.virtual-press.com\/newsroom\/wp-content\/uploads\/2023\/02\/Pisticci-marcia-per-la-pace2-300x400.jpg 300w, https:\/\/www.virtual-press.com\/newsroom\/wp-content\/uploads\/2023\/02\/Pisticci-marcia-per-la-pace2-850x1133.jpg 850w, https:\/\/www.virtual-press.com\/newsroom\/wp-content\/uploads\/2023\/02\/Pisticci-marcia-per-la-pace2.jpg 1200w\" sizes=\"auto, (max-width: 768px) 100vw, 768px\" \/><\/figure>\n\n\n\n<figure class=\"wp-block-image size-large\"><img loading=\"lazy\" decoding=\"async\" width=\"768\" height=\"1024\" data-id=\"2544\" src=\"https:\/\/www.virtual-press.com\/newsroom\/wp-content\/uploads\/2023\/02\/Pisticci-marcia-per-la-pace1-768x1024.jpg\" alt=\"\" class=\"wp-image-2544\" srcset=\"https:\/\/www.virtual-press.com\/newsroom\/wp-content\/uploads\/2023\/02\/Pisticci-marcia-per-la-pace1-768x1024.jpg 768w, https:\/\/www.virtual-press.com\/newsroom\/wp-content\/uploads\/2023\/02\/Pisticci-marcia-per-la-pace1-225x300.jpg 225w, https:\/\/www.virtual-press.com\/newsroom\/wp-content\/uploads\/2023\/02\/Pisticci-marcia-per-la-pace1-1152x1536.jpg 1152w, https:\/\/www.virtual-press.com\/newsroom\/wp-content\/uploads\/2023\/02\/Pisticci-marcia-per-la-pace1-300x400.jpg 300w, https:\/\/www.virtual-press.com\/newsroom\/wp-content\/uploads\/2023\/02\/Pisticci-marcia-per-la-pace1-850x1133.jpg 850w, https:\/\/www.virtual-press.com\/newsroom\/wp-content\/uploads\/2023\/02\/Pisticci-marcia-per-la-pace1.jpg 1200w\" sizes=\"auto, (max-width: 768px) 100vw, 768px\" \/><\/figure>\n\n\n\n<figure class=\"wp-block-image size-large\"><img loading=\"lazy\" decoding=\"async\" width=\"1024\" height=\"768\" data-id=\"2542\" src=\"https:\/\/www.virtual-press.com\/newsroom\/wp-content\/uploads\/2023\/02\/Pisticci-marcia-per-la-pace3-1024x768.jpg\" alt=\"\" class=\"wp-image-2542\" srcset=\"https:\/\/www.virtual-press.com\/newsroom\/wp-content\/uploads\/2023\/02\/Pisticci-marcia-per-la-pace3-1024x768.jpg 1024w, https:\/\/www.virtual-press.com\/newsroom\/wp-content\/uploads\/2023\/02\/Pisticci-marcia-per-la-pace3-300x225.jpg 300w, https:\/\/www.virtual-press.com\/newsroom\/wp-content\/uploads\/2023\/02\/Pisticci-marcia-per-la-pace3-768x576.jpg 768w, https:\/\/www.virtual-press.com\/newsroom\/wp-content\/uploads\/2023\/02\/Pisticci-marcia-per-la-pace3-1536x1152.jpg 1536w, https:\/\/www.virtual-press.com\/newsroom\/wp-content\/uploads\/2023\/02\/Pisticci-marcia-per-la-pace3-850x638.jpg 850w, https:\/\/www.virtual-press.com\/newsroom\/wp-content\/uploads\/2023\/02\/Pisticci-marcia-per-la-pace3.jpg 1600w\" sizes=\"auto, (max-width: 1024px) 100vw, 1024px\" \/><\/figure>\n\n\n\n<figure class=\"wp-block-image size-large\"><img loading=\"lazy\" decoding=\"async\" width=\"1024\" height=\"768\" data-id=\"2543\" src=\"https:\/\/www.virtual-press.com\/newsroom\/wp-content\/uploads\/2023\/02\/Pisticci-marcia-per-la-pace5-1024x768.jpg\" alt=\"\" class=\"wp-image-2543\" srcset=\"https:\/\/www.virtual-press.com\/newsroom\/wp-content\/uploads\/2023\/02\/Pisticci-marcia-per-la-pace5-1024x768.jpg 1024w, https:\/\/www.virtual-press.com\/newsroom\/wp-content\/uploads\/2023\/02\/Pisticci-marcia-per-la-pace5-300x225.jpg 300w, https:\/\/www.virtual-press.com\/newsroom\/wp-content\/uploads\/2023\/02\/Pisticci-marcia-per-la-pace5-768x576.jpg 768w, https:\/\/www.virtual-press.com\/newsroom\/wp-content\/uploads\/2023\/02\/Pisticci-marcia-per-la-pace5-1536x1152.jpg 1536w, https:\/\/www.virtual-press.com\/newsroom\/wp-content\/uploads\/2023\/02\/Pisticci-marcia-per-la-pace5-850x638.jpg 850w, https:\/\/www.virtual-press.com\/newsroom\/wp-content\/uploads\/2023\/02\/Pisticci-marcia-per-la-pace5.jpg 2000w\" sizes=\"auto, (max-width: 1024px) 100vw, 1024px\" \/><\/figure>\n\n\n\n<figure class=\"wp-block-image size-large\"><img loading=\"lazy\" decoding=\"async\" width=\"720\" height=\"380\" data-id=\"2549\" src=\"https:\/\/www.virtual-press.com\/newsroom\/wp-content\/uploads\/2023\/02\/Pisticci-marcia-per-la-pace7.jpg\" alt=\"\" class=\"wp-image-2549\" srcset=\"https:\/\/www.virtual-press.com\/newsroom\/wp-content\/uploads\/2023\/02\/Pisticci-marcia-per-la-pace7.jpg 720w, https:\/\/www.virtual-press.com\/newsroom\/wp-content\/uploads\/2023\/02\/Pisticci-marcia-per-la-pace7-300x158.jpg 300w\" sizes=\"auto, (max-width: 720px) 100vw, 720px\" \/><\/figure>\n<\/figure>\n\n\n\n<p><\/p>\n\n\n\n<p>&#8220;La pace non \u00e8 impossibile e noi tutti da quando siamo bambini a quando saremo adulti siamo e saremo chiamati a scendere in campo per affrontare la partita della pace e vincerla. Non siamo chiamati a stare in panchina cos\u00ec, tranquilli, ad aspettare che la quiete scenda dal cielo. Don Tonino Bello diceva: \u201cOccorre forse una rivoluzione di mentalit\u00e0 per capire che la pace non \u00e8 un dato ma una conquista\u201d. La pace non \u00e8 un nastro di partenza ma uno striscione d\u2019arrivo e quindi ci tocca correre ed \u00e8 urgente farlo, \u00e8 urgente la pace ed \u00e8 necessario che tutti noi ci mettiamo in moto. D\u2019altronde siamo Azione Cattolica: siamo chiamati ad agire e siamo Chiesa cattolica, quindi portatori di una buona notizia.<\/p>\n\n\n\n<p>Come dice Papa Francesco il nostro mondo non \u00e8 \u201cme ne frego\u201d ma \u201cmi interessa\u201d.\u201d<\/p>\n\n\n\n<p>In questo messaggio di un\u2019educatrice dell\u2019Azione Cattolica \u00e8 racchiuso il senso della Marcia della Pace diocesana che si \u00e8 svolta ieri mattina a Pisticci. Bambini e ragazzi dopo alcune attivit\u00e0 con gli animatori hanno partecipato alla Marcia della Pace. Prima di rientrare, hanno preso parte alla Santa Messa nella chiesa della Madonna del Casale.<\/p>\n\n\n\n<p class=\"has-text-align-right\"><strong>Rossella Montemurro<\/strong><\/p>\n","protected":false},"excerpt":{"rendered":"<p>&#8220;La pace non \u00e8 impossibile e noi tutti da quando siamo bambini a quando saremo adulti siamo e saremo chiamati a scendere in campo per affrontare la partita della pace e vincerla. Non siamo chiamati a stare in panchina cos\u00ec, tranquilli, ad aspettare che la quiete scenda dal cielo. Don Tonino Bello diceva: \u201cOccorre forse&#8230;<\/p>\n","protected":false},"author":4,"featured_media":2546,"comment_status":"open","ping_status":"open","sticky":false,"template":"","format":"standard","meta":{"footnotes":""},"categories":[2],"tags":[1339,182],"class_list":["post-2541","post","type-post","status-publish","format-standard","has-post-thumbnail","hentry","category-magazine","tag-azione-cattolica","tag-pisticci"],"_links":{"self":[{"href":"https:\/\/www.virtual-press.com\/newsroom\/wp-json\/wp\/v2\/posts\/2541","targetHints":{"allow":["GET"]}}],"collection":[{"href":"https:\/\/www.virtual-press.com\/newsroom\/wp-json\/wp\/v2\/posts"}],"about":[{"href":"https:\/\/www.virtual-press.com\/newsroom\/wp-json\/wp\/v2\/types\/post"}],"author":[{"embeddable":true,"href":"https:\/\/www.virtual-press.com\/newsroom\/wp-json\/wp\/v2\/users\/4"}],"replies":[{"embeddable":true,"href":"https:\/\/www.virtual-press.com\/newsroom\/wp-json\/wp\/v2\/comments?post=2541"}],"version-history":[{"count":1,"href":"https:\/\/www.virtual-press.com\/newsroom\/wp-json\/wp\/v2\/posts\/2541\/revisions"}],"predecessor-version":[{"id":2550,"href":"https:\/\/www.virtual-press.com\/newsroom\/wp-json\/wp\/v2\/posts\/2541\/revisions\/2550"}],"wp:featuredmedia":[{"embeddable":true,"href":"https:\/\/www.virtual-press.com\/newsroom\/wp-json\/wp\/v2\/media\/2546"}],"wp:attachment":[{"href":"https:\/\/www.virtual-press.com\/newsroom\/wp-json\/wp\/v2\/media?parent=2541"}],"wp:term":[{"taxonomy":"category","embeddable":true,"href":"https:\/\/www.virtual-press.com\/newsroom\/wp-json\/wp\/v2\/categories?post=2541"},{"taxonomy":"post_tag","embeddable":true,"href":"https:\/\/www.virtual-press.com\/newsroom\/wp-json\/wp\/v2\/tags?post=2541"}],"curies":[{"name":"wp","href":"https:\/\/api.w.org\/{rel}","templated":true}]}}