{"id":2551,"date":"2023-02-10T01:00:00","date_gmt":"2023-02-10T00:00:00","guid":{"rendered":"https:\/\/www.virtual-press.com\/newsroom\/?p=2551"},"modified":"2023-02-06T09:54:48","modified_gmt":"2023-02-06T08:54:48","slug":"il-dolore-delle-foglie-poesie-di-antonella-radogna-e-immagini-di-nicola-cavallo-presentazione-oggi-pomeriggio-a-matera","status":"publish","type":"post","link":"https:\/\/www.virtual-press.com\/newsroom\/il-dolore-delle-foglie-poesie-di-antonella-radogna-e-immagini-di-nicola-cavallo-presentazione-oggi-pomeriggio-a-matera\/","title":{"rendered":"&#8220;Il dolore delle foglie&#8221;,\u00a0poesie di Antonella Radogna e immagini di Nicola Cavallo Presentazione oggi pomeriggio a Matera"},"content":{"rendered":"\n<p>Sar\u00e0 presentato oggi, venerd\u00ec 10 febbraio, alle 18 a Matera presso Casa Cava (via San Pietro Barisano) il libro\u00a0<em>Il dolore delle foglie<\/em>\u00a0(Altrimedia Edizioni, introduzione di Maria Teresa Imbriani) con poesie di Antonella Radogna e immagini di Nicola Cavallo. Insieme agli autori interverr\u00e0 Maria Teresa Imbriani. La serata sar\u00e0 moderata da Gabriella Lanzillotta, direttrice editoriale di Altrimedia Edizioni.<\/p>\n\n\n\n<p>La natura in tutte le sue forme, declinata nella quotidianit\u00e0, ammirata, presa in prestito come modello, amata. E poi gli scatti, che vanno di pari passo con i versi, diventando essi stessi liriche: le poesie di Antonella Radogna si legano alle foto di Nicola Cavallo offrendo un&nbsp;<em>unicum<\/em>&nbsp;di lirismo.<\/p>\n\n\n\n<p>&#8220;Poesie e immagini, nella loro essenzialit\u00e0 elementare, si alternano e si muovono con coerenza e reciprocit\u00e0, in una sequenza logica e irrinunciabile, in un discorso in cui domina l\u2019attenzione al particolare, l\u2019invito a non distrarsi. \u2013 scrive nella prefazione la Imbriani \u2013 L\u2019uomo \u00e8 chiamato non solo a inserirsi, come una creatura, nell\u2019ordine naturale del cosmo, ma \u00e8 invitato alla sua responsabilit\u00e0 di ritornare a essere tutt\u2019uno con la Natura.&#8221;<\/p>\n\n\n\n<p><em>Il dolore delle foglie<\/em>&nbsp;\u00e8 un&#8217;opera delicata e intimista, poesie quasi sussurrate e immagini in bianco e nero che stridono ed entrano in contrasto con il caos della routine.<\/p>\n\n\n\n<p>Da&nbsp;<em>Cammino con la mia ombra scucita sul terreno<\/em>: &#8220;Cammino con la mia ombra scucita sul terreno \/ e le gambe che vacillano \/ di una danza lenta di polvere e foglie \/ in un tutto di esseri e vuoti vivi \/ nella luce che penetra \/ e gioca con i chiaroscuri nell\u2019aria&#8221;.<\/p>\n\n\n\n<p><em>Antonella Radogna \u00e8 nata a Matera, dove vive. Laureata in Letteratura Inglese e Tedesca e in Scienze Psicologiche, insegna Lingua e Letteratura Inglese presso il Liceo \u201cDuni-Levi\u201d di Matera. Ha pubblicato traduzioni per riviste americane e diversi saggi tra cui quello su Edgar Morin per Rubbettino Editore. Alcune sue opere sono state tradotte in inglese, francese, tedesco, spagnolo e rumeno. Le sue poesie hanno vinto numerosi premi e sono apparse su varie antologie e riviste nazionali e internazionali. Si \u00e8 formata, in ambito teatrale, presso il Piccolo Teatro di Milano.<\/em><\/p>\n\n\n\n<p><em>Nicola Cavallo \u00e8 nato a Salerno, si \u00e8 laureato presso l&#8217;Universit\u00e0 degli Studi di Napoli \u201cFederico II\u201d e, successivamente, ha conseguito il Diploma di Perfezionamento in Scienze Fisiche e Cibernetiche. \u00c8 Professore Ordinario di Fisica Sperimentale presso il Dipartimento di Scienze dell&#8217;Universit\u00e0 degli studi della Basilicata. Ha partecipato a esperimenti internazionali a Stanford e al CERN di Ginevra. Attualmente \u00e8 Prorettore con delega al Public and Social Engagement dello stesso Ateneo.<\/em><\/p>\n","protected":false},"excerpt":{"rendered":"<p>Sar\u00e0 presentato oggi, venerd\u00ec 10 febbraio, alle 18 a Matera presso Casa Cava (via San Pietro Barisano) il libro\u00a0Il dolore delle foglie\u00a0(Altrimedia Edizioni, introduzione di Maria Teresa Imbriani) con poesie di Antonella Radogna e immagini di Nicola Cavallo. Insieme agli autori interverr\u00e0 Maria Teresa Imbriani. La serata sar\u00e0 moderata da Gabriella Lanzillotta, direttrice editoriale di&#8230;<\/p>\n","protected":false},"author":4,"featured_media":2552,"comment_status":"open","ping_status":"open","sticky":false,"template":"","format":"standard","meta":{"footnotes":""},"categories":[2],"tags":[1340,1342,1344,8,1341,1343],"class_list":["post-2551","post","type-post","status-publish","format-standard","has-post-thumbnail","hentry","category-magazine","tag-antonella-radogna","tag-il-dolore-delle-foglie","tag-immagini","tag-matera","tag-nicola-cavallo","tag-poesie"],"_links":{"self":[{"href":"https:\/\/www.virtual-press.com\/newsroom\/wp-json\/wp\/v2\/posts\/2551","targetHints":{"allow":["GET"]}}],"collection":[{"href":"https:\/\/www.virtual-press.com\/newsroom\/wp-json\/wp\/v2\/posts"}],"about":[{"href":"https:\/\/www.virtual-press.com\/newsroom\/wp-json\/wp\/v2\/types\/post"}],"author":[{"embeddable":true,"href":"https:\/\/www.virtual-press.com\/newsroom\/wp-json\/wp\/v2\/users\/4"}],"replies":[{"embeddable":true,"href":"https:\/\/www.virtual-press.com\/newsroom\/wp-json\/wp\/v2\/comments?post=2551"}],"version-history":[{"count":1,"href":"https:\/\/www.virtual-press.com\/newsroom\/wp-json\/wp\/v2\/posts\/2551\/revisions"}],"predecessor-version":[{"id":2553,"href":"https:\/\/www.virtual-press.com\/newsroom\/wp-json\/wp\/v2\/posts\/2551\/revisions\/2553"}],"wp:featuredmedia":[{"embeddable":true,"href":"https:\/\/www.virtual-press.com\/newsroom\/wp-json\/wp\/v2\/media\/2552"}],"wp:attachment":[{"href":"https:\/\/www.virtual-press.com\/newsroom\/wp-json\/wp\/v2\/media?parent=2551"}],"wp:term":[{"taxonomy":"category","embeddable":true,"href":"https:\/\/www.virtual-press.com\/newsroom\/wp-json\/wp\/v2\/categories?post=2551"},{"taxonomy":"post_tag","embeddable":true,"href":"https:\/\/www.virtual-press.com\/newsroom\/wp-json\/wp\/v2\/tags?post=2551"}],"curies":[{"name":"wp","href":"https:\/\/api.w.org\/{rel}","templated":true}]}}