{"id":2554,"date":"2023-02-15T01:00:00","date_gmt":"2023-02-15T00:00:00","guid":{"rendered":"https:\/\/www.virtual-press.com\/newsroom\/?p=2554"},"modified":"2023-02-06T14:54:10","modified_gmt":"2023-02-06T13:54:10","slug":"matera-in-partenza-il-ciclo-di-eventi-aperti-al-pubblico-la-materia-delle-immagini-racconti-di-una-citta-viva","status":"publish","type":"post","link":"https:\/\/www.virtual-press.com\/newsroom\/matera-in-partenza-il-ciclo-di-eventi-aperti-al-pubblico-la-materia-delle-immagini-racconti-di-una-citta-viva\/","title":{"rendered":"Matera, in partenza il ciclo di eventi aperti al pubblico \u201cLa Mater(i)a delle immagini: racconti di una citt\u00e0 viva\u201d"},"content":{"rendered":"\n<p>\u00c8 in programma oggi, 15 febbraio, l\u2019avvio delle attivit\u00e0 di \u201cLa Mater(i)a delle immagini: racconti di una citt\u00e0 viva\u201d, ciclo di eventi aperti al pubblico organizzato dalla Fondazione Z\u00e9tema con il patrocinio della Citt\u00e0 di Matera.<\/p>\n\n\n\n<p>Un calendario molto ricco che ha come obiettivo la valorizzazione e promozione del patrimonio culturale, materiale e immateriale, e prevede appuntamenti rivolti sia alla comunit\u00e0 sia ai visitatori.<\/p>\n\n\n\n<p>Dal 15 febbraio al 3 marzo 2023, a Palazzo Pomarici (Recinto Cavone, 5), presso la Scuola Ombre Meridiane, si svolger\u00e0 il ciclo di incontri, a cura di Ivan Moliterni, \u201cIl cinema racconta Matera\u201d dedicato ai registi che hanno scelto la Citt\u00e0 dei Sassi come set dove ambientare le proprie opere. L\u2019evento vedr\u00e0 la partecipazione del prof. Giuseppe Palmieri, membro del Grupo de Investigaci\u00f3n Meridies dell\u2019Universit\u00e0 di Cordoba. Nello stesso periodo e nelle stesse aule di Palazzo Pomarici, il sabato e la domenica (18, 19, 25 e 26 febbraio 2023) si realizzeranno i laboratori creativi per bambini e ragazzi \u201cLa citt\u00e0 infinta\u201d, a cura di Mariangela Tantone, durante i quali l\u2019arte e le immagini del nostro patrimonio culturale, ispireranno la creativit\u00e0 e la fantasia del pubblico giovane.<\/p>\n\n\n\n<p>Evento centrale del progetto \u00e8 la masterclass di fotografia \u201cGuardare il tempo\u201d che, dal 4 al 12 marzo 2023, animer\u00e0 le aule di Palazzo Pomarici con attivit\u00e0 formative e uscite didattiche. La masterclass, a cura del fotografo e docente Alessandro Ghirelli, si focalizzer\u00e0 sulle tecniche della street photography e della fotografia documentaristica per raccontare, attraverso un progetto fotografico realizzato nei quartieri di Matera nati progressivamente dopo lo sfollamento dei Rioni Sassi, i luoghi della citt\u00e0 anche pi\u00f9 periferici entrando in contatto con il vissuto della comunit\u00e0.<\/p>\n\n\n\n<p>Il percorso didattico si concretizzer\u00e0 nell\u2019allestimento di una mostra diffusa, aperta dal 17 marzo al 30 aprile 2023, presso alcune strutture ricettive del territorio.<\/p>\n\n\n\n<p>L\u2019esposizione permetter\u00e0 ai cittadini e ai turisti di ammirare gli scatti effettuati nei quartieri materani dai partecipanti alla masterclass e di interagire attivamente per votare la fotografia preferita su una pagina Instagram dedicata.<\/p>\n\n\n\n<p>Tutti gli eventi sono a libero accesso e gratuiti, fino a esaurimento posti.<\/p>\n\n\n\n<p>Il calendario completo con date, orari e luoghi \u00e8 consultabile al link: <a href=\"https:\/\/www.zetema.org\/2023\/02\/06\/la-materia-delle-immagini-racconti-di-una-citta-viva\/\">https:\/\/www.zetema.org\/2023\/02\/06\/la-materia-delle-immagini-racconti-di-una-citta-viva\/<\/a><\/p>\n\n\n\n<p>e su Matera Welcome, nella sezione Eventi, piattaforma del Comune di Matera che patrocina l\u2019iniziativa.<\/p>\n","protected":false},"excerpt":{"rendered":"<p>\u00c8 in programma oggi, 15 febbraio, l\u2019avvio delle attivit\u00e0 di \u201cLa Mater(i)a delle immagini: racconti di una citt\u00e0 viva\u201d, ciclo di eventi aperti al pubblico organizzato dalla Fondazione Z\u00e9tema con il patrocinio della Citt\u00e0 di Matera. Un calendario molto ricco che ha come obiettivo la valorizzazione e promozione del patrimonio culturale, materiale e immateriale, e&#8230;<\/p>\n","protected":false},"author":4,"featured_media":2555,"comment_status":"open","ping_status":"open","sticky":false,"template":"","format":"standard","meta":{"footnotes":""},"categories":[2],"tags":[8,1301],"class_list":["post-2554","post","type-post","status-publish","format-standard","has-post-thumbnail","hentry","category-magazine","tag-matera","tag-scuola-ombre-meridiane"],"_links":{"self":[{"href":"https:\/\/www.virtual-press.com\/newsroom\/wp-json\/wp\/v2\/posts\/2554","targetHints":{"allow":["GET"]}}],"collection":[{"href":"https:\/\/www.virtual-press.com\/newsroom\/wp-json\/wp\/v2\/posts"}],"about":[{"href":"https:\/\/www.virtual-press.com\/newsroom\/wp-json\/wp\/v2\/types\/post"}],"author":[{"embeddable":true,"href":"https:\/\/www.virtual-press.com\/newsroom\/wp-json\/wp\/v2\/users\/4"}],"replies":[{"embeddable":true,"href":"https:\/\/www.virtual-press.com\/newsroom\/wp-json\/wp\/v2\/comments?post=2554"}],"version-history":[{"count":1,"href":"https:\/\/www.virtual-press.com\/newsroom\/wp-json\/wp\/v2\/posts\/2554\/revisions"}],"predecessor-version":[{"id":2556,"href":"https:\/\/www.virtual-press.com\/newsroom\/wp-json\/wp\/v2\/posts\/2554\/revisions\/2556"}],"wp:featuredmedia":[{"embeddable":true,"href":"https:\/\/www.virtual-press.com\/newsroom\/wp-json\/wp\/v2\/media\/2555"}],"wp:attachment":[{"href":"https:\/\/www.virtual-press.com\/newsroom\/wp-json\/wp\/v2\/media?parent=2554"}],"wp:term":[{"taxonomy":"category","embeddable":true,"href":"https:\/\/www.virtual-press.com\/newsroom\/wp-json\/wp\/v2\/categories?post=2554"},{"taxonomy":"post_tag","embeddable":true,"href":"https:\/\/www.virtual-press.com\/newsroom\/wp-json\/wp\/v2\/tags?post=2554"}],"curies":[{"name":"wp","href":"https:\/\/api.w.org\/{rel}","templated":true}]}}