{"id":2557,"date":"2023-02-22T01:00:00","date_gmt":"2023-02-22T00:00:00","guid":{"rendered":"https:\/\/www.virtual-press.com\/newsroom\/?p=2557"},"modified":"2023-02-07T18:32:34","modified_gmt":"2023-02-07T17:32:34","slug":"premio-letterario-nazionale-carlo-levi-bandita-la-venticinquesima-edizione","status":"publish","type":"post","link":"https:\/\/www.virtual-press.com\/newsroom\/premio-letterario-nazionale-carlo-levi-bandita-la-venticinquesima-edizione\/","title":{"rendered":"Premio letterario nazionale Carlo Levi, bandita la venticinquesima edizione"},"content":{"rendered":"\n<p>Il Premio letterario nazionale Carlo Levi, organizzato dal \u201cCircolo culturale Nicola Panevino\u201d di Aliano, presieduto da don Pierino Dilenge, si conferma nel tempo e si rilancia.<\/p>\n\n\n\n<p>\u00c8 stata bandita la venticinquesima edizione del concorso intitolato all\u2019artista e scrittore torinese, autore del libro \u201cCristo si \u00e8 fermato a Eboli\u201d, che dar\u00e0 la possibilit\u00e0 agli scrittori di presentare le opere (entro il 31 maggio 2023) per le quattro sezioni previste (narrativa nazionale, saggistica nazionale, narrativa\/saggistica Basilicata, tesi di laurea su Carlo Levi). I libri che potranno concorrere sono quelli pubblicati nel 2022.<\/p>\n\n\n\n<p>L\u2019evento conclusivo della manifestazione, che si terr\u00e0 in uno dei luoghi leviani, con la consegna dei riconoscimenti, \u00e8 previsto tra ottobre e novembre di quest\u2019anno.<\/p>\n\n\n\n<p>L\u2019ultima edizione della rassegna, a novembre dello scorso anno, \u00e8 stata nuovamente nobilitata da autori importanti (ad aggiudicarsi la sezione per la narrativa nazionale \u00e8 stato Vittorio Sgarbi) che hanno partecipato ad un appuntamento ormai storico per la Basilicata che non \u00e8 solo la consegna dei premi ma un incontro intriso di ricordi e suggestioni nel solco del \u201cCristo si \u00e8 fermato a Eboli\u201d.<\/p>\n\n\n\n<p>Nel mantenere vivo il premio letterario c&#8217;\u00e8 tutta la fatica e l&#8217;impegno della memoria. Grazie all&#8217;intuizione di don Pierino e al Circolo Panevino, intitolato a Nicola Panevino, magistrato antifascista trucidato dai nazisti, continuano a spalancarsi scenari inimmaginabili, dopo che Levi ha spianato la strada.<\/p>\n\n\n\n<p>Sul palco dei vincitori si alternano intellettuali, grandi scrittori, firme note del giornalismo italiano, docenti universitari e critici letterari, ma anche giovani autori e ricercatori. Raffaele Nigro presiede, ormai da anni, la commissione valutativa del Premio. Per il 120\u00b0 anniversario della nascita di Carlo Levi, lo scorso anno, il Circolo Panevino ha chiesto e ottenuto da Poste Italiane un annullo speciale riportato su una cartolina con l&#8217;immagine del mosaico di Irene Grieco, che riproduce il Telero Lucania&#8217;61 di Levi.<\/p>\n\n\n\n<p><\/p>\n\n\n\n<p><strong>BANDO PREMIO LETTERARIO CARLO LEVI<\/strong><\/p>\n\n\n\n<p><strong>XXV EDIZIONE<\/strong><\/p>\n\n\n\n<p><strong>Art.1&nbsp;<\/strong><\/p>\n\n\n\n<p>Il Circolo culturale \u201cNicola Panevino\u201d di Aliano (Basilicata) indice il Bando di concorso per la XXV edizione del Premio Letterario \u201cCarlo Levi\u201d, evento intitolato all\u2019artista e scrittore torinese confinato e sepolto ad Aliano, autore del libro \u201cCristo si \u00e8 fermato a Eboli\u201d.&nbsp;&nbsp;&nbsp;&nbsp;&nbsp;&nbsp;&nbsp;&nbsp;&nbsp;<\/p>\n\n\n\n<p><strong>Art. 2&nbsp;&nbsp;<\/strong><\/p>\n\n\n\n<p>&#8211; II Concorso si articola in 4 sezioni:<\/p>\n\n\n\n<p>&#8211; narrativa nazionale con opere pubblicate nel 2022;<\/p>\n\n\n\n<p>&#8211; saggistica nazionale con opere pubblicate nel 2022;<\/p>\n\n\n\n<p>&#8211; narrativa\/saggistica regione Basilicata con opere pubblicate nel 2022;<\/p>\n\n\n\n<p>&#8211;&nbsp; tesi di laurea su Carlo Levi discusse fino a 31 dicembre 2022.<\/p>\n\n\n\n<p><strong>Art. 3 \u2013 Premi<\/strong><\/p>\n\n\n\n<p>Sezione narrativa nazionale, euro 1.200 + rimborso spese viaggio per residenti fuori regione;<\/p>\n\n\n\n<p>sezione saggistica nazionale, euro 1.200 + rimborso spese viaggio per residenti fuori regione;<\/p>\n\n\n\n<p>sezione narrativa\/saggistica regione Basilicata, 1.200 euro;<\/p>\n\n\n\n<p>sezione tesi di laurea, euro 500 + rimborso spese viaggio per residenti fuori regione.<\/p>\n\n\n\n<p><strong>Art. 4 \u2013 Modalit\u00e0 di partecipazione<\/strong><\/p>\n\n\n\n<p>Ogni partecipante deve inviare n. 7 copie cartacee della pubblicazione in concorso, curriculum, sinossi dell\u2019opera, dati di recapito personali. Non \u00e8 richiesta alcuna quota di partecipazione.<\/p>\n\n\n\n<p><strong>Art. 5<\/strong><\/p>\n\n\n\n<p>Per il ritiro del premio \u00e8 obbligatoria la presenza del vincitore nel giorno e l\u2019ora (che saranno comunicati successivamente) previsti per l\u2019assegnazione dei riconoscimenti. In caso di assenza, verr\u00e0 considerato rinunciatario. A tutti i vincitori che sono residenti fuori regione verr\u00e0 offerta l\u2019ospitalit\u00e0.<\/p>\n\n\n\n<p><strong>Art. 6<\/strong><\/p>\n\n\n\n<p>La Giuria del Premio \u00e8 composta da: Raffaele Nigro (presidente); Pietro Dilenge (presidente Circolo Panevino); Giuseppe Lupo; Antonio Avenoso; Emilio Salierno; Roberto Rizzo.<\/p>\n\n\n\n<p><strong>Art. 7<\/strong><\/p>\n\n\n\n<p>La manifestazione conclusiva del Premio letterario si svolger\u00e0 tra ottobre e novembre 2023, in uno dei luoghi leviani.<\/p>\n\n\n\n<p><strong>Art. 8<\/strong><\/p>\n\n\n\n<p>I nomi dei vincitori saranno diffusi utilizzando gli organi d\u2019informazione, i social network del Circolo culturale Nicola Panevino di Aliano e i siti degli enti che sostengono la manifestazione. Ai vincitori sar\u00e0 data notizia in via diretta (e-mail e telefonicamente).<\/p>\n\n\n\n<p><strong>Art. 9<\/strong><\/p>\n\n\n\n<p>Le opere in concorso devono pervenire entro la data di scadenza del 31 maggio 2023 a: Circolo culturale Nicola Panevino-Segreteria Premio letterario Carlo Levi, Via Umberto I\u00b0, n.56 \u2013 75100 Aliano (MT).<\/p>\n\n\n\n<p><em>Per informazioni:<\/em><\/p>\n\n\n\n<p><em>Circolo culturale Nicola Panevino, 0835\/568074 \/ cell. 3299636664. E-mail: <a href=\"mailto:circoloculturalepanevino@gmail.com\">circoloculturalepanevino@gmail.com<\/a>; <a href=\"mailto:dilengepietro@gmail.com\">dilengepietro@gmail.com<\/a>.<\/em><\/p>\n","protected":false},"excerpt":{"rendered":"<p>Il Premio letterario nazionale Carlo Levi, organizzato dal \u201cCircolo culturale Nicola Panevino\u201d di Aliano, presieduto da don Pierino Dilenge, si conferma nel tempo e si rilancia. \u00c8 stata bandita la venticinquesima edizione del concorso intitolato all\u2019artista e scrittore torinese, autore del libro \u201cCristo si \u00e8 fermato a Eboli\u201d, che dar\u00e0 la possibilit\u00e0 agli scrittori di&#8230;<\/p>\n","protected":false},"author":4,"featured_media":2558,"comment_status":"open","ping_status":"open","sticky":false,"template":"","format":"standard","meta":{"footnotes":""},"categories":[2],"tags":[682,1345],"class_list":["post-2557","post","type-post","status-publish","format-standard","has-post-thumbnail","hentry","category-magazine","tag-bando","tag-premio-carlo-levi"],"_links":{"self":[{"href":"https:\/\/www.virtual-press.com\/newsroom\/wp-json\/wp\/v2\/posts\/2557","targetHints":{"allow":["GET"]}}],"collection":[{"href":"https:\/\/www.virtual-press.com\/newsroom\/wp-json\/wp\/v2\/posts"}],"about":[{"href":"https:\/\/www.virtual-press.com\/newsroom\/wp-json\/wp\/v2\/types\/post"}],"author":[{"embeddable":true,"href":"https:\/\/www.virtual-press.com\/newsroom\/wp-json\/wp\/v2\/users\/4"}],"replies":[{"embeddable":true,"href":"https:\/\/www.virtual-press.com\/newsroom\/wp-json\/wp\/v2\/comments?post=2557"}],"version-history":[{"count":1,"href":"https:\/\/www.virtual-press.com\/newsroom\/wp-json\/wp\/v2\/posts\/2557\/revisions"}],"predecessor-version":[{"id":2559,"href":"https:\/\/www.virtual-press.com\/newsroom\/wp-json\/wp\/v2\/posts\/2557\/revisions\/2559"}],"wp:featuredmedia":[{"embeddable":true,"href":"https:\/\/www.virtual-press.com\/newsroom\/wp-json\/wp\/v2\/media\/2558"}],"wp:attachment":[{"href":"https:\/\/www.virtual-press.com\/newsroom\/wp-json\/wp\/v2\/media?parent=2557"}],"wp:term":[{"taxonomy":"category","embeddable":true,"href":"https:\/\/www.virtual-press.com\/newsroom\/wp-json\/wp\/v2\/categories?post=2557"},{"taxonomy":"post_tag","embeddable":true,"href":"https:\/\/www.virtual-press.com\/newsroom\/wp-json\/wp\/v2\/tags?post=2557"}],"curies":[{"name":"wp","href":"https:\/\/api.w.org\/{rel}","templated":true}]}}