{"id":2569,"date":"2023-02-13T01:00:00","date_gmt":"2023-02-13T00:00:00","guid":{"rendered":"https:\/\/www.virtual-press.com\/newsroom\/?p=2569"},"modified":"2023-02-10T21:46:13","modified_gmt":"2023-02-10T20:46:13","slug":"matera-a-lezione-di-umanita-nel-laboratorio-di-artigianato-solidale-della-cooperativa-oltre-larte-guidato-dal-maestro-uccio-santochirico","status":"publish","type":"post","link":"https:\/\/www.virtual-press.com\/newsroom\/matera-a-lezione-di-umanita-nel-laboratorio-di-artigianato-solidale-della-cooperativa-oltre-larte-guidato-dal-maestro-uccio-santochirico\/","title":{"rendered":"Matera, a lezione di umanit\u00e0 nel laboratorio di artigianato solidale della Cooperativa Oltre l\u2019Arte guidato dal maestro Uccio Santochirico"},"content":{"rendered":"\n<figure class=\"wp-block-gallery has-nested-images columns-default is-cropped wp-block-gallery-1 is-layout-flex wp-block-gallery-is-layout-flex\">\n<figure class=\"wp-block-image size-large\"><img loading=\"lazy\" decoding=\"async\" width=\"1024\" height=\"768\" data-id=\"2570\" src=\"https:\/\/www.virtual-press.com\/newsroom\/wp-content\/uploads\/2023\/02\/Oltre-lArte-1024x768.jpg\" alt=\"\" class=\"wp-image-2570\" srcset=\"https:\/\/www.virtual-press.com\/newsroom\/wp-content\/uploads\/2023\/02\/Oltre-lArte-1024x768.jpg 1024w, https:\/\/www.virtual-press.com\/newsroom\/wp-content\/uploads\/2023\/02\/Oltre-lArte-300x225.jpg 300w, https:\/\/www.virtual-press.com\/newsroom\/wp-content\/uploads\/2023\/02\/Oltre-lArte-768x576.jpg 768w, https:\/\/www.virtual-press.com\/newsroom\/wp-content\/uploads\/2023\/02\/Oltre-lArte-1536x1152.jpg 1536w, https:\/\/www.virtual-press.com\/newsroom\/wp-content\/uploads\/2023\/02\/Oltre-lArte-850x638.jpg 850w, https:\/\/www.virtual-press.com\/newsroom\/wp-content\/uploads\/2023\/02\/Oltre-lArte.jpg 2048w\" sizes=\"auto, (max-width: 1024px) 100vw, 1024px\" \/><\/figure>\n\n\n\n<figure class=\"wp-block-image size-large\"><img loading=\"lazy\" decoding=\"async\" width=\"1024\" height=\"768\" data-id=\"2571\" src=\"https:\/\/www.virtual-press.com\/newsroom\/wp-content\/uploads\/2023\/02\/Oltre-lArte2-1024x768.jpg\" alt=\"\" class=\"wp-image-2571\" srcset=\"https:\/\/www.virtual-press.com\/newsroom\/wp-content\/uploads\/2023\/02\/Oltre-lArte2-1024x768.jpg 1024w, https:\/\/www.virtual-press.com\/newsroom\/wp-content\/uploads\/2023\/02\/Oltre-lArte2-300x225.jpg 300w, https:\/\/www.virtual-press.com\/newsroom\/wp-content\/uploads\/2023\/02\/Oltre-lArte2-768x576.jpg 768w, https:\/\/www.virtual-press.com\/newsroom\/wp-content\/uploads\/2023\/02\/Oltre-lArte2-1536x1152.jpg 1536w, https:\/\/www.virtual-press.com\/newsroom\/wp-content\/uploads\/2023\/02\/Oltre-lArte2-850x638.jpg 850w, https:\/\/www.virtual-press.com\/newsroom\/wp-content\/uploads\/2023\/02\/Oltre-lArte2.jpg 2000w\" sizes=\"auto, (max-width: 1024px) 100vw, 1024px\" \/><\/figure>\n<\/figure>\n\n\n\n<p><\/p>\n\n\n\n<p>Accoglienza, integrazione, solidariet\u00e0: nel laboratorio di artigianato solidale della Cooperativa Oltre l\u2019Arte si respira tutto questo. Merito di Uccio Santochirico, maestro cartapestaio che ha realizzato il Carro della Bruna della scorsa edizione della festa, che dirige un laboratorio accogliendo quindici ragazzi diversamente abili. Ogni mattina, nella sede di via Carlo Levi 2 a Matera, sono al lavoro in un clima sereno, senza barriere n\u00e9 fisiche n\u00e9 mentali, uniti dalla creativit\u00e0. C\u2019\u00e8 tanto entusiasmo, voglia di raccontare e raccontarsi in un luogo che diventa la testimonianza di un qualcosa che dovrebbe sempre accadere: una collaborazione alla pari tra normodotati e diversamente abili, in uno scambio che arricchisce reciprocamente. \u00c8 una lezione di umanit\u00e0 quella di Uccio che ai suoi ragazzi permette una quotidianit\u00e0 in cui sono protagonisti in positivo: ognuno ha un ruolo, ognuno \u00e8 importante. E che sia una carezza di incoraggiamento o allacciare le scarpe che si sono slacciate a uno dei ragazzi, Uccio non si tira indietro ma dimostra anche nei piccoli gesti di tenerci davvero ai suoi collaboratori speciali.<\/p>\n\n\n\n<p>Maggiore inclusione sociale, riduzione dello stato di marginalit\u00e0: finalmente non sono concetti fini a s\u00e9 stessi, che lasciano il tempo che trovano, ma il senso di un un\u2019iniziativa che andrebbe replicata all\u2019infinito. Come all\u2019infinito andrebbero replicati tanti educatori come Uccio.<\/p>\n\n\n\n<p>\u201cMerito anche dell\u2019impegno della presidente Rosangela Maino, \u2013 sottolinea Uccio \u2013 di tutto il CdA e della coop. soc. Oltre l\u2019arte che ci aiuta ad immaginare un presente e un futuro migliore per ciascuno di noi, per le nostre famiglie, per i nostri sogni e per le comunit\u00e0 in cui abitiamo. Un futuro attento a tutte le persone con ogni forma di fragilit\u00e0 e capacit\u00e0\u201d.<\/p>\n\n\n\n<p class=\"has-text-align-right\"><strong>Rossella Montemurro<\/strong><\/p>\n","protected":false},"excerpt":{"rendered":"<p>Accoglienza, integrazione, solidariet\u00e0: nel laboratorio di artigianato solidale della Cooperativa Oltre l\u2019Arte si respira tutto questo. Merito di Uccio Santochirico, maestro cartapestaio che ha realizzato il Carro della Bruna della scorsa edizione della festa, che dirige un laboratorio accogliendo quindici ragazzi diversamente abili. Ogni mattina, nella sede di via Carlo Levi 2 a Matera, sono&#8230;<\/p>\n","protected":false},"author":4,"featured_media":2572,"comment_status":"open","ping_status":"open","sticky":false,"template":"","format":"standard","meta":{"footnotes":""},"categories":[2],"tags":[1225,8,1348],"class_list":["post-2569","post","type-post","status-publish","format-standard","has-post-thumbnail","hentry","category-magazine","tag-cooperativa-oltre-larte","tag-matera","tag-uccio-santochirico"],"_links":{"self":[{"href":"https:\/\/www.virtual-press.com\/newsroom\/wp-json\/wp\/v2\/posts\/2569","targetHints":{"allow":["GET"]}}],"collection":[{"href":"https:\/\/www.virtual-press.com\/newsroom\/wp-json\/wp\/v2\/posts"}],"about":[{"href":"https:\/\/www.virtual-press.com\/newsroom\/wp-json\/wp\/v2\/types\/post"}],"author":[{"embeddable":true,"href":"https:\/\/www.virtual-press.com\/newsroom\/wp-json\/wp\/v2\/users\/4"}],"replies":[{"embeddable":true,"href":"https:\/\/www.virtual-press.com\/newsroom\/wp-json\/wp\/v2\/comments?post=2569"}],"version-history":[{"count":1,"href":"https:\/\/www.virtual-press.com\/newsroom\/wp-json\/wp\/v2\/posts\/2569\/revisions"}],"predecessor-version":[{"id":2573,"href":"https:\/\/www.virtual-press.com\/newsroom\/wp-json\/wp\/v2\/posts\/2569\/revisions\/2573"}],"wp:featuredmedia":[{"embeddable":true,"href":"https:\/\/www.virtual-press.com\/newsroom\/wp-json\/wp\/v2\/media\/2572"}],"wp:attachment":[{"href":"https:\/\/www.virtual-press.com\/newsroom\/wp-json\/wp\/v2\/media?parent=2569"}],"wp:term":[{"taxonomy":"category","embeddable":true,"href":"https:\/\/www.virtual-press.com\/newsroom\/wp-json\/wp\/v2\/categories?post=2569"},{"taxonomy":"post_tag","embeddable":true,"href":"https:\/\/www.virtual-press.com\/newsroom\/wp-json\/wp\/v2\/tags?post=2569"}],"curies":[{"name":"wp","href":"https:\/\/api.w.org\/{rel}","templated":true}]}}