{"id":2585,"date":"2023-02-27T01:00:00","date_gmt":"2023-02-27T00:00:00","guid":{"rendered":"https:\/\/www.virtual-press.com\/newsroom\/?p=2585"},"modified":"2023-02-22T09:10:07","modified_gmt":"2023-02-22T08:10:07","slug":"allarchitetto-materano-francesco-vinciguerra-la-medaglia-dargento-del-domus-restoration-and-preservation-international-prize-for-architectural-restoration-il-29-marzo-a-ferrara-la-c","status":"publish","type":"post","link":"https:\/\/www.virtual-press.com\/newsroom\/allarchitetto-materano-francesco-vinciguerra-la-medaglia-dargento-del-domus-restoration-and-preservation-international-prize-for-architectural-restoration-il-29-marzo-a-ferrara-la-c\/","title":{"rendered":"All\u2019architetto materano Francesco Vinciguerra la Medaglia d\u2019Argento del Domus Restoration and Preservation International Prize for Architectural Restoration. Il 29 marzo a Ferrara la cerimonia di premiazione"},"content":{"rendered":"\n<figure class=\"wp-block-gallery has-nested-images columns-default is-cropped wp-block-gallery-1 is-layout-flex wp-block-gallery-is-layout-flex\">\n<figure class=\"wp-block-image size-large\"><img loading=\"lazy\" decoding=\"async\" width=\"768\" height=\"1024\" data-id=\"2587\" src=\"https:\/\/www.virtual-press.com\/newsroom\/wp-content\/uploads\/2023\/02\/IMG-20230222-WA0002-768x1024.jpg\" alt=\"\" class=\"wp-image-2587\" srcset=\"https:\/\/www.virtual-press.com\/newsroom\/wp-content\/uploads\/2023\/02\/IMG-20230222-WA0002-768x1024.jpg 768w, https:\/\/www.virtual-press.com\/newsroom\/wp-content\/uploads\/2023\/02\/IMG-20230222-WA0002-225x300.jpg 225w, https:\/\/www.virtual-press.com\/newsroom\/wp-content\/uploads\/2023\/02\/IMG-20230222-WA0002-1152x1536.jpg 1152w, https:\/\/www.virtual-press.com\/newsroom\/wp-content\/uploads\/2023\/02\/IMG-20230222-WA0002-300x400.jpg 300w, https:\/\/www.virtual-press.com\/newsroom\/wp-content\/uploads\/2023\/02\/IMG-20230222-WA0002-850x1133.jpg 850w, https:\/\/www.virtual-press.com\/newsroom\/wp-content\/uploads\/2023\/02\/IMG-20230222-WA0002.jpg 1200w\" sizes=\"auto, (max-width: 768px) 100vw, 768px\" \/><\/figure>\n\n\n\n<figure class=\"wp-block-image size-large\"><img loading=\"lazy\" decoding=\"async\" width=\"936\" height=\"1024\" data-id=\"2586\" src=\"https:\/\/www.virtual-press.com\/newsroom\/wp-content\/uploads\/2023\/02\/IMG-20230222-WA0001-936x1024.jpg\" alt=\"\" class=\"wp-image-2586\" srcset=\"https:\/\/www.virtual-press.com\/newsroom\/wp-content\/uploads\/2023\/02\/IMG-20230222-WA0001-936x1024.jpg 936w, https:\/\/www.virtual-press.com\/newsroom\/wp-content\/uploads\/2023\/02\/IMG-20230222-WA0001-274x300.jpg 274w, https:\/\/www.virtual-press.com\/newsroom\/wp-content\/uploads\/2023\/02\/IMG-20230222-WA0001-768x840.jpg 768w, https:\/\/www.virtual-press.com\/newsroom\/wp-content\/uploads\/2023\/02\/IMG-20230222-WA0001-1404x1536.jpg 1404w, https:\/\/www.virtual-press.com\/newsroom\/wp-content\/uploads\/2023\/02\/IMG-20230222-WA0001-300x328.jpg 300w, https:\/\/www.virtual-press.com\/newsroom\/wp-content\/uploads\/2023\/02\/IMG-20230222-WA0001-850x930.jpg 850w, https:\/\/www.virtual-press.com\/newsroom\/wp-content\/uploads\/2023\/02\/IMG-20230222-WA0001.jpg 1463w\" sizes=\"auto, (max-width: 936px) 100vw, 936px\" \/><\/figure>\n<\/figure>\n\n\n\n<p><\/p>\n\n\n\n<p>Medaglia d\u2019Argento all\u2019architetto materano Francesco Vinciguerra nell\u2019ambito del Premio Internazionale Domus Restauro e Conservazione\u201d (Domus Restoration and Preservation International Prize for Architectural Restoration).<\/p>\n\n\n\n<p>Francesco Vinciguerra, che la citt\u00e0 ha avuto modo di apprezzare come coautore, con il padre Eustachio, del volume \u201cMatera, citt\u00e0 irripetibile\u201d presentato il 27 ottobre 2022, \u00e8 nato a Matera nel 1996. Diplomatosi al Liceo Classico \u201cEmanuele Duni\u201d, si \u00e8 iscritto all\u2019Universit\u00e0 La Sapienza di Roma conseguendo, nel 2022, la Laurea Magistrale in Architettura con lode, discutendo la tesi progettuale \u201cLa Chiesa di Santa Maria della Valle \u2013 La memoria e il restauro di un antico complesso rupestre nell\u2019agro materano\u201d, relatrice la prof.ssa arch. Donatella Fiorani. Nel dicembre del 2022 Francesco Vinciguerra ha ottenuto l\u2019abilitazione alla professione di architetto; attualmente frequenta la Scuola di Specializzazione in Beni Architettonici e del Paesaggio, presso La Sapienza di Roma, e collabora con la \u201cCooperativa Archeologia\u201d, importante realt\u00e0 imprenditoriale nel settore del restauro dei beni culturali. Il conferimento del \u201cPremio Internazionale Domus Restauro e Conservazione\u201d, organizzato dal Dipartimento di Architettura dell\u2019Universit\u00e0 degli Studi di Ferrara, si svolger\u00e0 nella citt\u00e0 estense il prossimo 29 marzo. Sull\u2019argomento \u00e8 intervenuto l\u2019architetto Paolo Stasi, Presidente del Circolo La Scaletta: \u201cVeramente felice per questo riconoscimento a Francesco. Sono gratificazioni per un\u2019intera comunit\u00e0 e dovremmo essere orgogliosi tutti dei successi dei nostri figli. Il rammarico \u00e8 che queste grandi risorse non riusciamo a trattenerle. A Francesco i miei pi\u00f9 sinceri complimenti e un augurio per altri successi e soddisfazioni\u201d.<\/p>\n\n\n\n<p><em>Foto: Francesco Vinciguerra all\u2019EUR e alcuni momenti della discussione della tesi<\/em><\/p>\n","protected":false},"excerpt":{"rendered":"<p>Medaglia d\u2019Argento all\u2019architetto materano Francesco Vinciguerra nell\u2019ambito del Premio Internazionale Domus Restauro e Conservazione\u201d (Domus Restoration and Preservation International Prize for Architectural Restoration). Francesco Vinciguerra, che la citt\u00e0 ha avuto modo di apprezzare come coautore, con il padre Eustachio, del volume \u201cMatera, citt\u00e0 irripetibile\u201d presentato il 27 ottobre 2022, \u00e8 nato a Matera nel 1996&#8230;.<\/p>\n","protected":false},"author":4,"featured_media":2588,"comment_status":"open","ping_status":"open","sticky":false,"template":"","format":"standard","meta":{"footnotes":""},"categories":[2],"tags":[1353,1354,407,1355,8],"class_list":["post-2585","post","type-post","status-publish","format-standard","has-post-thumbnail","hentry","category-magazine","tag-architettuta","tag-domus-restoration-and-preservation-international-prize-for-architectural-restoration","tag-ferrara","tag-francesco-vinciguerra","tag-matera"],"_links":{"self":[{"href":"https:\/\/www.virtual-press.com\/newsroom\/wp-json\/wp\/v2\/posts\/2585","targetHints":{"allow":["GET"]}}],"collection":[{"href":"https:\/\/www.virtual-press.com\/newsroom\/wp-json\/wp\/v2\/posts"}],"about":[{"href":"https:\/\/www.virtual-press.com\/newsroom\/wp-json\/wp\/v2\/types\/post"}],"author":[{"embeddable":true,"href":"https:\/\/www.virtual-press.com\/newsroom\/wp-json\/wp\/v2\/users\/4"}],"replies":[{"embeddable":true,"href":"https:\/\/www.virtual-press.com\/newsroom\/wp-json\/wp\/v2\/comments?post=2585"}],"version-history":[{"count":1,"href":"https:\/\/www.virtual-press.com\/newsroom\/wp-json\/wp\/v2\/posts\/2585\/revisions"}],"predecessor-version":[{"id":2589,"href":"https:\/\/www.virtual-press.com\/newsroom\/wp-json\/wp\/v2\/posts\/2585\/revisions\/2589"}],"wp:featuredmedia":[{"embeddable":true,"href":"https:\/\/www.virtual-press.com\/newsroom\/wp-json\/wp\/v2\/media\/2588"}],"wp:attachment":[{"href":"https:\/\/www.virtual-press.com\/newsroom\/wp-json\/wp\/v2\/media?parent=2585"}],"wp:term":[{"taxonomy":"category","embeddable":true,"href":"https:\/\/www.virtual-press.com\/newsroom\/wp-json\/wp\/v2\/categories?post=2585"},{"taxonomy":"post_tag","embeddable":true,"href":"https:\/\/www.virtual-press.com\/newsroom\/wp-json\/wp\/v2\/tags?post=2585"}],"curies":[{"name":"wp","href":"https:\/\/api.w.org\/{rel}","templated":true}]}}