{"id":2613,"date":"2023-03-17T01:00:00","date_gmt":"2023-03-17T00:00:00","guid":{"rendered":"https:\/\/www.virtual-press.com\/newsroom\/?p=2613"},"modified":"2023-03-13T10:04:03","modified_gmt":"2023-03-13T09:04:03","slug":"conversazioni-al-confine-paesaggi-della-cultura-incontro-tra-psicanalisi-scienze-umane-e-sociali-il-18-nellambito-del-progetto-spi-psicanalisi-e-periferie-co","status":"publish","type":"post","link":"https:\/\/www.virtual-press.com\/newsroom\/conversazioni-al-confine-paesaggi-della-cultura-incontro-tra-psicanalisi-scienze-umane-e-sociali-il-18-nellambito-del-progetto-spi-psicanalisi-e-periferie-co\/","title":{"rendered":"\u201cConversazioni al confine. Paesaggi della cultura: incontro tra psicanalisi, scienze umane e sociali\u201d: il 18, \u00a0nell&#8217;ambito del progetto SPI \u201cPsicanalisi e Periferie&#8221;, convegno con Martino Lo Cascio"},"content":{"rendered":"\n<p>Sabato 18 marzo 2023 alle ore 9 presso l\u2019Unibas in via Lanera a Matera \u00e8 in programma il convegno \u201cConversazioni al confine. Paesaggi della cultura: incontro tra psicanalisi, scienze umane e sociali\u201d organizzato dal progetto SPI \u201cPsicanalisi e Periferie\u201d con Martino Lo Cascio.&nbsp;<\/p>\n\n\n\n<p>Il perimetro della citt\u00e0 di Matera sar\u00e0 percorso per due giorni, a piedi e quasi fosse un pellegrinaggio laico, da Martino Lo Cascio, nell\u2019ambito del Convegno nazionale \u201cConversazioni al confine. Paesaggi della cultura: incontro tra psicanalisi, scienze umane e sociali\u201d organizzato dal progetto SPI \u201cPsicanalisi e Periferie\u201d.<\/p>\n\n\n\n<p>Lo Cascio ha pubblicato vari testi per il teatro e la narrativa ed \u00e8 autore di documentari a sfondo sociale. Stavolta, da artista poliedrico e sempre alla ricerca di nuove suggestioni e avventure, ha scelto Matera per inaugurare una modalit\u00e0 di esplorazione urbana che ripeter\u00e0 in altre localit\u00e0.<\/p>\n\n\n\n<p>Di cosa si tratta? \u201cNei due giorni che precedono il convegno, camminer\u00f2 lungo i bordi sfrangiati di Matera \u2013 ci ha risposto \u2013 come un sonar, uno scandaglio, un rabdomante in cerca di segnali, messaggi, flebili pulsazioni che possano indicare lo status dinamico del confine tra citt\u00e0 e non-citt\u00e0. Rendendone conto in forma di scrittura narrativa e foto. O di silenzi\u201d. Una fotografa, Nicole Cervi, lo seguir\u00e0 lungo l\u2019intero tour provando a documentare il suo sguardo, gli incontri, l\u2019esperienza imprevedibile \u201cche si spera \u2013 aggiunge sempre Lo Cascio \u2013 sia ricca e puntellata di sorprese, contrattempi, stupore e persino fallimenti del piano previsto!\u201d.<\/p>\n\n\n\n<p>L\u2019azione, dal titolo emblematico \u201cMatera, sul filo della frontiera\u201d, si comporr\u00e0 anche di momenti in cui l\u2019autore depositer\u00e0 \u201ctracce\u201d lungo l\u2019itinerario, passi di scritture che interagiscano concretamente con gli abitanti dei territori di periferia. \u201cCome afferma Wim Wenders, \u00abci sono paesaggi, siano essi citt\u00e0, luoghi deserti, paesaggi montani, o tratti costieri, che reclamano a gran voce una storia\u00bb. Io credo che le frontiere delle periferie appartengono a questi luoghi che spasimano qualcuno che li ascolti e li canti. Io ne curer\u00f2 l\u2019incipit. La storia la potranno poi scrivere gli abitanti\u201d.<\/p>\n\n\n\n<p>I materani potranno dialogare indirettamente attraverso un indirizzo mail e whatsapp.<\/p>\n\n\n\n<p>Le date del \u201ccammino\u201d sono il 16 e il 17 Marzo, per concludersi il 18 Marzo con la restituzione in forma di foto e lettura durante i lavori del convegno presso l\u2019Universit\u00e0 degli Studi della Basilicata, al Campus di Matera, Dipartimento delle Culture Europee e del Mediterraneo.<\/p>\n\n\n\n<p><em>In copertina, particolare della locandina (immagine di Sofia Lupo)<\/em><\/p>\n","protected":false},"excerpt":{"rendered":"<p>Sabato 18 marzo 2023 alle ore 9 presso l\u2019Unibas in via Lanera a Matera \u00e8 in programma il convegno \u201cConversazioni al confine. Paesaggi della cultura: incontro tra psicanalisi, scienze umane e sociali\u201d organizzato dal progetto SPI \u201cPsicanalisi e Periferie\u201d con Martino Lo Cascio.&nbsp; Il perimetro della citt\u00e0 di Matera sar\u00e0 percorso per due giorni, a&#8230;<\/p>\n","protected":false},"author":4,"featured_media":2614,"comment_status":"open","ping_status":"open","sticky":false,"template":"","format":"standard","meta":{"footnotes":""},"categories":[2],"tags":[1370,8,1369,257],"class_list":["post-2613","post","type-post","status-publish","format-standard","has-post-thumbnail","hentry","category-magazine","tag-martino-lo-cascio","tag-matera","tag-spi","tag-unibas"],"_links":{"self":[{"href":"https:\/\/www.virtual-press.com\/newsroom\/wp-json\/wp\/v2\/posts\/2613","targetHints":{"allow":["GET"]}}],"collection":[{"href":"https:\/\/www.virtual-press.com\/newsroom\/wp-json\/wp\/v2\/posts"}],"about":[{"href":"https:\/\/www.virtual-press.com\/newsroom\/wp-json\/wp\/v2\/types\/post"}],"author":[{"embeddable":true,"href":"https:\/\/www.virtual-press.com\/newsroom\/wp-json\/wp\/v2\/users\/4"}],"replies":[{"embeddable":true,"href":"https:\/\/www.virtual-press.com\/newsroom\/wp-json\/wp\/v2\/comments?post=2613"}],"version-history":[{"count":1,"href":"https:\/\/www.virtual-press.com\/newsroom\/wp-json\/wp\/v2\/posts\/2613\/revisions"}],"predecessor-version":[{"id":2615,"href":"https:\/\/www.virtual-press.com\/newsroom\/wp-json\/wp\/v2\/posts\/2613\/revisions\/2615"}],"wp:featuredmedia":[{"embeddable":true,"href":"https:\/\/www.virtual-press.com\/newsroom\/wp-json\/wp\/v2\/media\/2614"}],"wp:attachment":[{"href":"https:\/\/www.virtual-press.com\/newsroom\/wp-json\/wp\/v2\/media?parent=2613"}],"wp:term":[{"taxonomy":"category","embeddable":true,"href":"https:\/\/www.virtual-press.com\/newsroom\/wp-json\/wp\/v2\/categories?post=2613"},{"taxonomy":"post_tag","embeddable":true,"href":"https:\/\/www.virtual-press.com\/newsroom\/wp-json\/wp\/v2\/tags?post=2613"}],"curies":[{"name":"wp","href":"https:\/\/api.w.org\/{rel}","templated":true}]}}