{"id":2627,"date":"2023-03-22T01:00:00","date_gmt":"2023-03-22T00:00:00","guid":{"rendered":"https:\/\/www.virtual-press.com\/newsroom\/?p=2627"},"modified":"2023-03-21T11:50:16","modified_gmt":"2023-03-21T10:50:16","slug":"il-dolore-delle-foglie-poesie-di-antonella-radogna-e-immagini-di-nicola-cavallo-presentazione-il-24-marzo-a-potenza-polo-bibliotecario","status":"publish","type":"post","link":"https:\/\/www.virtual-press.com\/newsroom\/il-dolore-delle-foglie-poesie-di-antonella-radogna-e-immagini-di-nicola-cavallo-presentazione-il-24-marzo-a-potenza-polo-bibliotecario\/","title":{"rendered":"&#8220;Il dolore delle foglie&#8221;,\u00a0poesie di Antonella Radogna e immagini di Nicola Cavallo. Presentazione il 24 marzo a Potenza,\u00a0Polo Bibliotecario"},"content":{"rendered":"\n<p>Sar\u00e0&nbsp;presentato venerd\u00ec 24 marzo alle 17.30 nel Polo Bibliotecario di Potenza in via don Minozzi il libro&nbsp;<em>Il dolore delle foglie<\/em>&nbsp;(Altrimedia Edizioni) con poesie di Antonella Radogna e immagini di Nicola Cavallo. Assieme agli autori interverr\u00e0 Maria Teresa Imbriani, che ne ha curato l\u2019introduzione e la Direttrice editoriale di Altrimedia Edizioni Gabriella Lanzillotta. La serata sar\u00e0 moderata dalla giornalista della TGR Basilicata Cinzia Grenci.<\/p>\n\n\n\n<p>La natura in tutte le sue forme, declinata nella quotidianit\u00e0, ammirata, presa in prestito come modello, amata. E poi gli scatti, che vanno di pari passo con i versi, diventando essi stessi liriche: le poesie di Antonella Radogna si legano alle foto di Nicola Cavallo offrendo un&nbsp;<em>unicum<\/em>&nbsp;di lirismo.<\/p>\n\n\n\n<p>\u201c<em>Poesie e immagini, nella loro essenzialit\u00e0 elementare, si alternano e si muovono con coerenza e reciprocit\u00e0, in una sequenza logica e irrinunciabile, in un discorso in cui domina l\u2019attenzione al particolare, l\u2019invito a non distrarsi.<\/em>&nbsp;\u2013 scrive nella prefazione la Imbriani \u2013&nbsp;<em>L\u2019uomo \u00e8 chiamato non solo a inserirsi, come una creatura, nell\u2019ordine naturale del cosmo, ma \u00e8 invitato alla sua responsabilit\u00e0 di ritornare a essere tutt\u2019uno con la Natura.<\/em>\u201d<\/p>\n\n\n\n<p><em>Il dolore delle foglie<\/em>&nbsp;\u00e8 un&#8217;opera delicata e intimista, poesie quasi sussurrate e immagini in bianco e nero che stridono ed entrano in contrasto con il caos della routine&nbsp;quotidiana.&nbsp;Da&nbsp;<em>Cammino con la mia ombra scucita sul terreno<\/em>: &#8220;Cammino con la mia ombra scucita sul terreno \/ e le gambe che vacillano \/ di una danza lenta di polvere e foglie \/ in un tutto di esseri e vuoti vivi \/ nella luce che penetra \/ e gioca con i chiaroscuri nell\u2019aria&#8221;.<\/p>\n\n\n\n<p><em>Antonella Radogna \u00e8 nata a Matera, dove vive. Laureata in Letteratura Inglese e Tedesca e in Scienze Psicologiche, insegna Lingua e Letteratura Inglese presso il Liceo \u201cDuni-Levi\u201d di Matera. Ha pubblicato traduzioni per riviste americane e diversi saggi tra cui quello su Edgar Morin per Rubbettino Editore. Alcune sue opere sono state tradotte in inglese, francese, tedesco, spagnolo e rumeno. Le sue poesie hanno vinto numerosi premi e sono apparse su varie antologie e riviste nazionali e internazionali. Si \u00e8 formata, in ambito teatrale, presso il Piccolo Teatro di Milano.<\/em><\/p>\n\n\n\n<p><em>Nicola Cavallo \u00e8 nato a Salerno, si \u00e8 laureato presso l&#8217;Universit\u00e0 degli Studi di Napoli \u201cFederico II\u201d e, successivamente, ha conseguito il Diploma di Perfezionamento in Scienze Fisiche e Cibernetiche. \u00c8 Professore Ordinario di Fisica Sperimentale presso il Dipartimento di Scienze dell&#8217;Universit\u00e0 degli studi della Basilicata. Ha partecipato a esperimenti internazionali a Stanford e al CERN di Ginevra. Attualmente \u00e8 Prorettore con delega al Public and Social Engagement dello stesso Ateneo.<\/em><\/p>\n","protected":false},"excerpt":{"rendered":"<p>Sar\u00e0&nbsp;presentato venerd\u00ec 24 marzo alle 17.30 nel Polo Bibliotecario di Potenza in via don Minozzi il libro&nbsp;Il dolore delle foglie&nbsp;(Altrimedia Edizioni) con poesie di Antonella Radogna e immagini di Nicola Cavallo. Assieme agli autori interverr\u00e0 Maria Teresa Imbriani, che ne ha curato l\u2019introduzione e la Direttrice editoriale di Altrimedia Edizioni Gabriella Lanzillotta. La serata sar\u00e0&#8230;<\/p>\n","protected":false},"author":4,"featured_media":2628,"comment_status":"open","ping_status":"open","sticky":false,"template":"","format":"standard","meta":{"footnotes":""},"categories":[2],"tags":[588,1340,1342,1341,38],"class_list":["post-2627","post","type-post","status-publish","format-standard","has-post-thumbnail","hentry","category-magazine","tag-altrimedia-edizioni","tag-antonella-radogna","tag-il-dolore-delle-foglie","tag-nicola-cavallo","tag-potenza"],"_links":{"self":[{"href":"https:\/\/www.virtual-press.com\/newsroom\/wp-json\/wp\/v2\/posts\/2627","targetHints":{"allow":["GET"]}}],"collection":[{"href":"https:\/\/www.virtual-press.com\/newsroom\/wp-json\/wp\/v2\/posts"}],"about":[{"href":"https:\/\/www.virtual-press.com\/newsroom\/wp-json\/wp\/v2\/types\/post"}],"author":[{"embeddable":true,"href":"https:\/\/www.virtual-press.com\/newsroom\/wp-json\/wp\/v2\/users\/4"}],"replies":[{"embeddable":true,"href":"https:\/\/www.virtual-press.com\/newsroom\/wp-json\/wp\/v2\/comments?post=2627"}],"version-history":[{"count":1,"href":"https:\/\/www.virtual-press.com\/newsroom\/wp-json\/wp\/v2\/posts\/2627\/revisions"}],"predecessor-version":[{"id":2629,"href":"https:\/\/www.virtual-press.com\/newsroom\/wp-json\/wp\/v2\/posts\/2627\/revisions\/2629"}],"wp:featuredmedia":[{"embeddable":true,"href":"https:\/\/www.virtual-press.com\/newsroom\/wp-json\/wp\/v2\/media\/2628"}],"wp:attachment":[{"href":"https:\/\/www.virtual-press.com\/newsroom\/wp-json\/wp\/v2\/media?parent=2627"}],"wp:term":[{"taxonomy":"category","embeddable":true,"href":"https:\/\/www.virtual-press.com\/newsroom\/wp-json\/wp\/v2\/categories?post=2627"},{"taxonomy":"post_tag","embeddable":true,"href":"https:\/\/www.virtual-press.com\/newsroom\/wp-json\/wp\/v2\/tags?post=2627"}],"curies":[{"name":"wp","href":"https:\/\/api.w.org\/{rel}","templated":true}]}}