{"id":2630,"date":"2023-03-29T01:00:00","date_gmt":"2023-03-28T23:00:00","guid":{"rendered":"https:\/\/www.virtual-press.com\/newsroom\/?p=2630"},"modified":"2023-03-21T18:51:15","modified_gmt":"2023-03-21T17:51:15","slug":"un-percorso-narrativo-sulla-pasqua-nei-suggestivi-sassi-di-matera-pasqua-experience-il-cammino-delluomo-dall1-al-10-aprile-nei-sassi-un-racconto-unico-e-innovativo-della-s","status":"publish","type":"post","link":"https:\/\/www.virtual-press.com\/newsroom\/un-percorso-narrativo-sulla-pasqua-nei-suggestivi-sassi-di-matera-pasqua-experience-il-cammino-delluomo-dall1-al-10-aprile-nei-sassi-un-racconto-unico-e-innovativo-della-s\/","title":{"rendered":"Un percorso narrativo sulla Pasqua nei suggestivi Sassi di Matera: Pasqua Experience, il cammino dell\u2019uomo. Dall\u20191 al 10 aprile, nei Sassi, un racconto unico e innovativo \u00a0della Settimana Santa"},"content":{"rendered":"\n<p>Dall&#8217;1 al 10 aprile 2023, ogni giorno dalle ore 17.30 alle ore 22.30, \u00e8 in programma \u201cPasqua Experience, il cammino dell\u2019uomo\u201d, un evento di MeF e Bitmovies col patrocinio e il sostegno del Comune di Matera.<\/p>\n\n\n\n<p>I visitatori dei Sassi avranno la possibilit\u00e0 di vivere un\u2019esperienza unica: un percorso narrativo sulla Pasqua che combina l\u2019arte, la storia e la cultura del luogo.<\/p>\n\n\n\n<p>Il percorso si snoda nel Sasso Caveoso, lungo la strada che si affaccia sulla Gravina e risale fino a via Bruno Buozzi, attraverso dieci diverse aree narrative. Qui, gli spettatori potranno ammirare quadri narranti realizzati da compagnie teatrali sui temi della Pasqua, ripercorrendo le tappe salienti di questa festivit\u00e0 cristiana.<\/p>\n\n\n\n<p>La narrazione \u00e8 composta da linguaggi e strumenti diversi che si integrano per creare un grande affresco narrante della Pasqua. Illuminazione scenografica, installazioni artistiche, effetti sonori e voci narranti saranno solo alcune delle componenti che contribuiranno a rendere l\u2019esperienza unica ed emozionale.<\/p>\n\n\n\n<p>Il percorso si apre a diversi spazi pi\u00f9 ampi che daranno la possibilit\u00e0 di contenere installazioni scenografiche e artistiche con una maggiore profondit\u00e0 per la visione del pubblico. Lungo il tragitto, i visitatori potranno ammirare le opere dei grandi artisti che hanno rappresentato i temi della Pasqua nel corso dei secoli.<\/p>\n\n\n\n<p>Il percorso si concluder\u00e0 con una mostra di simboli della Pasqua, ospitata in un\u2019area dedicata. Qui, le associazioni locali potranno presentare i propri prodotti e promuovere la loro attivit\u00e0.<\/p>\n\n\n\n<p>Un\u2019occasione per riscoprire la Pasqua sotto una luce completamente nuova.<\/p>\n\n\n\n<p>Per informazioni, contatti e prenotazioni:<\/p>\n\n\n\n<p>web:&nbsp;<a href=\"http:\/\/www.pasquamateraexperience.it\/\">pasquamateraexperience.it<\/a><\/p>\n","protected":false},"excerpt":{"rendered":"<p>Dall&#8217;1 al 10 aprile 2023, ogni giorno dalle ore 17.30 alle ore 22.30, \u00e8 in programma \u201cPasqua Experience, il cammino dell\u2019uomo\u201d, un evento di MeF e Bitmovies col patrocinio e il sostegno del Comune di Matera. I visitatori dei Sassi avranno la possibilit\u00e0 di vivere un\u2019esperienza unica: un percorso narrativo sulla Pasqua che combina l\u2019arte,&#8230;<\/p>\n","protected":false},"author":4,"featured_media":2631,"comment_status":"open","ping_status":"open","sticky":false,"template":"","format":"standard","meta":{"footnotes":""},"categories":[2],"tags":[8,1374],"class_list":["post-2630","post","type-post","status-publish","format-standard","has-post-thumbnail","hentry","category-magazine","tag-matera","tag-pasqua-experience"],"_links":{"self":[{"href":"https:\/\/www.virtual-press.com\/newsroom\/wp-json\/wp\/v2\/posts\/2630","targetHints":{"allow":["GET"]}}],"collection":[{"href":"https:\/\/www.virtual-press.com\/newsroom\/wp-json\/wp\/v2\/posts"}],"about":[{"href":"https:\/\/www.virtual-press.com\/newsroom\/wp-json\/wp\/v2\/types\/post"}],"author":[{"embeddable":true,"href":"https:\/\/www.virtual-press.com\/newsroom\/wp-json\/wp\/v2\/users\/4"}],"replies":[{"embeddable":true,"href":"https:\/\/www.virtual-press.com\/newsroom\/wp-json\/wp\/v2\/comments?post=2630"}],"version-history":[{"count":1,"href":"https:\/\/www.virtual-press.com\/newsroom\/wp-json\/wp\/v2\/posts\/2630\/revisions"}],"predecessor-version":[{"id":2632,"href":"https:\/\/www.virtual-press.com\/newsroom\/wp-json\/wp\/v2\/posts\/2630\/revisions\/2632"}],"wp:featuredmedia":[{"embeddable":true,"href":"https:\/\/www.virtual-press.com\/newsroom\/wp-json\/wp\/v2\/media\/2631"}],"wp:attachment":[{"href":"https:\/\/www.virtual-press.com\/newsroom\/wp-json\/wp\/v2\/media?parent=2630"}],"wp:term":[{"taxonomy":"category","embeddable":true,"href":"https:\/\/www.virtual-press.com\/newsroom\/wp-json\/wp\/v2\/categories?post=2630"},{"taxonomy":"post_tag","embeddable":true,"href":"https:\/\/www.virtual-press.com\/newsroom\/wp-json\/wp\/v2\/tags?post=2630"}],"curies":[{"name":"wp","href":"https:\/\/api.w.org\/{rel}","templated":true}]}}