{"id":2723,"date":"2023-05-12T00:27:00","date_gmt":"2023-05-11T22:27:00","guid":{"rendered":"https:\/\/www.virtual-press.com\/newsroom\/?p=2723"},"modified":"2023-05-07T11:55:00","modified_gmt":"2023-05-07T09:55:00","slug":"metaponto-il-lido-il-sogno-del-capitano-diventa-realta","status":"publish","type":"post","link":"https:\/\/www.virtual-press.com\/newsroom\/metaponto-il-lido-il-sogno-del-capitano-diventa-realta\/","title":{"rendered":"Metaponto: il lido \u201cIl sogno del Capitano\u201d diventa realt\u00e0"},"content":{"rendered":"\n<figure class=\"wp-block-gallery has-nested-images columns-default is-cropped wp-block-gallery-1 is-layout-flex wp-block-gallery-is-layout-flex\">\n<figure class=\"wp-block-image size-large\"><img loading=\"lazy\" decoding=\"async\" width=\"720\" height=\"398\" data-id=\"2725\" src=\"https:\/\/www.virtual-press.com\/newsroom\/wp-content\/uploads\/2023\/05\/Screenshot_20230502-205528_WhatsApp.jpg\" alt=\"\" class=\"wp-image-2725\" srcset=\"https:\/\/www.virtual-press.com\/newsroom\/wp-content\/uploads\/2023\/05\/Screenshot_20230502-205528_WhatsApp.jpg 720w, https:\/\/www.virtual-press.com\/newsroom\/wp-content\/uploads\/2023\/05\/Screenshot_20230502-205528_WhatsApp-300x166.jpg 300w\" sizes=\"auto, (max-width: 720px) 100vw, 720px\" \/><\/figure>\n\n\n\n<figure class=\"wp-block-image size-large\"><img loading=\"lazy\" decoding=\"async\" width=\"720\" height=\"398\" data-id=\"2724\" src=\"https:\/\/www.virtual-press.com\/newsroom\/wp-content\/uploads\/2023\/05\/Screenshot_20230502-211721_WhatsApp.jpg\" alt=\"\" class=\"wp-image-2724\" srcset=\"https:\/\/www.virtual-press.com\/newsroom\/wp-content\/uploads\/2023\/05\/Screenshot_20230502-211721_WhatsApp.jpg 720w, https:\/\/www.virtual-press.com\/newsroom\/wp-content\/uploads\/2023\/05\/Screenshot_20230502-211721_WhatsApp-300x166.jpg 300w\" sizes=\"auto, (max-width: 720px) 100vw, 720px\" \/><\/figure>\n<\/figure>\n\n\n\n<p>&#8220;Il compimento di un progetto inseguito per anni.\u201d Con queste parole il sindaco di Bernalda Domenico Tataranno ha presentato nei giorni scorsi \u201dIl sogno del Capitano\u201d, il lido che nascer\u00e0 proprio a Metaponto. \u00c8 la realizzazione di un sogno nato nel 2017, ispirato al Lido inclusivo di Melendugno (Le) \u2018La Terrazza \u2013 tutti a mare\u201d. Il lido, progettato da Alberto Grieco, \u00e8 stato ideato da Gaetano Fuso, detto il Capitano, un ex poliziotto in servizio a Matera. Malato di SLA, purtroppo ci ha lasciato nel 2020. Ma questo ragazzo speciale che ha mostrato agli amministratori di Bernalda la possibilit\u00e0 che possa esistere un mondo fatto anche di accoglienza, sensibilit\u00e0 e solidariet\u00e0: assistente capo della Polizia di Stato, quando si \u00e8 reso conto di quello che la vita gli stava riservando non ha perso le speranze e ha tradotto le sue energie in un percorso alternativo, come ha ricordato il questore di Matera Emma Ivagnes.<\/p>\n\n\n\n<p>Quando il Capo dello Stato Sergio Mattarella, nel 2018, gli conferisce l\u2019onorificenza di Cavaliere al Merito della Repubblica Italiana \u201cper la determinazione e la forza d\u2019animo con cui ha portato a compimento il suo progetto\u201d, Gaetano afferma in un\u2019intervista: \u201cNon credo sia un merito, perch\u00e9 quando la SLA mi ha reso immobile ho semplicemente continuato a ragionare da poliziotto\u201d.<\/p>\n\n\n\n<p>Quando la malattia lo raggiunge, infatti, Gaetano ha alle spalle quasi 20 anni di servizio, di cui 15 trascorsi alla Questura di Matera, dove arriva nel marzo del 1998, a soli 21 anni, prestando servizio prima alla Sezione Volanti e poi alla Polizia Scientifica. Nel 2014, Gaetano \u00e8 rientrato, da appena un anno, nel suo Salento, dalla sua famiglia, e presta servizio presso il Commissariato di Galatina.<\/p>\n\n\n\n<p>Il Questore Emma Ivagnes, salentina, che lo ha conosciuto gi\u00e0 in occasione della realizzazione della spiaggia inclusiva di San Foca, nel suo intervento in memoria di Gaetano ha voluto onorarne l\u2019impegno professionale e civile: \u201cGaetano non pu\u00f2 dimenticare di essere un poliziotto, non vuole rinunciare alla sua missione \u201cesserci sempre\u201d. Quando si rende conto che non avrebbe pi\u00f9 potuto fare il poliziotto decide di continuare a dedicarsi agli altri e, in particolare a chi, come lui, viene colpito da una malattia terribile come la SLA. Ed allora, trasformato il suo dolore in forza, le sue paure in speranza, aiutato dalla meravigliosa moglie Giorgia, conia lo slogan \u201cIo Posso\u201d e si concentra nella realizzazione del Progetto \u201cLa Terrazza \u2013 Tutti al mare\u201d. Per noi salentini l\u2019amore per il mare, per i suoi profumi ed i suoi colori, \u00e8 qualcosa che ci accompagna fin dalla nascita e Gaetano sceglie personalmente il tratto di spiaggia che, a San Foca, meglio si presta al suo sogno: un accesso per persone affette da SLA o con altre disabilit\u00e0, per rendere possibile una giornata al mare senza barriere, insieme ai familiari, con assistenza sanitaria adeguata. Ancora una volta grazie, Gaetano\u201d.<\/p>\n\n\n\n<p>\u201cGaetano \u00e8 stato un bagnino nel lido della Polizia \u2013 ha sottolineato la moglie Giorgia Rollo (nella foto in copertina con il questore Ivagnes \u2013 e per noi tutto questo \u00e8 la realizzazione di un piccolo grande traguardo\u201d.<\/p>\n\n\n\n<p>La struttura, la prima in Basilicata che garantir\u00e0 la fruizione del mare sia a normodotati sia a diversamente abili verr\u00e0 montata il primo giugno e sar\u00e0 inclusiva, con tutti i servizi e senza nessuna barriera architettonica.<\/p>\n\n\n\n<p>Del progetto e della sua realizzazione hanno relazionato il sindaco Domenico Tataranno e la consigliera delegata Giusy Cirigliano, l\u2019architetto dell\u2019ufficio tecnico comunale Alberto Grieco, Giuseppe Bruno, presidente del consorzio La Citt\u00e0 Essenziale, gli assessori regionali Francesco Fanelli e Donatella Merra che insieme al Presidente Vito Bardi hanno creduto fortemente in questo progetto finanziandolo completamente con i fondi regionali per lo sviluppo e la coesione. Presenti anche le dottoresse Musacchio e Galasso, funzionarie dell\u2019Inail.<\/p>\n\n\n\n<p class=\"has-text-align-right\"><strong>Rossella Montemurro<\/strong><\/p>\n","protected":false},"excerpt":{"rendered":"<p>&#8220;Il compimento di un progetto inseguito per anni.\u201d Con queste parole il sindaco di Bernalda Domenico Tataranno ha presentato nei giorni scorsi \u201dIl sogno del Capitano\u201d, il lido che nascer\u00e0 proprio a Metaponto. \u00c8 la realizzazione di un sogno nato nel 2017, ispirato al Lido inclusivo di Melendugno (Le) \u2018La Terrazza \u2013 tutti a mare\u201d&#8230;.<\/p>\n","protected":false},"author":4,"featured_media":2726,"comment_status":"open","ping_status":"open","sticky":false,"template":"","format":"standard","meta":{"footnotes":""},"categories":[2],"tags":[1405,1406,1404,218],"class_list":["post-2723","post","type-post","status-publish","format-standard","has-post-thumbnail","hentry","category-magazine","tag-gaetano-fuso","tag-il-sogno-del-capitano","tag-lido","tag-metaponto"],"_links":{"self":[{"href":"https:\/\/www.virtual-press.com\/newsroom\/wp-json\/wp\/v2\/posts\/2723","targetHints":{"allow":["GET"]}}],"collection":[{"href":"https:\/\/www.virtual-press.com\/newsroom\/wp-json\/wp\/v2\/posts"}],"about":[{"href":"https:\/\/www.virtual-press.com\/newsroom\/wp-json\/wp\/v2\/types\/post"}],"author":[{"embeddable":true,"href":"https:\/\/www.virtual-press.com\/newsroom\/wp-json\/wp\/v2\/users\/4"}],"replies":[{"embeddable":true,"href":"https:\/\/www.virtual-press.com\/newsroom\/wp-json\/wp\/v2\/comments?post=2723"}],"version-history":[{"count":1,"href":"https:\/\/www.virtual-press.com\/newsroom\/wp-json\/wp\/v2\/posts\/2723\/revisions"}],"predecessor-version":[{"id":2727,"href":"https:\/\/www.virtual-press.com\/newsroom\/wp-json\/wp\/v2\/posts\/2723\/revisions\/2727"}],"wp:featuredmedia":[{"embeddable":true,"href":"https:\/\/www.virtual-press.com\/newsroom\/wp-json\/wp\/v2\/media\/2726"}],"wp:attachment":[{"href":"https:\/\/www.virtual-press.com\/newsroom\/wp-json\/wp\/v2\/media?parent=2723"}],"wp:term":[{"taxonomy":"category","embeddable":true,"href":"https:\/\/www.virtual-press.com\/newsroom\/wp-json\/wp\/v2\/categories?post=2723"},{"taxonomy":"post_tag","embeddable":true,"href":"https:\/\/www.virtual-press.com\/newsroom\/wp-json\/wp\/v2\/tags?post=2723"}],"curies":[{"name":"wp","href":"https:\/\/api.w.org\/{rel}","templated":true}]}}