{"id":2728,"date":"2023-05-08T00:00:00","date_gmt":"2023-05-07T22:00:00","guid":{"rendered":"https:\/\/www.virtual-press.com\/newsroom\/?p=2728"},"modified":"2023-05-07T11:53:46","modified_gmt":"2023-05-07T09:53:46","slug":"matera-il-carro-della-bruna-svelato-ai-bambini-che-questanno-riceveranno-la-prima-comunione-iniziativa-promossa-dallassociazione-maria-ss-della-bruna","status":"publish","type":"post","link":"https:\/\/www.virtual-press.com\/newsroom\/matera-il-carro-della-bruna-svelato-ai-bambini-che-questanno-riceveranno-la-prima-comunione-iniziativa-promossa-dallassociazione-maria-ss-della-bruna\/","title":{"rendered":"Matera, il Carro della Bruna svelato ai bambini che quest\u2019anno riceveranno la Prima Comunione. Iniziativa promossa dall\u2019Associazione Maria SS. della Bruna"},"content":{"rendered":"\n<p>Sono stati accolti sabato pomeriggio nella Fabbrica del Carro i bambini delle parrocchie di San Giovanni Battista e San Giacomo: per loro, accompagnati da parroci e catechiste, un\u2019occasione unica di catechesi sul tema del carro (\u201cDonna, ecco tuo figlio (Gv, 19, 26) \u2013 Qualsiasi cosa vi dica, fatela (Gv, 2, 5) \u2013 Dal mistero dell\u2019Eucaristia ai ministeri della Chiesa).<\/p>\n\n\n\n<p>L\u2019iniziativa, promossa dall\u2019 Associazione Maria SS. della Bruna presieduta dal dott. Bruno Caiella, ha lo scopo di avvicinare le nuove generazioni di credenti alla secolare tradizione della Festa della Bruna, promuovendone l\u2019arte e la cultura che da anni la uniscono alla Citt\u00e0 dei Sassi.<\/p>\n\n\n\n<p>Il delegato arcivescovile don Francesco Di Marzio, don Angelo Gallitelli e due delle quattro artiste che stanno realizzando il manufatto in cartapesta, Elena Mirimao e Annalisa Di Gioia (assenti giustificate Luigina Bonamassa e Laura D\u2019Ercole) hanno animato un incontro che ha entusiasmato i piccoli, consapevoli di star vivendo un\u2019esperienza indimenticabile.<\/p>\n\n\n\n<p>Partendo dal bozzetto (\u201cNato dai nostro cuori e dai nostri pensieri, ci ha permesso di renderci conto di come realizzare il carro\u201d, ha precisato Elena) \u00e8 stato spiegato il modo in cui \u00e8 stato riprodotto in cartapesta il Vangelo fatto da Giovanni, \u201cDonna, ecco tuo figlio\u201d: \u201cGes\u00f9 pur essendo sulla croce non ha l\u2019aspetto sofferente ma quello del Risorto. \u2013 ha detto Elena \u2013&nbsp; C\u2019\u00e8 una donna, rappresenta di spalle perch\u00e9 ci siamo volute rivedere in lei, nel nostro immaginario questa donna ha il volto di ciascuno di noi. \u00c8 scalza perch\u00e9 rappresenta la nostra umanit\u00e0, ha le mani giunte perch\u00e9 aspetta il pane da Ges\u00f9.&nbsp;<\/p>\n\n\n\n<p>Quando Ges\u00f9 dice a Maria: \u201cDonna, ecco tuo figlio\u201d vuole affidarle tutta l\u2019umanit\u00e0\u201d.<\/p>\n\n\n\n<p>Annalisa ha sottolineato il ruolo fondamentale delle mani: \u201cSono mani che indicano e sono sempre i gesti a condurre l\u2019osservatore. Maria indica con il dito indice Ges\u00f9 ed \u00e8 un gesto che ritroveremo in tante opere d\u2019arte\u201d.<\/p>\n\n\n\n<p>La croce \u00e8 un albero, ognuna delle tre parti \u00e8 fatta da ulivo (quella inferiore), vite (le braccia) e alloro (la parte superiore).<\/p>\n\n\n\n<p>In basso \u00e8 rappresentato il tema delle nozze di Cana e, alla base del carro sono posizionate sei anfore e sette bifore (queste ultime riproducono i sette sacramenti).<\/p>\n\n\n\n<p>Alcuni elementi del carro riportano alla nostra cattedrale: la Porta dei leoni, il campanile e la prospettiva della Chiesa Madre posizionata nei pressi del posto dell\u2019auriga.<\/p>\n\n\n\n<p>I bambini sono rimasti affascinati dal Carro, e incantati per la dolcezza delle artiste e la simpatia di don Francesco e don Angelo.<\/p>\n\n\n\n<p class=\"has-text-align-right\"><strong>Rossella Montemurro<\/strong><\/p>\n","protected":false},"excerpt":{"rendered":"<p>Sono stati accolti sabato pomeriggio nella Fabbrica del Carro i bambini delle parrocchie di San Giovanni Battista e San Giacomo: per loro, accompagnati da parroci e catechiste, un\u2019occasione unica di catechesi sul tema del carro (\u201cDonna, ecco tuo figlio (Gv, 19, 26) \u2013 Qualsiasi cosa vi dica, fatela (Gv, 2, 5) \u2013 Dal mistero dell\u2019Eucaristia&#8230;<\/p>\n","protected":false},"author":4,"featured_media":2729,"comment_status":"open","ping_status":"open","sticky":false,"template":"","format":"standard","meta":{"footnotes":""},"categories":[2],"tags":[1179,1073,8,1407],"class_list":["post-2728","post","type-post","status-publish","format-standard","has-post-thumbnail","hentry","category-magazine","tag-associazione-maria-ss-della-bruna-2","tag-fabbrica-del-carro","tag-matera","tag-prima-comunione"],"_links":{"self":[{"href":"https:\/\/www.virtual-press.com\/newsroom\/wp-json\/wp\/v2\/posts\/2728","targetHints":{"allow":["GET"]}}],"collection":[{"href":"https:\/\/www.virtual-press.com\/newsroom\/wp-json\/wp\/v2\/posts"}],"about":[{"href":"https:\/\/www.virtual-press.com\/newsroom\/wp-json\/wp\/v2\/types\/post"}],"author":[{"embeddable":true,"href":"https:\/\/www.virtual-press.com\/newsroom\/wp-json\/wp\/v2\/users\/4"}],"replies":[{"embeddable":true,"href":"https:\/\/www.virtual-press.com\/newsroom\/wp-json\/wp\/v2\/comments?post=2728"}],"version-history":[{"count":1,"href":"https:\/\/www.virtual-press.com\/newsroom\/wp-json\/wp\/v2\/posts\/2728\/revisions"}],"predecessor-version":[{"id":2730,"href":"https:\/\/www.virtual-press.com\/newsroom\/wp-json\/wp\/v2\/posts\/2728\/revisions\/2730"}],"wp:featuredmedia":[{"embeddable":true,"href":"https:\/\/www.virtual-press.com\/newsroom\/wp-json\/wp\/v2\/media\/2729"}],"wp:attachment":[{"href":"https:\/\/www.virtual-press.com\/newsroom\/wp-json\/wp\/v2\/media?parent=2728"}],"wp:term":[{"taxonomy":"category","embeddable":true,"href":"https:\/\/www.virtual-press.com\/newsroom\/wp-json\/wp\/v2\/categories?post=2728"},{"taxonomy":"post_tag","embeddable":true,"href":"https:\/\/www.virtual-press.com\/newsroom\/wp-json\/wp\/v2\/tags?post=2728"}],"curies":[{"name":"wp","href":"https:\/\/api.w.org\/{rel}","templated":true}]}}