{"id":2731,"date":"2023-05-10T00:55:00","date_gmt":"2023-05-09T22:55:00","guid":{"rendered":"https:\/\/www.virtual-press.com\/newsroom\/?p=2731"},"modified":"2023-05-07T11:57:32","modified_gmt":"2023-05-07T09:57:32","slug":"realverso-metaverso-della-sostenibilita-e-digital-twin-il-10-a-matera","status":"publish","type":"post","link":"https:\/\/www.virtual-press.com\/newsroom\/realverso-metaverso-della-sostenibilita-e-digital-twin-il-10-a-matera\/","title":{"rendered":"Realverso: metaverso della sostenibilit\u00e0 e digital Twin\u00a0il 10 a Matera"},"content":{"rendered":"\n<p>Tutto pronto per il lancio pubblico del Realverso Lucanum, metaverso che fa scoprire il territorio lucano sensibilizzando e formando la comunit\u00e0 sugli obiettivi dell\u2019Agenda Onu 2030, che avverr\u00e0 durante l\u2019evento di oggi, 10 Maggio, alle ore 11 presso Open Space di Apt Basilicata in Piazza Vittorio Veneto a Matera.<br>Gerardo Larocca, sindaco di Brindisi Montagna e Vito Santarcangelo, amministratore della iinformatica dichiarano \u201cL\u2019evento di lancio pubblico sar\u00e0 un momento di confronto istituzionale e tecnico-scientifico di notevole rilevanza nazionale dove verranno mostrate le opportunit\u00e0 offerte dal metaverso e dal digital twin. Inoltre, tramite il pass cartolina che sar\u00e0 consegnato ai partecipanti all\u2019evento sar\u00e0 possibile accedere dal proprio browser con il proprio avatar alla prima versione sperimentale del Realverso Lucanum che vedr\u00e0 gi\u00e0 attive le citt\u00e0 di Brindisi Montagna, Potenza, Pisticci e Barile, quattro dei nove comuni lucani gi\u00e0 aderenti al progetto\u201d.<br>A Brindisi Montagna sar\u00e0 possibile, collezionando conio etico, attivare le luci del digital twin che sar\u00e0 installato in una vetrina pubblicamente visibile presso la Martulli Viaggi a Matera a partire dalle ore 10.30 del giorno dell\u2019evento. A tal proposito Michele Martulli afferma \u201cSiamo convinti delle potenzialit\u00e0 del metaverso, e abbiamo da subito creduto nel Realverso Lucanum quale nuovo strumento digitale per promuovere maggiormente l\u2019offerta dei nostri servizi di tour operator che guardano ad una promozione territoriale dell\u2019hinterland della Basilicata. Offriremo quindi nella nostra agenzia una finestra gratuita per l\u2019accesso al metaverso da parte dei turisti\u201d.<br>L\u2019evento lancio vedr\u00e0 la partecipazione istituzionale del Direttore di APT Basilicata Antonio Nicoletti, della Regione Basilicata rappresentata dal consigliere Gerardina Sileo, del Presidente della Provincia di Matera Piero Marrese, del Sindaco di Matera Domenico Bennardi, del presidente ANCI Basilicata Andrea Bernardo, del direttore di Asset Basilicata Vito Signati, del Presidente dell\u2019Ente Pro Loco Italiane Pasquale Ciurleo con la moderazione di Rocco Franciosa Presidente Ente Pro Loco Basilicata.<\/p>\n","protected":false},"excerpt":{"rendered":"<p>Tutto pronto per il lancio pubblico del Realverso Lucanum, metaverso che fa scoprire il territorio lucano sensibilizzando e formando la comunit\u00e0 sugli obiettivi dell\u2019Agenda Onu 2030, che avverr\u00e0 durante l\u2019evento di oggi, 10 Maggio, alle ore 11 presso Open Space di Apt Basilicata in Piazza Vittorio Veneto a Matera.Gerardo Larocca, sindaco di Brindisi Montagna e&#8230;<\/p>\n","protected":false},"author":4,"featured_media":2732,"comment_status":"open","ping_status":"open","sticky":false,"template":"","format":"standard","meta":{"footnotes":""},"categories":[2],"tags":[944,8,1409,1408],"class_list":["post-2731","post","type-post","status-publish","format-standard","has-post-thumbnail","hentry","category-magazine","tag-iinformatica","tag-matera","tag-metaverso","tag-realverso"],"_links":{"self":[{"href":"https:\/\/www.virtual-press.com\/newsroom\/wp-json\/wp\/v2\/posts\/2731","targetHints":{"allow":["GET"]}}],"collection":[{"href":"https:\/\/www.virtual-press.com\/newsroom\/wp-json\/wp\/v2\/posts"}],"about":[{"href":"https:\/\/www.virtual-press.com\/newsroom\/wp-json\/wp\/v2\/types\/post"}],"author":[{"embeddable":true,"href":"https:\/\/www.virtual-press.com\/newsroom\/wp-json\/wp\/v2\/users\/4"}],"replies":[{"embeddable":true,"href":"https:\/\/www.virtual-press.com\/newsroom\/wp-json\/wp\/v2\/comments?post=2731"}],"version-history":[{"count":1,"href":"https:\/\/www.virtual-press.com\/newsroom\/wp-json\/wp\/v2\/posts\/2731\/revisions"}],"predecessor-version":[{"id":2733,"href":"https:\/\/www.virtual-press.com\/newsroom\/wp-json\/wp\/v2\/posts\/2731\/revisions\/2733"}],"wp:featuredmedia":[{"embeddable":true,"href":"https:\/\/www.virtual-press.com\/newsroom\/wp-json\/wp\/v2\/media\/2732"}],"wp:attachment":[{"href":"https:\/\/www.virtual-press.com\/newsroom\/wp-json\/wp\/v2\/media?parent=2731"}],"wp:term":[{"taxonomy":"category","embeddable":true,"href":"https:\/\/www.virtual-press.com\/newsroom\/wp-json\/wp\/v2\/categories?post=2731"},{"taxonomy":"post_tag","embeddable":true,"href":"https:\/\/www.virtual-press.com\/newsroom\/wp-json\/wp\/v2\/tags?post=2731"}],"curies":[{"name":"wp","href":"https:\/\/api.w.org\/{rel}","templated":true}]}}