{"id":2738,"date":"2023-05-24T00:39:00","date_gmt":"2023-05-23T22:39:00","guid":{"rendered":"https:\/\/www.virtual-press.com\/newsroom\/?p=2738"},"modified":"2023-05-23T15:30:07","modified_gmt":"2023-05-23T13:30:07","slug":"seminario-formativo-nazionale-il-digitale-a-scuola-tra-opportunita-e-rischi-dai-razzismi-2-0-alle-competenze-di-cittadinanza-digitale-il-25-nellaula-magna-del-campus-universitario-di-ma","status":"publish","type":"post","link":"https:\/\/www.virtual-press.com\/newsroom\/seminario-formativo-nazionale-il-digitale-a-scuola-tra-opportunita-e-rischi-dai-razzismi-2-0-alle-competenze-di-cittadinanza-digitale-il-25-nellaula-magna-del-campus-universitario-di-ma\/","title":{"rendered":"Seminario formativo nazionale &#8220;Il digitale a scuola tra opportunit\u00e0 e rischi. Dai razzismi 2.0 alle competenze di cittadinanza digitale&#8221;. Domani nell\u2019Aula Magna del Campus Universitario di Matera"},"content":{"rendered":"\n<p>Domani, gioved\u00ec 25 maggio, presso l\u2019Aula Magna del Campus di Matera si terr\u00e0 il Seminario formativo nazionale \u201cIL DIGITALE A SCUOLA TRA OPPORTUNIT\u00c0 E RISCHI. Dai razzismi 2.0 alle competenze di cittadinanza digitale.\u201d L\u2019iniziativa \u00e8 organizzata dal Corso di Laurea in Scienze della Formazione Primaria unitamente alla Casa delle tecnologie emergenti di Matera.<\/p>\n\n\n\n<p>Dopo i saluti del prof. Claudio DE LUCA, Coordinatore del Corso di laurea in SFP Unibas, il seminario sar\u00e0 introdotto dalla prof.ssa Aurelia SOLE, Prorettrice alle Pari Opportunit\u00e0 e alle tematiche di genere dell\u2019Universit\u00e0 degli Studi della Basilicata e dal prof. Alessio FABIANO, docente di didattica digitale per l\u2019inclusione di qualit\u00e0 dell\u2019Universit\u00e0 degli Studi della Basilicata, spiegher\u00e0 le ragioni dell\u2019iniziativa. A seguire relazioner\u00e0 Stefano PASTA del Centro di Ricerca sull\u2019Educazione ai Media, all\u2019Innovazione e alla Tecnologia (CREMIT) dell\u2019Universit\u00e0 Cattolica del Sacro Cuore Milano e&nbsp; autore del libro \u201cRazzismi 2.0. Analisi socio-educativa dell\u2019odio online\u201d.<\/p>\n\n\n\n<p>Oltre alle studentesse e agli studenti di Scienze della Formazione Primaria dell\u2019Universit\u00e0 degli Studi della Basilicata coinvolti nei laboratori formativi sulla cittadinanza digitale promossi nell\u2019ambito delle attivit\u00e0 previste dalla Casa delle tecnologie emergenti di Matera.<\/p>\n\n\n\n<p>Al seminario parteciperanno attivamente, inoltre, studenti degli istituti comprensivi della Basilicata.<\/p>\n\n\n\n<p>Aurelia Sole e Alessio Fabiano sono anche i responsabili Scientifici del Seminario formativo.<\/p>\n\n\n\n<p>La Segreteria Organizzativa \u00e8 composta da Rocco Digilio, Antonella Tiano, Carolina Leva e Andrea Cirolia.<\/p>\n\n\n\n<p>Il seminario formativo rientra nelle attivit\u00e0 della Casa delle tecnologie emergenti di Matera.<\/p>\n\n\n\n<p>L\u2019attivit\u00e0 per gli studenti di Scienze della Formazione Primaria \u00e8 valida come attivit\u00e0 di tirocinio indiretto.<\/p>\n\n\n\n<p>L\u2019iniziativa \u00e8 riconosciuta come attivit\u00e0 di formazione docenti, ai sensi della direttiva 170\/2016 con diritto per i partecipanti all\u2019esonero dal servizio nei limiti stabiliti dal C.C.N.L. Alla fine delle attivit\u00e0, ai partecipanti sar\u00e0 rilasciato un attestato di partecipazione.<\/p>\n\n\n\n<p>Digital partner dell\u2019iniziativa l\u2019Associazione \u201cEducation&amp;Training. Formazione e Cittadinanza Digitale\u201d ed EDUcrazia. Rivista di riflessioni pedagogiche e didattiche.<\/p>\n\n\n\n<p>Link per l\u2019iscrizione al seminario:<\/p>\n\n\n\n<p><a href=\"https:\/\/forms.gle\/cvdgE6dGk1voGnZ8A\">https:\/\/forms.gle\/cvdgE6dGk1voGnZ8A<\/a><\/p>\n\n\n\n<p>Link per il collegamento a distanza:<\/p>\n\n\n\n<p><a href=\"https:\/\/meet.google.com\/vqa-zcaa-ryu\">https:\/\/meet.google.com\/vqa-zcaa-ryu<\/a><\/p>\n","protected":false},"excerpt":{"rendered":"<p>Domani, gioved\u00ec 25 maggio, presso l\u2019Aula Magna del Campus di Matera si terr\u00e0 il Seminario formativo nazionale \u201cIL DIGITALE A SCUOLA TRA OPPORTUNIT\u00c0 E RISCHI. Dai razzismi 2.0 alle competenze di cittadinanza digitale.\u201d L\u2019iniziativa \u00e8 organizzata dal Corso di Laurea in Scienze della Formazione Primaria unitamente alla Casa delle tecnologie emergenti di Matera. Dopo i&#8230;<\/p>\n","protected":false},"author":4,"featured_media":2739,"comment_status":"open","ping_status":"open","sticky":false,"template":"","format":"standard","meta":{"footnotes":""},"categories":[2],"tags":[1411,8,545,257],"class_list":["post-2738","post","type-post","status-publish","format-standard","has-post-thumbnail","hentry","category-magazine","tag-digitale","tag-matera","tag-scuola","tag-unibas"],"_links":{"self":[{"href":"https:\/\/www.virtual-press.com\/newsroom\/wp-json\/wp\/v2\/posts\/2738","targetHints":{"allow":["GET"]}}],"collection":[{"href":"https:\/\/www.virtual-press.com\/newsroom\/wp-json\/wp\/v2\/posts"}],"about":[{"href":"https:\/\/www.virtual-press.com\/newsroom\/wp-json\/wp\/v2\/types\/post"}],"author":[{"embeddable":true,"href":"https:\/\/www.virtual-press.com\/newsroom\/wp-json\/wp\/v2\/users\/4"}],"replies":[{"embeddable":true,"href":"https:\/\/www.virtual-press.com\/newsroom\/wp-json\/wp\/v2\/comments?post=2738"}],"version-history":[{"count":2,"href":"https:\/\/www.virtual-press.com\/newsroom\/wp-json\/wp\/v2\/posts\/2738\/revisions"}],"predecessor-version":[{"id":2748,"href":"https:\/\/www.virtual-press.com\/newsroom\/wp-json\/wp\/v2\/posts\/2738\/revisions\/2748"}],"wp:featuredmedia":[{"embeddable":true,"href":"https:\/\/www.virtual-press.com\/newsroom\/wp-json\/wp\/v2\/media\/2739"}],"wp:attachment":[{"href":"https:\/\/www.virtual-press.com\/newsroom\/wp-json\/wp\/v2\/media?parent=2738"}],"wp:term":[{"taxonomy":"category","embeddable":true,"href":"https:\/\/www.virtual-press.com\/newsroom\/wp-json\/wp\/v2\/categories?post=2738"},{"taxonomy":"post_tag","embeddable":true,"href":"https:\/\/www.virtual-press.com\/newsroom\/wp-json\/wp\/v2\/tags?post=2738"}],"curies":[{"name":"wp","href":"https:\/\/api.w.org\/{rel}","templated":true}]}}