{"id":2765,"date":"2023-09-20T00:21:00","date_gmt":"2023-09-19T22:21:00","guid":{"rendered":"https:\/\/www.virtual-press.com\/newsroom\/?p=2765"},"modified":"2023-09-12T12:21:11","modified_gmt":"2023-09-12T10:21:11","slug":"peter-greenaway-presidente-di-giuria-lungometraggi-della-quarta-edizione-del-matera-film-festival-dal-30-settembre-al-7-ottobre","status":"publish","type":"post","link":"https:\/\/www.virtual-press.com\/newsroom\/peter-greenaway-presidente-di-giuria-lungometraggi-della-quarta-edizione-del-matera-film-festival-dal-30-settembre-al-7-ottobre\/","title":{"rendered":"Peter Greenaway presidente della giuria lungometraggi della quarta edizione del Matera Film Festival dal 30 settembre al 7 ottobre"},"content":{"rendered":"\n<p>Sar\u00e0 il regista, sceneggiatore, montatore, pittore e scrittore britannico&nbsp;<strong>Peter Greenaway&nbsp;<\/strong>a&nbsp;presiedere la Giuria che assegner\u00e0 la&nbsp;<strong>Balena d\u2019Oro<\/strong>&nbsp;come Miglior Film alla&nbsp;<strong>quarta edizione<\/strong>&nbsp;del&nbsp;Matera&nbsp;Film&nbsp;Festival.<\/p>\n\n\n\n<p>Artista&nbsp;visuale,&nbsp;regista,&nbsp;pittore,&nbsp;scrittore e altro ancora. Considerato come uno dei pi\u00f9&nbsp;significativi&nbsp;cineasti&nbsp;contemporanei&nbsp;nel&nbsp;panorama&nbsp;internazionale,&nbsp;le&nbsp;sue&nbsp;opere,&nbsp;in&nbsp;particolare&nbsp;i suoi film, riflettono la smisurata passione per l\u2019arte e la vocazione alla sperimentazione&nbsp;tecnologica.<\/p>\n\n\n\n<p>Nei suoi quasi sessant\u2019anni di carriera, \u00e8 stato l\u2019autore di capolavori come \u2018<em>I misteri del&nbsp;giardino&nbsp;di&nbsp;Compton&nbsp;House<\/em>\u2019&nbsp;(The&nbsp;Draughtsman\u2019s&nbsp;Contract), suo primo lungometraggio&nbsp;presentato&nbsp;nel&nbsp;1982&nbsp;alla&nbsp;Mostra&nbsp;del&nbsp;Cinema&nbsp;di&nbsp;Venezia.<\/p>\n\n\n\n<p>Tra i suoi successi, alcuni dei quali saranno proiettati durante il festival, spiccano: \u2018<em>Lo zoo di&nbsp;Venere<\/em>\u2019 (A Zed &amp; Two Noughts, 1985), \u2018<em>Il ventre dell\u2019architetto<\/em>\u2019 (The belly of an architect,&nbsp;1987); \u2018<em>Il cuoco, il ladro, sua moglie e l\u2019amante<\/em>\u2019 (The Cook, the Thief, His Wife &amp; Her Lover,&nbsp;1989) e \u2018<em>I&nbsp;racconti&nbsp;del&nbsp;cuscino<\/em>\u2019&nbsp;(The&nbsp;pillow&nbsp;book,&nbsp;1996).<\/p>\n\n\n\n<p><strong>Le iscrizioni al concorso internazionale<\/strong>&nbsp;di lungometraggi, documentari e cortometraggi, a cui&nbsp;potranno&nbsp;partecipare&nbsp;le&nbsp;produzioni&nbsp;realizzate&nbsp;a&nbsp;partire&nbsp;dal&nbsp;2022,&nbsp;si&nbsp;chiuderanno&nbsp;il&nbsp;<strong>prossimo 12&nbsp;&nbsp;&nbsp;&nbsp;&nbsp;&nbsp;&nbsp;&nbsp;&nbsp; luglio<\/strong>. Per&nbsp;&nbsp;&nbsp; iscrivere le&nbsp;&nbsp; proprie opere sar\u00e0 sufficiente accedere al&nbsp;&nbsp;&nbsp; sito&nbsp;<a href=\"http:\/\/www.materafilmfestival.it\/\" target=\"_blank\" rel=\"noreferrer noopener\">www.materafilmfestival.it<\/a>&nbsp;&nbsp;&nbsp;&nbsp;&nbsp;&nbsp;&nbsp;e seguire le indicazioni riportate in home page.<\/p>\n\n\n\n<p>Successivamente, una commissione di esperti selezioner\u00e0 i migliori film e la giuria sceglier\u00e0,&nbsp;&nbsp;&nbsp;tra&nbsp;questi,&nbsp;i&nbsp;vincitori.&nbsp;Il&nbsp;montepremi&nbsp;del&nbsp;valore&nbsp;di&nbsp;10&nbsp;mila&nbsp;euro&nbsp;\u00e8&nbsp;un&nbsp;voucher&nbsp;offerto&nbsp;da&nbsp;Camera&nbsp;Service Factory, partner della manifestazione e sar\u00e0 cos\u00ec suddiviso: 5 mila euro per il miglior&nbsp;lungometraggio;&nbsp;3&nbsp;mila&nbsp;euro&nbsp;miglior&nbsp;documentario&nbsp;e&nbsp;2&nbsp;mila&nbsp;euro&nbsp;miglior&nbsp;cortometraggio.<\/p>\n\n\n\n<p>Oltre ai principali premi del concorso, l\u2019organizzazione assegner\u00e0 ulteriori riconoscimenti&nbsp;e&nbsp;menzioni.<\/p>\n","protected":false},"excerpt":{"rendered":"<p>Sar\u00e0 il regista, sceneggiatore, montatore, pittore e scrittore britannico&nbsp;Peter Greenaway&nbsp;a&nbsp;presiedere la Giuria che assegner\u00e0 la&nbsp;Balena d\u2019Oro&nbsp;come Miglior Film alla&nbsp;quarta edizione&nbsp;del&nbsp;Matera&nbsp;Film&nbsp;Festival. Artista&nbsp;visuale,&nbsp;regista,&nbsp;pittore,&nbsp;scrittore e altro ancora. Considerato come uno dei pi\u00f9&nbsp;significativi&nbsp;cineasti&nbsp;contemporanei&nbsp;nel&nbsp;panorama&nbsp;internazionale,&nbsp;le&nbsp;sue&nbsp;opere,&nbsp;in&nbsp;particolare&nbsp;i suoi film, riflettono la smisurata passione per l\u2019arte e la vocazione alla sperimentazione&nbsp;tecnologica. Nei suoi quasi sessant\u2019anni di carriera, \u00e8 stato l\u2019autore di capolavori come \u2018I&#8230;<\/p>\n","protected":false},"author":4,"featured_media":2766,"comment_status":"open","ping_status":"open","sticky":false,"template":"","format":"standard","meta":{"footnotes":""},"categories":[2],"tags":[557,1423],"class_list":["post-2765","post","type-post","status-publish","format-standard","has-post-thumbnail","hentry","category-magazine","tag-matera-film-festival","tag-peter-greenaway"],"_links":{"self":[{"href":"https:\/\/www.virtual-press.com\/newsroom\/wp-json\/wp\/v2\/posts\/2765","targetHints":{"allow":["GET"]}}],"collection":[{"href":"https:\/\/www.virtual-press.com\/newsroom\/wp-json\/wp\/v2\/posts"}],"about":[{"href":"https:\/\/www.virtual-press.com\/newsroom\/wp-json\/wp\/v2\/types\/post"}],"author":[{"embeddable":true,"href":"https:\/\/www.virtual-press.com\/newsroom\/wp-json\/wp\/v2\/users\/4"}],"replies":[{"embeddable":true,"href":"https:\/\/www.virtual-press.com\/newsroom\/wp-json\/wp\/v2\/comments?post=2765"}],"version-history":[{"count":2,"href":"https:\/\/www.virtual-press.com\/newsroom\/wp-json\/wp\/v2\/posts\/2765\/revisions"}],"predecessor-version":[{"id":2768,"href":"https:\/\/www.virtual-press.com\/newsroom\/wp-json\/wp\/v2\/posts\/2765\/revisions\/2768"}],"wp:featuredmedia":[{"embeddable":true,"href":"https:\/\/www.virtual-press.com\/newsroom\/wp-json\/wp\/v2\/media\/2766"}],"wp:attachment":[{"href":"https:\/\/www.virtual-press.com\/newsroom\/wp-json\/wp\/v2\/media?parent=2765"}],"wp:term":[{"taxonomy":"category","embeddable":true,"href":"https:\/\/www.virtual-press.com\/newsroom\/wp-json\/wp\/v2\/categories?post=2765"},{"taxonomy":"post_tag","embeddable":true,"href":"https:\/\/www.virtual-press.com\/newsroom\/wp-json\/wp\/v2\/tags?post=2765"}],"curies":[{"name":"wp","href":"https:\/\/api.w.org\/{rel}","templated":true}]}}