{"id":2804,"date":"2023-06-19T00:38:00","date_gmt":"2023-06-18T22:38:00","guid":{"rendered":"https:\/\/www.virtual-press.com\/newsroom\/?p=2804"},"modified":"2023-06-17T14:46:22","modified_gmt":"2023-06-17T12:46:22","slug":"intelligenza-artificiale-opportunita-o-rischio-appuntamento-il-19-a-matera-con-altroconsumo-basilicata-ospite-francesco-vespe-dellagenzia-spaziale-italiana","status":"publish","type":"post","link":"https:\/\/www.virtual-press.com\/newsroom\/intelligenza-artificiale-opportunita-o-rischio-appuntamento-il-19-a-matera-con-altroconsumo-basilicata-ospite-francesco-vespe-dellagenzia-spaziale-italiana\/","title":{"rendered":"\u201cIntelligenza Artificiale. Opportunit\u00e0 o rischio?\u201d: appuntamento il 19 a Matera con Altroconsumo Basilicata: ospite Francesco Vespe dell\u2019Agenzia Spaziale Italiana"},"content":{"rendered":"\n<p>Oggi, luned\u00ec 19 giugno prossimo, alle ore 18, presso il Circolo La Scaletta di Matera, si terr\u00e0 un incontro sul tema dell\u2019intelligenza artificiale, organizzato da Altroconsumo Basilicata, il cui rappresentante \u00e8 Vincenzo Di Riso.<\/p>\n\n\n\n<p>Oltre i saluti&nbsp; di rito interverr\u00e0&nbsp; il Segretario Generale di Altroconsumo, prof. Marino Melissano, mentre la relazione sar\u00e0 svolta dal dott. Francesco Vespe dell\u2019Agenzia Spaziale Italiana.<\/p>\n\n\n\n<p>Il tema \u00e8 quanto mai attuale tanto che si sta cercando di regolamentarlo anche a livello europeo, attesa la delicatezza del suo sviluppo, cui si connettono benefici, ma anche fondati timori.<\/p>\n\n\n\n<p>Non a caso Altroconsumo a livello centrale ha ritenuto di dover indicare l\u2019intelligenza artificiale come una delle priorit\u00e0 della sua azione per l\u2019anno corrente.<\/p>\n\n\n\n<p>Difatti, per quanto sia percepita ancora come un tema di nicchia, soprattutto qui nelle nostre comunit\u00e0, \u00e8 invece innegabile che essa sta gi\u00e0 avendo e avr\u00e0 sempre pi\u00f9 un impatto molto forte sulle nostre abitudini, sulle nostre opportunit\u00e0, e, in definitiva, sul nostro modo di vivere come cittadini\/consumatori.<\/p>\n\n\n\n<p>Il Parlamento europeo ha istituito una commissione speciale per addivenire ad un pacchetto di norme ragionato ed equilibrato per incentivare l\u2019I.A. senza penalizzare i cittadini soprattutto nei loro diritti individuali.<\/p>\n\n\n\n<p>Al riguardo rassicurante appare la dichiarazione del Parlamento secondo la quale le norme&nbsp;<strong><u>\u201cdevono essere incentrate sulla persona\u201d,<\/u><\/strong>&nbsp; in modo da assicurare sicurezza e trasparenza, evitando la creazione di pregiudizi e discriminazioni e assicurando il rispetto dei diritti fondamentali.<\/p>\n\n\n\n<p>E\u2019 interessante notare che, nonostante i diffusi interrogativi dei cittadini europei, secondo una recente indagine, il 61% degli europei guarda positivamente all\u2019IA e ai robot, ma l\u201988% pensa che ci voglia una gestione attenta.<\/p>\n\n\n\n<p>E dunque, sottolinea DI RISO, in Altroconsumo siamo convinti che dobbiamo essere attenti nel monitorare i processi di sviluppo dell\u2019I.A. ed invitiamo la comunit\u00e0 locale ad intervenire all\u2019evento programmato, con l\u2019impegno di tenerla aggiornata sui processi in divenire.<\/p>\n\n\n\n<p>Con un ringraziamento sincero ai partners che hanno condiviso l\u2019iniziativa : il Club Lions Matera Host, l\u2019associazione onlus Libermedia e il Circolo La scaletta che ha concesso l\u2019utilizzo della sua sede.<\/p>\n","protected":false},"excerpt":{"rendered":"<p>Oggi, luned\u00ec 19 giugno prossimo, alle ore 18, presso il Circolo La Scaletta di Matera, si terr\u00e0 un incontro sul tema dell\u2019intelligenza artificiale, organizzato da Altroconsumo Basilicata, il cui rappresentante \u00e8 Vincenzo Di Riso. Oltre i saluti&nbsp; di rito interverr\u00e0&nbsp; il Segretario Generale di Altroconsumo, prof. Marino Melissano, mentre la relazione sar\u00e0 svolta dal dott&#8230;.<\/p>\n","protected":false},"author":4,"featured_media":2810,"comment_status":"open","ping_status":"open","sticky":false,"template":"","format":"standard","meta":{"footnotes":""},"categories":[2],"tags":[1431,8],"class_list":["post-2804","post","type-post","status-publish","format-standard","has-post-thumbnail","hentry","category-magazine","tag-altroconsumo-basilicata","tag-matera"],"_links":{"self":[{"href":"https:\/\/www.virtual-press.com\/newsroom\/wp-json\/wp\/v2\/posts\/2804","targetHints":{"allow":["GET"]}}],"collection":[{"href":"https:\/\/www.virtual-press.com\/newsroom\/wp-json\/wp\/v2\/posts"}],"about":[{"href":"https:\/\/www.virtual-press.com\/newsroom\/wp-json\/wp\/v2\/types\/post"}],"author":[{"embeddable":true,"href":"https:\/\/www.virtual-press.com\/newsroom\/wp-json\/wp\/v2\/users\/4"}],"replies":[{"embeddable":true,"href":"https:\/\/www.virtual-press.com\/newsroom\/wp-json\/wp\/v2\/comments?post=2804"}],"version-history":[{"count":1,"href":"https:\/\/www.virtual-press.com\/newsroom\/wp-json\/wp\/v2\/posts\/2804\/revisions"}],"predecessor-version":[{"id":2806,"href":"https:\/\/www.virtual-press.com\/newsroom\/wp-json\/wp\/v2\/posts\/2804\/revisions\/2806"}],"wp:featuredmedia":[{"embeddable":true,"href":"https:\/\/www.virtual-press.com\/newsroom\/wp-json\/wp\/v2\/media\/2810"}],"wp:attachment":[{"href":"https:\/\/www.virtual-press.com\/newsroom\/wp-json\/wp\/v2\/media?parent=2804"}],"wp:term":[{"taxonomy":"category","embeddable":true,"href":"https:\/\/www.virtual-press.com\/newsroom\/wp-json\/wp\/v2\/categories?post=2804"},{"taxonomy":"post_tag","embeddable":true,"href":"https:\/\/www.virtual-press.com\/newsroom\/wp-json\/wp\/v2\/tags?post=2804"}],"curies":[{"name":"wp","href":"https:\/\/api.w.org\/{rel}","templated":true}]}}