{"id":2821,"date":"2023-06-30T00:37:00","date_gmt":"2023-06-29T22:37:00","guid":{"rendered":"https:\/\/www.virtual-press.com\/newsroom\/?p=2821"},"modified":"2023-06-24T22:43:51","modified_gmt":"2023-06-24T20:43:51","slug":"bd-bizarres-dessins-fino-al-15-luglio-a-matera-la-mostra-della-fumettista-alessandra-marsili-promossa-dallaps-strane-nuvole","status":"publish","type":"post","link":"https:\/\/www.virtual-press.com\/newsroom\/bd-bizarres-dessins-fino-al-15-luglio-a-matera-la-mostra-della-fumettista-alessandra-marsili-promossa-dallaps-strane-nuvole\/","title":{"rendered":"\u201cBD- Bizarres Dessins\u201d: fino al 15 luglio a Matera la mostra della fumettista Alessandra Marsili promossa dall\u2019APS Strane Nuvole"},"content":{"rendered":"\n<p>Pu\u00f2 essere visitata fino al 15 luglio la mostra di Alessandra Mrsili \u201cBD \u2013 Bizarres Dessins\u201d promossa dall\u2019associazione di promozione sociale dedita alla promozione e alla diffusione della cultura del fumetto Strane Nuvole, in via Gattini 8 a Matera.<\/p>\n\n\n\n<p>L\u2019esposizione offre, in 12 tavole scelte insieme al curatore Roberto Ditaranto, una piccola panoramica del lavoro di Marsili. Fumettista classe \u201995, ha gi\u00e0 alle spalle numerose pubblicazioni in Italia e in Francia. Dopo essersi diplomata alla Scuola internazionale di Comics di Firenze, dove dal 2020 insegna storytelling per il corso di Fumetto, pubblica nel 2018 con il collettivo Mojo Autoproduzioni il primo volume della serie \u201cGUSCI\u201d. Lo stesso anno fa il suo esordio in Francia pubblicando \u201cScouick! Ma vie de souris\u201d per Edition Sarbacane. Fumettista prolifica, pubblica sia come disegnatrice che come autrice unica, con diverse case editrici quali Beccogiallo e la francese Jungle Etidion. Nel 2021 realizza, per i testi di Lorenzo Palloni, una delle tre storie del Dylan Dog Color Fest 39. L\u2019anno successivo, ancora con Palloni che la indica come &lt;&lt;la migliore fumettista che conosca&gt;&gt;, pubblica per Ankama Editions \u201cEffroyable Shermann\u201d recentemente portato in Italia da Saldapress con il titolo di \u201cL\u2019ignobile Shermann\u201d. La mostra \u201cBD \u2013 Bizarres Dessins\u201d \u00e8 a ingresso libero e gratuito e pu\u00f2 essere visitata dal luned\u00ec al venerd\u00ec dalle 17.00 alle 20.00<\/p>\n","protected":false},"excerpt":{"rendered":"<p>Pu\u00f2 essere visitata fino al 15 luglio la mostra di Alessandra Mrsili \u201cBD \u2013 Bizarres Dessins\u201d promossa dall\u2019associazione di promozione sociale dedita alla promozione e alla diffusione della cultura del fumetto Strane Nuvole, in via Gattini 8 a Matera. L\u2019esposizione offre, in 12 tavole scelte insieme al curatore Roberto Ditaranto, una piccola panoramica del lavoro&#8230;<\/p>\n","protected":false},"author":4,"featured_media":2822,"comment_status":"open","ping_status":"open","sticky":false,"template":"","format":"standard","meta":{"footnotes":""},"categories":[2],"tags":[1438,1041],"class_list":["post-2821","post","type-post","status-publish","format-standard","has-post-thumbnail","hentry","category-magazine","tag-alessandra-marsili","tag-strane-nuvole"],"_links":{"self":[{"href":"https:\/\/www.virtual-press.com\/newsroom\/wp-json\/wp\/v2\/posts\/2821","targetHints":{"allow":["GET"]}}],"collection":[{"href":"https:\/\/www.virtual-press.com\/newsroom\/wp-json\/wp\/v2\/posts"}],"about":[{"href":"https:\/\/www.virtual-press.com\/newsroom\/wp-json\/wp\/v2\/types\/post"}],"author":[{"embeddable":true,"href":"https:\/\/www.virtual-press.com\/newsroom\/wp-json\/wp\/v2\/users\/4"}],"replies":[{"embeddable":true,"href":"https:\/\/www.virtual-press.com\/newsroom\/wp-json\/wp\/v2\/comments?post=2821"}],"version-history":[{"count":1,"href":"https:\/\/www.virtual-press.com\/newsroom\/wp-json\/wp\/v2\/posts\/2821\/revisions"}],"predecessor-version":[{"id":2823,"href":"https:\/\/www.virtual-press.com\/newsroom\/wp-json\/wp\/v2\/posts\/2821\/revisions\/2823"}],"wp:featuredmedia":[{"embeddable":true,"href":"https:\/\/www.virtual-press.com\/newsroom\/wp-json\/wp\/v2\/media\/2822"}],"wp:attachment":[{"href":"https:\/\/www.virtual-press.com\/newsroom\/wp-json\/wp\/v2\/media?parent=2821"}],"wp:term":[{"taxonomy":"category","embeddable":true,"href":"https:\/\/www.virtual-press.com\/newsroom\/wp-json\/wp\/v2\/categories?post=2821"},{"taxonomy":"post_tag","embeddable":true,"href":"https:\/\/www.virtual-press.com\/newsroom\/wp-json\/wp\/v2\/tags?post=2821"}],"curies":[{"name":"wp","href":"https:\/\/api.w.org\/{rel}","templated":true}]}}