{"id":2846,"date":"2023-07-19T00:48:00","date_gmt":"2023-07-18T22:48:00","guid":{"rendered":"https:\/\/www.virtual-press.com\/newsroom\/?p=2846"},"modified":"2023-07-04T07:53:31","modified_gmt":"2023-07-04T05:53:31","slug":"il-villaggio-dei-briganti-una-delle-novita-del-parco-della-grancia","status":"publish","type":"post","link":"https:\/\/www.virtual-press.com\/newsroom\/il-villaggio-dei-briganti-una-delle-novita-del-parco-della-grancia\/","title":{"rendered":"Il \u201cVillaggio dei briganti\u201d: una delle novit\u00e0 del Parco della Grancia"},"content":{"rendered":"\n<p>E\u2019 il \u201cVillaggio dei briganti\u201d una delle novit\u00e0 del Parco della Grancia che a Brindisi Montagna, dallo scorso 10 giugno, ha riaperto le porte ai gi\u00e0 numerosi visitatori. Promosso dall\u2019associazione \u201cLe Mele Marce\u201d, in collaborazione con l\u2019associazione \u201cTerranera\u201d, entrambe di Rionero in Vulture, pi\u00f9 che un semplice spazio scenico, \u00e8 un vero \u201cluogo della memoria\u201d nel quale poter assistere ad alcuni momenti topici del brigantaggio post unitario quali l\u2019inizio della guerriglia susseguente all\u2019incontro fra Crocco e Borjes o l\u2019uccisione \u201cinteressata\u201d di Ninco Nanco. Oltre a ci\u00f2, grazie a dati forniti dallo storico Gigi Di Fiore, per l\u2019occasione vengono illustrate alcune \u201cstorie cancellate\u201d di cittadini lucani vittime della cieca repressione di quegli anni. Insomma non un quadro da vedere, ma uno spazio da vivere. Tra le altre attrazioni del parco, il teatro dei burattini, un mondo magico del teatro di figura che racconta la storia del burattino di Collodi, con uno spettacolo animato per grandi e piccoli, in grado di accendere la fantasia e ricalcare le gesta di un\u2019arte amata, tipica della grande tradizione della cultura popolare. Non solo teatro. Ogni sabato del mese fino a luglio, ogni venerd\u00ec e sabato di agosto, compreso il 15 e tutti i sabati di settembre \u2013 alle 11 del mattino, dopo l\u2019accoglienza, gli ospiti potranno visitare il Parco, la cui gestione \u00e8 affidata al Consorzio ETI-Eccellenze Turistiche Italiane, alla scoperta della flora e della fauna, visitare la fattoria didattica, fare esperienza di ruralit\u00e0, alla scoperta delle pratiche tradizionali del mondo agricolo lucano attraverso la conoscenza dei vecchi metodi dell\u2019aratura e della semina, e partecipare ai laboratori del gusto. Nel pomeriggio, dalle 15 l\u2019offerta si arricchisce con l\u2019accampamento dei briganti, le musiche degli Ambasciatori Lucani e, alle 17, la falconeria. \u201cMolto apprezzata \u00e8 anche la fattoria didattica dove \u00e8 possibile vivere un\u2019esperienza dei sensi e del sapere attraverso un tuffo nel paesaggio rurale lucano rivolto a gruppi scolastici e comitive \u2013 spiega il presidente del Consorzio, Nicola Manfredelli \u2013 per far conoscere e incontrare la vita degli animali al pascolo, l\u2019autenticit\u00e0 e la bellezza del lavoro in campagna e l\u2019origine dei prodotti agroalimentari. Durante la giornata \u00e8 possibile, inoltre, immergersi nell\u2019affascinante mondo delle erbe officinali partecipando al percorso dell\u2019Erbolario di Foresta, tra orti diffusi e per-Corsi odorosi\u201d. Ci sono poi i laboratori del gusto: semplicit\u00e0, genuinit\u00e0, gusto: sapori autentici che prendono forma e sostanza nella secolare tradizione della civilt\u00e0 contadina lucana. Un itinerario enogastronomico legato alla scoperta delle tante eccellenze culinarie locali. Infine la riconferma della falconeria, una manifestazione unica nel suo genere, un vero e proprio spettacolo teatrale dal vivo che riconduce alle atmosfere medievali e alle affascinanti pratiche venatorie di Federico II, con l\u2019ausilio di tecnologie audio-visive che ne garantiscono unicit\u00e0 e originalit\u00e0.<\/p>\n","protected":false},"excerpt":{"rendered":"<p>E\u2019 il \u201cVillaggio dei briganti\u201d una delle novit\u00e0 del Parco della Grancia che a Brindisi Montagna, dallo scorso 10 giugno, ha riaperto le porte ai gi\u00e0 numerosi visitatori. Promosso dall\u2019associazione \u201cLe Mele Marce\u201d, in collaborazione con l\u2019associazione \u201cTerranera\u201d, entrambe di Rionero in Vulture, pi\u00f9 che un semplice spazio scenico, \u00e8 un vero \u201cluogo della memoria\u201d&#8230;<\/p>\n","protected":false},"author":4,"featured_media":2847,"comment_status":"open","ping_status":"open","sticky":false,"template":"","format":"standard","meta":{"footnotes":""},"categories":[2],"tags":[1450,1448,1449],"class_list":["post-2846","post","type-post","status-publish","format-standard","has-post-thumbnail","hentry","category-magazine","tag-brindisi-di-montagna","tag-grancia","tag-villaggio-dei-briganti"],"_links":{"self":[{"href":"https:\/\/www.virtual-press.com\/newsroom\/wp-json\/wp\/v2\/posts\/2846","targetHints":{"allow":["GET"]}}],"collection":[{"href":"https:\/\/www.virtual-press.com\/newsroom\/wp-json\/wp\/v2\/posts"}],"about":[{"href":"https:\/\/www.virtual-press.com\/newsroom\/wp-json\/wp\/v2\/types\/post"}],"author":[{"embeddable":true,"href":"https:\/\/www.virtual-press.com\/newsroom\/wp-json\/wp\/v2\/users\/4"}],"replies":[{"embeddable":true,"href":"https:\/\/www.virtual-press.com\/newsroom\/wp-json\/wp\/v2\/comments?post=2846"}],"version-history":[{"count":1,"href":"https:\/\/www.virtual-press.com\/newsroom\/wp-json\/wp\/v2\/posts\/2846\/revisions"}],"predecessor-version":[{"id":2848,"href":"https:\/\/www.virtual-press.com\/newsroom\/wp-json\/wp\/v2\/posts\/2846\/revisions\/2848"}],"wp:featuredmedia":[{"embeddable":true,"href":"https:\/\/www.virtual-press.com\/newsroom\/wp-json\/wp\/v2\/media\/2847"}],"wp:attachment":[{"href":"https:\/\/www.virtual-press.com\/newsroom\/wp-json\/wp\/v2\/media?parent=2846"}],"wp:term":[{"taxonomy":"category","embeddable":true,"href":"https:\/\/www.virtual-press.com\/newsroom\/wp-json\/wp\/v2\/categories?post=2846"},{"taxonomy":"post_tag","embeddable":true,"href":"https:\/\/www.virtual-press.com\/newsroom\/wp-json\/wp\/v2\/tags?post=2846"}],"curies":[{"name":"wp","href":"https:\/\/api.w.org\/{rel}","templated":true}]}}