{"id":2858,"date":"2023-07-21T00:56:00","date_gmt":"2023-07-20T22:56:00","guid":{"rendered":"https:\/\/www.virtual-press.com\/newsroom\/?p=2858"},"modified":"2023-07-19T14:56:58","modified_gmt":"2023-07-19T12:56:58","slug":"matera-nello-studio-arti-visive-domani-22-luglio-inaugurazione-della-mostra-fotografica-ucraina-broken-promises-di-alfredo-bosco","status":"publish","type":"post","link":"https:\/\/www.virtual-press.com\/newsroom\/matera-nello-studio-arti-visive-domani-22-luglio-inaugurazione-della-mostra-fotografica-ucraina-broken-promises-di-alfredo-bosco\/","title":{"rendered":"Matera: nello Studio Arti Visive domani 22 luglio inaugurazione della mostra fotografica \u201cUcraina. Broken promises\u201d di Alfredo Bosco"},"content":{"rendered":"\n<p>Domani, sabato 22 luglio, alle ore 19.30 nello Studio Arti Visive in via delle Beccherie 41 in Matera \u00e8 in programma l\u2019inaugurazione della mostra fotografica \u201cUcraina. broken promises\u201d di Alfredo Bosco, con la presenza dell\u2019autore. L\u2019evento \u00e8 realizzato in collaborazione con Stefano Cavalleri e con il patrocinio di Regione Basilicata, Provincia di Matera e Comune di Matera. La mostra sar\u00e0 visitabile fino al 10 agosto dalle ore 18 alle ore 21.<\/p>\n\n\n\n<p>E\u2019 trascorso quasi un anno e mezzo dal 24 febbraio 2022 quando il mondo intero \u00e8 rimasto sconvolto dallo scoppio del pi\u00f9 importante conflitto sul suolo europeo dalla seconda guerra mondiale, un conflitto che ha radici profonde e che si \u00e8 nutrito nel tempo di tensioni diplomatiche, di reciproche incomprensioni, di dialoghi interrotti, di promesse non mantenute che si sono alla fine frantumate come vetri di una finestra.<\/p>\n\n\n\n<p>Il panico, la paura, il vuoto e l\u2019incertezza sono i sentimenti che Alfredo Bosco ha raccolto e documentato viaggiando nel territorio ucraino, ascoltando e fotografando la popolazione civile da Lviv fino al Donbass.<\/p>\n\n\n\n<p>Alfredo Bosco ci mostra attraverso gli scatti selezionati ed esposti la realt\u00e0 degli eventiconcentrandosi sulla rottura della quiete piuttosto che sulla brutalit\u00e0 della guerra \u201cper poter permettere \u2013 scrive \u2013 a chi \u00e8 lontano di sentire i rumori e le sensazioni che si provano in questo disastro che non sta vedendo una fine\u201d.<\/p>\n\n\n\n<p>Alfredo Bosco \u00e8 un fotografo freelance che vive e lavora a Milano. Inizia a lavorare come fotoreporter nel 2010 documentando il terremoto di Haiti; nel 2015 ha coperto la criminalit\u00e0 e la vita quotidiana a Caracas; nel 2016 il racket dell\u2019eroina in Kirghizistan e nel 2017 le manifestazioni Nuit Debout e Justice pour Theo a Parigi.<\/p>\n\n\n\n<p>Dal 2011 al 2014 \u00e8 stato collaboratore dell\u2019agenzia fotografica SGP di Milano lavorando per clienti commerciali e grandi griffe della moda. A partire dal 2014 lavora a un progetto a lungo termine sulla guerra civile in Donbass.<\/p>\n\n\n\n<p>Ha ricevuto la Menzione Fnac TPW 2011 per il suo reportage sulla giovent\u00f9 locale di Tashkent sotto la dittatura di Karimov. Nel 2015 \u00e8 stato selezionato da Lensculture come uno dei 50 migliori talenti emergenti al mondo. Nel 2018 il suo progetto Donbass: No Man\u2019s Land \u00e8 stato selezionato al Lumix Festival of Young Photojournalism.<\/p>\n\n\n\n<p>Da febbraio 2022 si occupa del conflitto in Ucraina collaborando per varie riviste e quotidiani italiani anche come inviato per il programma \u201cTagad\u00e0\u201d su La7.<\/p>\n","protected":false},"excerpt":{"rendered":"<p>Domani, sabato 22 luglio, alle ore 19.30 nello Studio Arti Visive in via delle Beccherie 41 in Matera \u00e8 in programma l\u2019inaugurazione della mostra fotografica \u201cUcraina. broken promises\u201d di Alfredo Bosco, con la presenza dell\u2019autore. L\u2019evento \u00e8 realizzato in collaborazione con Stefano Cavalleri e con il patrocinio di Regione Basilicata, Provincia di Matera e Comune&#8230;<\/p>\n","protected":false},"author":4,"featured_media":2859,"comment_status":"open","ping_status":"open","sticky":false,"template":"","format":"standard","meta":{"footnotes":""},"categories":[2],"tags":[1451,8,27,1095],"class_list":["post-2858","post","type-post","status-publish","format-standard","has-post-thumbnail","hentry","category-magazine","tag-alfredo-bosco","tag-matera","tag-studio-arti-visive","tag-ucraina"],"_links":{"self":[{"href":"https:\/\/www.virtual-press.com\/newsroom\/wp-json\/wp\/v2\/posts\/2858","targetHints":{"allow":["GET"]}}],"collection":[{"href":"https:\/\/www.virtual-press.com\/newsroom\/wp-json\/wp\/v2\/posts"}],"about":[{"href":"https:\/\/www.virtual-press.com\/newsroom\/wp-json\/wp\/v2\/types\/post"}],"author":[{"embeddable":true,"href":"https:\/\/www.virtual-press.com\/newsroom\/wp-json\/wp\/v2\/users\/4"}],"replies":[{"embeddable":true,"href":"https:\/\/www.virtual-press.com\/newsroom\/wp-json\/wp\/v2\/comments?post=2858"}],"version-history":[{"count":1,"href":"https:\/\/www.virtual-press.com\/newsroom\/wp-json\/wp\/v2\/posts\/2858\/revisions"}],"predecessor-version":[{"id":2860,"href":"https:\/\/www.virtual-press.com\/newsroom\/wp-json\/wp\/v2\/posts\/2858\/revisions\/2860"}],"wp:featuredmedia":[{"embeddable":true,"href":"https:\/\/www.virtual-press.com\/newsroom\/wp-json\/wp\/v2\/media\/2859"}],"wp:attachment":[{"href":"https:\/\/www.virtual-press.com\/newsroom\/wp-json\/wp\/v2\/media?parent=2858"}],"wp:term":[{"taxonomy":"category","embeddable":true,"href":"https:\/\/www.virtual-press.com\/newsroom\/wp-json\/wp\/v2\/categories?post=2858"},{"taxonomy":"post_tag","embeddable":true,"href":"https:\/\/www.virtual-press.com\/newsroom\/wp-json\/wp\/v2\/tags?post=2858"}],"curies":[{"name":"wp","href":"https:\/\/api.w.org\/{rel}","templated":true}]}}