{"id":2877,"date":"2023-08-07T00:20:00","date_gmt":"2023-08-06T22:20:00","guid":{"rendered":"https:\/\/www.virtual-press.com\/newsroom\/?p=2877"},"modified":"2023-08-02T14:56:19","modified_gmt":"2023-08-02T12:56:19","slug":"lucania-film-festival-pisticci-mt-dal-9-al-13-agosto-con-evento-di-preapertura-il-7-la-24esima-edizione","status":"publish","type":"post","link":"https:\/\/www.virtual-press.com\/newsroom\/lucania-film-festival-pisticci-mt-dal-9-al-13-agosto-con-evento-di-preapertura-il-7-la-24esima-edizione\/","title":{"rendered":"Lucania Film Festival: Pisticci (MT) dal 9 al 13 agosto, con evento di preapertura oggi, la 24esima edizione"},"content":{"rendered":"\n<p>Si terr\u00e0 a\u00a0<strong>Pisticci\u00a0<\/strong>(MT)\u00a0<strong>dal 9 al 13 agosto<\/strong>, con l\u2019evento di\u00a0<strong>pre apertura oggi, 7 agosto<\/strong>, la\u00a0<strong>24ma edizione del Lucania Film Festival<\/strong>, manifestazione fondata e organizzata da\u00a0<strong>Allelammie<\/strong>.<\/p>\n\n\n\n<p>Prima manifestazione cinematografica internazionale in Basilicata per longevit\u00e0, il Lucania Film Festival si propone di essere il&nbsp;<strong>festival dei luoghi e delle persone<\/strong>: un punto di incontro per raccontare le storie universali e unirsi in uno scambio reciproco di culture e diversit\u00e0 in Basilicata, terra di cinema, dove il racconto si fa mondo.<br>Per il suo 24mo anno di et\u00e0 il festival torna nella sua storica casa: le strade e le piazze del centro storico della bianca cittadina di&nbsp;<strong>Pisticci<\/strong>, in provincia di Matera. Per 5 giorni Pisticci diventer\u00e0 una finestra affacciata sul mondo dalla quale poter vedere i protagonisti della cinematografia e della cultura internazionale, grazie alla presenza di ospiti provenienti da Paesi e regioni del mondo che sempre pi\u00f9 spesso siamo tristemente abituati a vedere solo attraverso i notiziari, scordando che hanno una dimensione culturale che esiste anche al di l\u00e0 delle vicende politiche che li vedono protagonisti. Saranno proprio le persone che vivono quelle realt\u00e0 a raccontare la cultura e la societ\u00e0 che li circondano, portavoci di esistenze lontane ma necessarie, delle quali siamo invitati a scoprire l\u2019unicit\u00e0 e il valore.&nbsp;<\/p>\n\n\n\n<p>Sono state&nbsp;<strong>oltre 5200 le opere<\/strong>&nbsp;inviate alla segreteria del festival, giunte da ogni angolo del mondo, e sono&nbsp;<strong>47 i film<\/strong>&nbsp;selezionati per le sezioni competitive:&nbsp;<strong>Cortometraggi&nbsp;<\/strong>(<em>fiction, animazione e documentari<\/em>),&nbsp;<strong>Lungometraggi&nbsp;<\/strong>(<em>fiction e documentari<\/em>) ,&nbsp;<strong>Spazio Italia<\/strong>&nbsp;<a href=\"https:\/\/www.lucaniafilmfestival.it\/extra-film-3\/\" target=\"_blank\" rel=\"noreferrer noopener\">oltre agli extra film<\/a>.<\/p>\n\n\n\n<p>5 giorni in cui le bandiere di tanti paesi si mescoleranno in un crogiolo di colori, momenti unici che saranno spunti per riflessioni sui temi contemporanei pi\u00f9 importanti: dalla guerra ai diritti civili, dall\u2019intelligenza artificiale al rapporto tra generi e arte. Ma anche la semplicit\u00e0 fondamentale del racconto di frammenti di esistenze negli angoli pi\u00f9 remoti della Terra, in grado di aprire squarci che fanno del Lucania Film Festival una manifestazione necessaria per dare voce agli ultimi, alla bellezza, all\u2019autenticit\u00e0.<\/p>\n\n\n\n<p><a href=\"https:\/\/www.lucaniafilmfestival.it\/\" target=\"_blank\" rel=\"noreferrer noopener\">Qui la selezione ufficiale e completa del Lucania Film Festival.<\/a><\/p>\n\n\n\n<p><strong><u>LE GIURIE<\/u><\/strong><\/p>\n\n\n\n<p><strong>La giuria internazionale<\/strong><\/p>\n\n\n\n<p>A valutare i film in concorso sar\u00e0 una giuria internazionale tutta al femminile, composta da cinque donne provenienti da diversi contesti geografici, politici e culturali:<strong>&nbsp;Anna Akulevich<\/strong>, regista &#8211; Ucraina;<strong>&nbsp;Tatiana Poliektova<\/strong>, autrice e regista &#8211; Russia;&nbsp;<strong>Anahita Adivi<\/strong>, scrittrice e produttrice &#8211; USA e Iran;&nbsp;<strong>Amena Rezai<\/strong>, attrice &#8211; Afghanistan;<strong>&nbsp;Sreemoyee Singh<\/strong>, regista &#8211; India. Le giurate, provenienti dalle aree geopolitiche del mondo in cui gli eventi stanno segnando il nuovo corso della storia contemporanea, si racconteranno attraverso una serie di masterclass e di lectio magistralis per affrontare i seguenti temi: \u201cCinema e Diritti\u201d, \u201cCinema e Donne\u201d e \u201cCinema e Bellezza\u201d. Una maniera per scoprire la loro visione del reale, proiettata alla costruzione della pace e alla centralit\u00e0 dell&#8217;essere umano. Gli incontri saranno moderati dall\u2019attivista per i diritti umani e digitali&nbsp;italo-iraniana&nbsp;<strong>Pegah Moshir Pour<\/strong>.<\/p>\n\n\n\n<p><strong>La giuria per lo Spazio Italia<\/strong><\/p>\n\n\n\n<p>Il panorama del cinema italiano con la sezione&nbsp;<strong>Spazio Italia<\/strong>, invece, sar\u00e0 valutato da un\u2019altra cinquina di professioniste tra le pi\u00f9 attive del mondo creativo lucano:&nbsp;<strong>Nahaze<\/strong>,&nbsp;<strong>Mariella Stella, Fiorella Fiore, Rocchina Mecca e Tania Carella<\/strong>.<\/p>\n\n\n\n<p><strong>La giuria popolare<\/strong>&nbsp;<\/p>\n\n\n\n<p>La giuria popolare \u00e8 composta da 35 appassionati di cinema che dopo un percorso di educazione al linguaggio, durato sei mesi tra lezioni, incontri, laboratori e cine-passeggiate, giudicher\u00e0 le opere in concorso in parallelo alla giuria dei professionisti.<\/p>\n\n\n\n<p><strong><u>GLI OSPITI<\/u><\/strong><\/p>\n\n\n\n<p>Nei giorni del festival tanti saranno gli ospiti che si alterneranno durante le presentazioni delle opere, gli incontri, le masterclass e le lectio magistralis. Il regista israeliano&nbsp;<strong>Amos Gitai<\/strong>&nbsp;sar\u00e0 presente durante tutti i giorni della kermesse per condividere con il pubblico le sue riflessioni sui temi dell\u2019<em>Infocrazia;<\/em>&nbsp;parteciper\u00e0 agli incontri per le progettualit\u00e0 \u201cMatera &#8211; Gerusalemme \/ Analogie tra Cinema e Architettura\u201d; terr\u00e0 poi masterclass e lectio magistralis e&nbsp;sul tema \u201cCinema e Intelligenza Artificiale\u201d. Il regista e sceneggiatore iraniano&nbsp;<strong>Moshen Makhmalbaf<\/strong>&nbsp;presenter\u00e0 il suo ultimo lavoro&nbsp;<strong><em>Talking with Rivers<\/em><\/strong>&nbsp;sul rapporto tra Iran e Afghanistan; terr\u00e0 diverse masterclass sul tema \u201cCinema e Diritti\u201d e una Lectio Magistralis su \u201cCinema come strumento necessario di narrazione del reale\u201d.&nbsp;<strong>Rocco Papaleo&nbsp;<\/strong>presenta il suo nuovo film&nbsp;<strong><em>Scordato<\/em><\/strong>&nbsp;alla comunit\u00e0 lucana, andando a&nbsp; suggellare il rapporto decennale stretto con il Festival, e incontrer\u00e0 il suo affezionato pubblico durante incontri e lectio magistralis. Il fisico, musicista, docente, youtuber e tiktoker&nbsp;<strong>Vincenzo Schettini<\/strong>, famoso per il suo segu\u00ecto canale \u201cla Fisica che ci piace\u201d, aprir\u00e0 la giornata interamente dedicata al Cinema per le scuole, con una lectio magistralis dedicata interamente alla Fisica nel Cinema<strong>.&nbsp;<\/strong>Le attrici e autrici<strong>&nbsp;Michela Andreozzi e Ivana Lotito&nbsp;<\/strong>racconteranno le loro impressioni sul rapporto tra donne e Cinema in Italia, anche in relazione alle esperienze delle loro colleghe internazionali. Sar\u00e0 poi dato ampio spazio alla relazione tra Cinema e Letteratura con focus su Rocco Scotellaro e Francesco Rosi,&nbsp; grazie agli incontri con il poeta paesologo&nbsp;<strong>Franco Arminio,&nbsp;<\/strong>la performer&nbsp;<strong>Laura Marziali&nbsp;<\/strong>e il giovane \u201cbooktoker\u201d<strong>&nbsp;Carmelo Romano<\/strong>&nbsp;moderati da&nbsp;<strong>Fabio Morici&nbsp;<\/strong>e da&nbsp;&nbsp;<strong>Filippo Solibello,<\/strong>&nbsp;conduttore di Caterpillar di Rai Radio 2. Si terr\u00e0 inoltre un panel sull&#8217;intelligenza artificiale con i co-fondatori di AI Week Italia&nbsp;<strong>Pasquale Viscati&nbsp;<\/strong>e&nbsp;<strong>Giaginto Fiore<\/strong>&nbsp;e con&nbsp;<strong>Alessandro Loprieno<\/strong>&nbsp;(Fondataore di Weshort).<\/p>\n\n\n\n<p><strong><u>A SHORT FOR CAPITAL<\/u><\/strong><\/p>\n\n\n\n<p>Nasce in questa 24ma edizione del Lucania Film Festival<strong>&nbsp;\u201cA short for Capital\u201d,<\/strong>&nbsp;sezione della kermesse in cui sono presentate opere cinematografiche in cui sono raccontate le comunit\u00e0 delle Capitali Europee della Cultura (ECOC), partendo dalla straordinaria esperienza di Matera 2019. La sezione vuole essere uno showcase in grado di creare connessioni tra tutte le ECOC degli ultimi anni, come&nbsp;Esch (Lussemburgo), Kaunas (Lituania), Novi Sad (Serbia) \/ 2022<\/p>\n\n\n\n<p>Galway (Irlanda), Rijeka (Croazia) \/ 2020, Matera (Italia), Plodvid (Bulgaria) \/ 2019.&nbsp;&nbsp;&nbsp;&nbsp;&nbsp;&nbsp;&nbsp;&nbsp;&nbsp;&nbsp;&nbsp;<br>EcocNews, media partner internazionale.<\/p>\n\n\n\n<p>Non mancheranno durante i giorni del festival momenti musicali e performance dal vivo di vario genere: l\u2019artista&nbsp;<strong>Nahaze&nbsp;<\/strong>,il musicista&nbsp;<strong>Roberto Angelini&nbsp;<\/strong>(Propaganda Live) e il violinista&nbsp;<strong>Rodrigo D\u2019Erasmo&nbsp;<\/strong>(Afterhours) si esibiranno davanti al pubblico a supporto della ricca programmazione del Lucania Film Festival.&nbsp;<\/p>\n\n\n\n<p>Anche&nbsp;<strong>l\u2019evento di preapertura&nbsp;<\/strong>del festival sar\u00e0 un appuntamento musicale: alle 05:00 del 7 agosto l\u2019appuntamento \u00e8 davanti al mare per una performance dal vivo di Eufemia Mascolo dal titolo: \u201cMusica Visiva &#8211; Paesaggi sonori\u201d.<\/p>\n\n\n\n<p><strong><u>LA PICCOLISSIMA<\/u><\/strong><\/p>\n\n\n\n<p>Ritorna anche quest\u2019anno uno degli spazi pi\u00f9 originali e attesi della kermesse: La Piccolissima, una programmazione parallela a quella senior, interamente creata, organizzata e condotta da giovani under 16 provenienti da tutta Italia.<\/p>\n\n\n\n<p>I giovani da ogni dove, conducono un palinsesto parallelo in cui potranno sperimentare linguaggi, tecnologie, intermodalit\u00e0 con coetanei, operatori e professionisti di filiera.<\/p>\n\n\n\n<p>Green economy, VR, gaming, podcasting, cinema per i non vedenti, laboratori di animazione 2d, percorsi di fotografia, incontri con tutti i big del festival, proiezioni e talk con gli autori garantiranno un&#8217;esperienza full immersion.<\/p>\n\n\n\n<p><strong><u>L\u2019ORGANIZZAZIONE<\/u><\/strong><\/p>\n\n\n\n<p><strong>Allelammie<\/strong><\/p>\n\n\n\n<p>L\u2019associazione&nbsp;<strong>Allelammie,<\/strong>&nbsp;costituita a Pisticci nel dicembre del 1997, si occupa di promozione e produzione di progetti nel campo culturale, artistico, sociale e turistico, propone inoltre attivit\u00e0 per i giovani e i loro linguaggi. E\u2019 l\u2019ente che da 24 anni organizza il Lucania Film Festival, primo festival internazionale di cinema nato in Basilicata, il CineCampus di Basilicata e il Matera Film School.<\/p>\n\n\n\n<p>Allelammie eroga beni e servizi, materiali e intangibili, nei settori della produzione, promozione e formazione culturale, artistica e sociale, tra i quali: organizzazione di eventi artistici a dimensione regionale, nazionale ed internazionale; produzione culturale, specie nel settore dell\u2019audiovisivo; formazione, informazione e dibattito nel settore della creativit\u00e0 anche orientata allo sviluppo locale.<\/p>\n","protected":false},"excerpt":{"rendered":"<p>Si terr\u00e0 a\u00a0Pisticci\u00a0(MT)\u00a0dal 9 al 13 agosto, con l\u2019evento di\u00a0pre apertura oggi, 7 agosto, la\u00a024ma edizione del Lucania Film Festival, manifestazione fondata e organizzata da\u00a0Allelammie. Prima manifestazione cinematografica internazionale in Basilicata per longevit\u00e0, il Lucania Film Festival si propone di essere il&nbsp;festival dei luoghi e delle persone: un punto di incontro per raccontare le storie&#8230;<\/p>\n","protected":false},"author":4,"featured_media":2878,"comment_status":"open","ping_status":"open","sticky":false,"template":"","format":"standard","meta":{"footnotes":""},"categories":[2],"tags":[830,182],"class_list":["post-2877","post","type-post","status-publish","format-standard","has-post-thumbnail","hentry","category-magazine","tag-lucania-film-festival","tag-pisticci"],"_links":{"self":[{"href":"https:\/\/www.virtual-press.com\/newsroom\/wp-json\/wp\/v2\/posts\/2877","targetHints":{"allow":["GET"]}}],"collection":[{"href":"https:\/\/www.virtual-press.com\/newsroom\/wp-json\/wp\/v2\/posts"}],"about":[{"href":"https:\/\/www.virtual-press.com\/newsroom\/wp-json\/wp\/v2\/types\/post"}],"author":[{"embeddable":true,"href":"https:\/\/www.virtual-press.com\/newsroom\/wp-json\/wp\/v2\/users\/4"}],"replies":[{"embeddable":true,"href":"https:\/\/www.virtual-press.com\/newsroom\/wp-json\/wp\/v2\/comments?post=2877"}],"version-history":[{"count":3,"href":"https:\/\/www.virtual-press.com\/newsroom\/wp-json\/wp\/v2\/posts\/2877\/revisions"}],"predecessor-version":[{"id":2889,"href":"https:\/\/www.virtual-press.com\/newsroom\/wp-json\/wp\/v2\/posts\/2877\/revisions\/2889"}],"wp:featuredmedia":[{"embeddable":true,"href":"https:\/\/www.virtual-press.com\/newsroom\/wp-json\/wp\/v2\/media\/2878"}],"wp:attachment":[{"href":"https:\/\/www.virtual-press.com\/newsroom\/wp-json\/wp\/v2\/media?parent=2877"}],"wp:term":[{"taxonomy":"category","embeddable":true,"href":"https:\/\/www.virtual-press.com\/newsroom\/wp-json\/wp\/v2\/categories?post=2877"},{"taxonomy":"post_tag","embeddable":true,"href":"https:\/\/www.virtual-press.com\/newsroom\/wp-json\/wp\/v2\/tags?post=2877"}],"curies":[{"name":"wp","href":"https:\/\/api.w.org\/{rel}","templated":true}]}}