{"id":2891,"date":"2023-08-11T00:57:00","date_gmt":"2023-08-10T22:57:00","guid":{"rendered":"https:\/\/www.virtual-press.com\/newsroom\/?p=2891"},"modified":"2023-08-07T15:13:43","modified_gmt":"2023-08-07T13:13:43","slug":"premio-mondi-lucani-2023-sette-le-personalita-insignite","status":"publish","type":"post","link":"https:\/\/www.virtual-press.com\/newsroom\/premio-mondi-lucani-2023-sette-le-personalita-insignite\/","title":{"rendered":"Premio Mondi Lucani 2023, sette le personalit\u00e0 insignite"},"content":{"rendered":"\n<p>Saranno sette le personalit\u00e0 insignite del Premio Mondi Lucani 2023, che si terr\u00e0 questa sera, venerd\u00ec 11 agosto, a Matera presso Alvino 1884 alle ore 20.00. Un network di Lucani nel Mondo che continua ad ampliarsi. Un premio che genera\u00a0<strong>connessioni<\/strong>\u00a0con i nostri lucani \u201caltrove\u201d pronti a condividere il valore della \u201c<strong>Restituzione<\/strong>\u201d alla\u00a0<strong>Basilicata<\/strong>\u00a0attraverso opportunit\u00e0 di\u00a0<strong>sviluppo<\/strong>\u00a0e\u00a0<strong>crescita<\/strong>\u00a0per la regione. <\/p>\n\n\n\n<p>Il riconoscimento, giunto quest\u2019anno alla sua quinta edizione, \u00e8 conferito a lucani che, fuori dai confini regionali, si distinguono in diversi campi, dall\u2019economia all\u2019impresa, al mondo creativo, tecnologico e dell\u2019innovazione.&nbsp;<strong>Novit\u00e0<\/strong>&nbsp;dell\u2019edizione 2023, il Premio Mondi Lucani \u201c<strong>Radici<\/strong>\u201d, una&nbsp;<strong>nuova sezione rivolta a lucani d\u2019origine<\/strong>, che mostrano un particolare legame verso la propria identit\u00e0 lucana.<\/p>\n\n\n\n<p><strong>I Premiati Mondi Lucani 2023:<\/strong><br>Luigi&nbsp;<strong>Lovaglio<\/strong>&nbsp;(di Potenza, vive a Siena) \u2013 Amministratore delegato di Banca Monte dei Paschi di Siena<br>Tiziana&nbsp;<strong>Di Ciommo&nbsp;<\/strong>(di Lavello, vive a Barcellona) \u2013 Avvocato presso Pwc e Responsabile del Dipartimento di Diritto Processuale civile e penale della&nbsp;<em>Universidad Internacional de Catalunya<br><\/em>Dario&nbsp;<strong>Mitidieri<\/strong>&nbsp;(di Villa d\u2019Agri, vive a Londra) \u2013 Fotografo<br>Venanzia&nbsp;<strong>Rizzi<\/strong>&nbsp;(di Matera, vive a Oulu) \u2013 Architetto e Viceconsole Onorario d\u2019Italia in Finlandia<br>Saverio&nbsp;<strong>D\u2019Ercole<\/strong>&nbsp;(di Matera, vive a Roma) \u2013 Produttore creativo e autore presso \u00c8liseo Entertainment<br>Giuliana&nbsp;<strong>Caivano<\/strong>&nbsp;(di Tricarico, vive a Milano) \u2013 Head of Financial Institutions Risk Modeling &amp; Governance di Cerved Group<\/p>\n\n\n\n<p><strong>Premio Mondi Lucani 2023 Sezione \u201cRadici\u201d:<\/strong><br>Nicola&nbsp;<strong>Parrotta<\/strong>&nbsp;(originario di Pomarico, vive a New York) \u2013 Presidente della NBP Productions, Inc.<\/p>\n\n\n\n<p>La serata evento di premiazione sar\u00e0 presentata da Pacifica Artuso, attrice e docente&nbsp;di Teoria dell\u2019interpretazione scenica presso il Conservatorio di Musica di Perugia, gi\u00e0 Premiata Mondi Lucani 2022.<\/p>\n\n\n\n<p><strong>Stage<\/strong>&nbsp;in azienda e&nbsp;<strong>workshop<\/strong>&nbsp;per studenti lucani,&nbsp;<strong>relazioni economico-commerciali<\/strong>&nbsp;tra realt\u00e0 internazionali e imprese lucane, incontri ed eventi in Basilicata per condividere le proprie&nbsp;<strong>esperienze<\/strong>&nbsp;sono parte dei&nbsp;<strong>risultati<\/strong>&nbsp;che di anno in anno il Premio Mondi Lucani porta a casa, grazie all\u2019impegno dei Premiati di \u201c<strong>mettersi a disposizione<\/strong>\u201d della propria regione.<\/p>\n\n\n\n<p>Importante traguardo raggiunto nelle ultime settimane dalla Mondi Lucani, \u00e8 stato<strong>&nbsp;l\u2019avvio in Basilicata di alcune produzioni della \u201cSaint James\u201d<\/strong>, storica azienda di moda del lusso francese.<br>Dalla volont\u00e0 di un gesto di \u201crestituzione\u201d della Premiata Mondi Lucani 2019 Florence Di Taranto, top manager della Saint James, a seguito di sopralluoghi tecnici nelle aziende lucane, tavoli istituzionali e con le associazioni di categoria, in particolare in sinergia con la CNA Basilicata, la Mondi Lucani ha centrato uno dei&nbsp;<strong>principali obiettivi del suo premio<\/strong>: portare economia e sviluppo in Basilicata attraverso il network dei premiati, lucani nel mondo.<\/p>\n\n\n\n<p>Attualmente sono, inoltre,&nbsp;<strong>in corso degli stage<\/strong>&nbsp;rivolti a giovani studenti e laureandi dell\u2019Universit\u00e0 degli Studi della Basilicata presso il noto studio di architettura \u201cViguier\u201d a Parigi, grazie all\u2019impegno del Premiato Mondi Lucani 2021, Francesco Paolo Zaccaro.<\/p>\n\n\n\n<p>Il Premio Mondi Lucani \u00e8 ideato e organizzato dall\u2019Associazione Mondi Lucani ODV-ETS in collaborazione con Intesa Sanpaolo.<\/p>\n\n\n\n<p>\u201cIntesa Sanpaolo \u00e8 costantemente impegnata in iniziative che possano rafforzare le prospettive di crescita dei territori italiani. Il Premio crea una forte interazione tra personalit\u00e0 che hanno avuto esperienze di successo al di fuori della regione e i giovani lucani.&nbsp;L\u2019obiettivo \u00e8 creare opportunit\u00e0 di scambio, conoscenze e crescita professionale per contrastare il grave problema della migrazione dei giovani lucani verso altre regioni italiane o all\u2019estero\u201d. Cos\u00ec&nbsp;<strong>Gregorio De Felice<\/strong>,&nbsp;<strong>Chief Economist<\/strong>&nbsp;di&nbsp;<strong>Intesa Sanpaolo<\/strong>, membro del Comitato Scientifico del Premio Mondi Lucani e gi\u00e0 Premiato Mondi Lucani 2019.<\/p>\n\n\n\n<p>\u201cArriviamo alla quinta edizione sempre pi\u00f9 convinti che il Premio Mondi Lucani sia un motore di sviluppo e un modello di economia del sapere che restituisce al nostro territorio opportunit\u00e0 di crescita e sviluppo attraverso la rete dei lucani nel mondo premiati. Quest&#8217;anno, abbiamo rafforzato i momenti di networking con i premiati e durante la serata inserito un importante momento di promozione del territorio e delle sue eccellenze enogastronomiche\u201d. E&#8217; quanto ha dichiarato&nbsp;<strong>Maria Andriulli<\/strong>,&nbsp;<strong>Presidente della Mondi Lucani<\/strong>.<\/p>\n","protected":false},"excerpt":{"rendered":"<p>Saranno sette le personalit\u00e0 insignite del Premio Mondi Lucani 2023, che si terr\u00e0 questa sera, venerd\u00ec 11 agosto, a Matera presso Alvino 1884 alle ore 20.00. Un network di Lucani nel Mondo che continua ad ampliarsi. Un premio che genera\u00a0connessioni\u00a0con i nostri lucani \u201caltrove\u201d pronti a condividere il valore della \u201cRestituzione\u201d alla\u00a0Basilicata\u00a0attraverso opportunit\u00e0 di\u00a0sviluppo\u00a0e\u00a0crescita\u00a0per la&#8230;<\/p>\n","protected":false},"author":4,"featured_media":2892,"comment_status":"open","ping_status":"open","sticky":false,"template":"","format":"standard","meta":{"footnotes":""},"categories":[2],"tags":[8,1462],"class_list":["post-2891","post","type-post","status-publish","format-standard","has-post-thumbnail","hentry","category-magazine","tag-matera","tag-premio-mondi-lucani"],"_links":{"self":[{"href":"https:\/\/www.virtual-press.com\/newsroom\/wp-json\/wp\/v2\/posts\/2891","targetHints":{"allow":["GET"]}}],"collection":[{"href":"https:\/\/www.virtual-press.com\/newsroom\/wp-json\/wp\/v2\/posts"}],"about":[{"href":"https:\/\/www.virtual-press.com\/newsroom\/wp-json\/wp\/v2\/types\/post"}],"author":[{"embeddable":true,"href":"https:\/\/www.virtual-press.com\/newsroom\/wp-json\/wp\/v2\/users\/4"}],"replies":[{"embeddable":true,"href":"https:\/\/www.virtual-press.com\/newsroom\/wp-json\/wp\/v2\/comments?post=2891"}],"version-history":[{"count":1,"href":"https:\/\/www.virtual-press.com\/newsroom\/wp-json\/wp\/v2\/posts\/2891\/revisions"}],"predecessor-version":[{"id":2893,"href":"https:\/\/www.virtual-press.com\/newsroom\/wp-json\/wp\/v2\/posts\/2891\/revisions\/2893"}],"wp:featuredmedia":[{"embeddable":true,"href":"https:\/\/www.virtual-press.com\/newsroom\/wp-json\/wp\/v2\/media\/2892"}],"wp:attachment":[{"href":"https:\/\/www.virtual-press.com\/newsroom\/wp-json\/wp\/v2\/media?parent=2891"}],"wp:term":[{"taxonomy":"category","embeddable":true,"href":"https:\/\/www.virtual-press.com\/newsroom\/wp-json\/wp\/v2\/categories?post=2891"},{"taxonomy":"post_tag","embeddable":true,"href":"https:\/\/www.virtual-press.com\/newsroom\/wp-json\/wp\/v2\/tags?post=2891"}],"curies":[{"name":"wp","href":"https:\/\/api.w.org\/{rel}","templated":true}]}}