{"id":2907,"date":"2023-08-30T00:41:00","date_gmt":"2023-08-29T22:41:00","guid":{"rendered":"https:\/\/www.virtual-press.com\/newsroom\/?p=2907"},"modified":"2023-08-27T11:20:56","modified_gmt":"2023-08-27T09:20:56","slug":"la-xii-edizione-del-fadiesis-accordion-in-basilicata-dedica-un-concerto-a-vittorio-camardese-due-appuntamenti-a-matera-per-il-festival-internazionale-fisarmonicistico-il-31-agosto-e-il-pri","status":"publish","type":"post","link":"https:\/\/www.virtual-press.com\/newsroom\/la-xii-edizione-del-fadiesis-accordion-in-basilicata-dedica-un-concerto-a-vittorio-camardese-due-appuntamenti-a-matera-per-il-festival-internazionale-fisarmonicistico-il-31-agosto-e-il-pri\/","title":{"rendered":"La XII edizione del Fadiesis Accordion in Basilicata dedica un concerto a Vittorio Camardese.\u00a0Due appuntamenti a Matera per il Festival Internazionale fisarmonicistico: il 31 agosto e\u00a0il primo\u00a0settembre"},"content":{"rendered":"\n<p>Da tredici anni il <em>Fadiesis Accordion Festival (Faf) <\/em>accompagna il pubblico italiano all\u2019esplorazione delle molteplici dimensioni musicali della fisarmonica, strumento carismatico capace di attrarre formazioni prestigiose e interpreti assoluti. Un viaggio alla scoperta dello strumento a mantice che, ancora una volta per la dodicesima e consecutiva edizione, prender\u00e0 avvio da Matera, per poi proseguire in Friuli Venezia Giulia e ancora pi\u00f9 a est fino nel Paese del Sol Levante.<\/p>\n\n\n\n<p>Un viaggio che inizier\u00e0 il 31 agosto e il 1\u00b0 settembre dalla citt\u00e0 dei Sassi, con due concerti di grande originalit\u00e0 che condurranno il pubblico in zone musicali poco esplorate, o perch\u00e9 agli antipodi della nostra cultura o semplicemente perch\u00e9 sprofondate per lunghi periodi nell\u2019oblio. \u00c8 questo il caso della vicenda artistica del \u201cchitarrista-radiologo\u201d potentino Vittorio Camardese: straordinario talento quasi dimenticato e oggi ritornato alla luce grazie al docufilm <strong><em>Il mondo \u00e8 troppo per me &#8211; La storia di Vittorio Camardese<\/em><\/strong>&nbsp;di <strong>Vania Cauzillo<\/strong>. Il primo appuntamento materano del <em>Faf<\/em>, in calendario <strong><u>gioved\u00ec 31 agosto 2023 alle 20:30 al Cinema Il Piccolo<\/u><\/strong>, sulla scia di questa riscoperta e attraverso la maestria tecnica di due grandi artisti quali il chitarrista <strong>Mauro De Federicis<\/strong>&nbsp;e il fisarmonicista <strong>Renzo Ruggieri<\/strong>, cercher\u00e0 di \u201cricostruire\u201d sulla scena il tocco unico di questo genio musicale, precursore della tecnica del tapping.<\/p>\n\n\n\n<p><strong><u>Venerd\u00ec 1 settembre alle 20.30 a Palazzo Viceconte<\/u><\/strong>, in collaborazione con EU-Japan Fest e Mat\u00e8-Solisti Lucani, il <em>Faf <\/em>presenter\u00e0 un nuovo appuntamento della sezione del festival intitolata <em>Orienti <\/em>e dedicata all\u2019esplorazione nel mondo \u201cesotico\u201d della fisarmonica giapponese. La dimensione culturale-musicale \u201clontana\u201d dell\u2019estremo Oriente nipponico si confronter\u00e0, infatti, con quella \u201cvicina\u201d del Levante mediterraneo e, in particolare, con temi, melodie, colori della Basilicata.<\/p>\n\n\n\n<p>\u201cIl Festival Internazionale fisarmonicistico, promosso dall\u2019Associazione musicale Fadiesis di Pordenone, lega la Basilicata e il Friuli Venezia Giulia nel segno del mantice e all\u2019insegna della ricerca artistica-musicale e del dialogo culturale, che colgono lo spirito del Festival: essere fucina d\u2019idee, di rielaborazioni e creativit\u00e0, di fertili incontri &#8211; afferma il Direttore artistico del <em>Fadiesis Accordion Festival<\/em>&nbsp;il fisarmonicista <strong>Gianni Fassetta<\/strong>&nbsp;&#8211; nato nel 2010 a Pordenone , sin dalla seconda edizione nel 2011, il festival si \u00e8 svolto fra la nostra citt\u00e0 d\u2019origine e Matera. Organizzare un festival che si svolge in due citt\u00e0 italiane, solo geograficamente lontane, non significa solo realizzare dei concerti ma \u00e8 creare un dialogo basato sul comune linguaggio della musica. E\u2019 intessere relazioni fra artisti, \u00e8 collaborazione con gli enti locali per offrire nuovi spazi d\u2019espressione e di lavori per gli artisti, \u00e8 esplorazione della cultura dei territori. In questi anni abbiamo pi\u00f9 volte ospitato in Friuli e non solo l\u2019Orchestra giovanile del Conservatorio Duni ed \u00e8 di quest\u2019anno la collaborazione con MaterElettrica per il progetto \u201cENERGIA D\u2019AGOSTO &#8211; Musica e creativit\u00e0 in Centrale\u201d, fra gli artisti che hanno dato vita al concerto multimediale dell\u20198 agosto figuravano il Maestro Fabrizio Festa e l\u2019attore Giuseppe Ranoia. Un festival, il nostro Festival &#8211; conclude il Maestro Fassetta &#8211; da tredici anni esplora le sonorit\u00e0 della fisarmonica e le relazioni fra artisti e territori, \u00e8 per questo che abbiamo scelto come tema di questa edizione 2023: <em>Esplorando. <\/em>Ed \u00e8 un invito all\u2019esplorazione di nuove produzioni e di incredibili artisti poco noti al grande pubblico quello che rivolgiamo al pubblico invitandolo a raggiungerci il 31 agosto e il 1\u00b0 settembre a Matera per la XII edizione del <em>Fadiesis Accordion Festival\u201d.<\/em><\/p>\n\n\n\n<p>Il <em>Fadiesis Accordion Festival 2023 <\/em>\u00e8 realizzato con il patrocinio di: Regione Friuli Venezia Giulia; Regione Basilicata; Fondazione Matera \u2013 Basilicata 2019; European Capital of Culture &#8220;GO! 2025 Nova Gorica &#8211; Gorizia&#8221;, Provincia e Comune di Matera; Comune di Pordenone.<\/p>\n\n\n\n<p>Hanno collaborato all\u2019edizione 2023 del Faf: Conservatorio di Musica \u201cEgidio Romualdo Duni\u201d di Matera; Eu Japan Fest; Istituto per gli Incontri Culturali Mitteleuropei di Gorizia; Associazione Mat\u00e8; Onyx Jazz Club; \u201cIl mondo \u00e8 troppo per me|La storia di Vittorio Camardese\u201d; Palazzo Viceconte; Lucania Musicale; Alma Camere; Raffaele Laterza &#8211; Rappresentanze termoidrauliche per Basilicata e Puglia; S.i.t.i. Srl.<\/p>\n\n\n\n<p><strong>Calendario concerti Fadiesis Accordion Festival 2023<\/strong><strong><\/strong><\/p>\n\n\n\n<p>Il mondo \u00e8 troppo per me<\/p>\n\n\n\n<p>La storia di Vittorio Camardese<\/p>\n\n\n\n<p>Con estratti dal docufilm prodotto da Jump Cut e prolusione della regista Vania Cauzillo<\/p>\n\n\n\n<p><strong>Gioved\u00ec 31 agosto 2023, ore 20.30<\/strong><strong><\/strong><\/p>\n\n\n\n<p><strong>Cinema Il Piccolo | &nbsp;<\/strong>via XX Settembre, 14 Matera<\/p>\n\n\n\n<p><strong><em><strong><em>Renzo Ruggieri<\/em><\/strong><\/em><\/strong><em>,<\/em><strong><em><strong><em>&nbsp;<\/em><\/strong><\/em><\/strong><em>fisarmonica<\/em><strong><em><strong><em><\/em><\/strong><\/em><\/strong><\/p>\n\n\n\n<p><strong><em><strong><em>Mauro De Federicis<\/em><\/strong><\/em><\/strong><em>, chitarra<\/em><em><\/em><\/p>\n\n\n\n<p><strong>INGRESSO&nbsp;\u20ac 7,00<\/strong><strong><\/strong><\/p>\n\n\n\n<p><strong>Info e prenotazioni:<\/strong><br>+39 0835 330541<br>(12-13 | 19-21)<\/p>\n\n\n\n<hr class=\"wp-block-separator has-alpha-channel-opacity\"\/>\n\n\n\n<p><strong><u>Orienti<\/u><\/strong><strong><u><\/u><\/strong><\/p>\n\n\n\n<p><strong><u>Tra Estremo oriente e Mediterraneo<\/u><\/strong><strong><u><\/u><\/strong><\/p>\n\n\n\n<p>Musiche con temi giapponesi e lucani<\/p>\n\n\n\n<p><strong>Venerd\u00ec 1 settembre, ore 20.30<\/strong><strong><\/strong><\/p>\n\n\n\n<p><strong>Palazzo Viceconte<\/strong>&nbsp;| &nbsp;via S. Potito, 7 \u2013 Matera<\/p>\n\n\n\n<p><strong><em><strong><em>Ryuya Kinoshita<\/em><\/strong><\/em><\/strong><em>, fisarmonica<\/em><strong><em><strong><em><\/em><\/strong><\/em><\/strong><\/p>\n\n\n\n<p><strong><em><strong><em>Mariko Kinoshita<\/em><\/strong><\/em><\/strong><em>, fisarmonica<\/em><strong><em><strong><em><\/em><\/strong><\/em><\/strong><\/p>\n\n\n\n<p><strong><em><strong><em>Miko Yoshioka<\/em><\/strong><\/em><\/strong><em>, fisarmonica<\/em><strong><em><strong><em><\/em><\/strong><\/em><\/strong><\/p>\n\n\n\n<p><strong><em><strong><em>Ota Keisuke<\/em><\/strong><\/em><\/strong><em>, violino<\/em><strong><em><strong><em><\/em><\/strong><\/em><\/strong><\/p>\n\n\n\n<p><strong><em><strong><em>Marianna Fezzuoglio<\/em><\/strong><\/em><\/strong><em>, violoncello<\/em><strong><em><strong><em><\/em><\/strong><\/em><\/strong><\/p>\n\n\n\n<p><strong><em><strong><em>Marcantonio Cornacchia<\/em><\/strong><\/em><\/strong><em>, contrabbasso<\/em><em><\/em><\/p>\n\n\n\n<p>In collaborazione con EU-Japan Fest e Mat\u00e8-Solisti Lucani<\/p>\n\n\n\n<p><strong>INGRESSO \u20ac 5,00<\/strong><\/p>\n\n\n\n<p><strong>Info e prenotazioni:<\/strong><br>+39 329 1552001&nbsp; |&nbsp; +39 328 5410166&nbsp; |&nbsp;&nbsp;<a href=\"mailto:mate.solistilucani@gmail.com\"><u>mate.solistilucani@gmail.com<\/u><\/a><\/p>\n\n\n\n<hr class=\"wp-block-separator has-alpha-channel-opacity\"\/>\n","protected":false},"excerpt":{"rendered":"<p>Da tredici anni il Fadiesis Accordion Festival (Faf) accompagna il pubblico italiano all\u2019esplorazione delle molteplici dimensioni musicali della fisarmonica, strumento carismatico capace di attrarre formazioni prestigiose e interpreti assoluti. Un viaggio alla scoperta dello strumento a mantice che, ancora una volta per la dodicesima e consecutiva edizione, prender\u00e0 avvio da Matera, per poi proseguire in&#8230;<\/p>\n","protected":false},"author":4,"featured_media":2908,"comment_status":"open","ping_status":"open","sticky":false,"template":"","format":"standard","meta":{"footnotes":""},"categories":[2],"tags":[1285,8],"class_list":["post-2907","post","type-post","status-publish","format-standard","has-post-thumbnail","hentry","category-magazine","tag-fadiesis-accordion-festival","tag-matera"],"_links":{"self":[{"href":"https:\/\/www.virtual-press.com\/newsroom\/wp-json\/wp\/v2\/posts\/2907","targetHints":{"allow":["GET"]}}],"collection":[{"href":"https:\/\/www.virtual-press.com\/newsroom\/wp-json\/wp\/v2\/posts"}],"about":[{"href":"https:\/\/www.virtual-press.com\/newsroom\/wp-json\/wp\/v2\/types\/post"}],"author":[{"embeddable":true,"href":"https:\/\/www.virtual-press.com\/newsroom\/wp-json\/wp\/v2\/users\/4"}],"replies":[{"embeddable":true,"href":"https:\/\/www.virtual-press.com\/newsroom\/wp-json\/wp\/v2\/comments?post=2907"}],"version-history":[{"count":1,"href":"https:\/\/www.virtual-press.com\/newsroom\/wp-json\/wp\/v2\/posts\/2907\/revisions"}],"predecessor-version":[{"id":2909,"href":"https:\/\/www.virtual-press.com\/newsroom\/wp-json\/wp\/v2\/posts\/2907\/revisions\/2909"}],"wp:featuredmedia":[{"embeddable":true,"href":"https:\/\/www.virtual-press.com\/newsroom\/wp-json\/wp\/v2\/media\/2908"}],"wp:attachment":[{"href":"https:\/\/www.virtual-press.com\/newsroom\/wp-json\/wp\/v2\/media?parent=2907"}],"wp:term":[{"taxonomy":"category","embeddable":true,"href":"https:\/\/www.virtual-press.com\/newsroom\/wp-json\/wp\/v2\/categories?post=2907"},{"taxonomy":"post_tag","embeddable":true,"href":"https:\/\/www.virtual-press.com\/newsroom\/wp-json\/wp\/v2\/tags?post=2907"}],"curies":[{"name":"wp","href":"https:\/\/api.w.org\/{rel}","templated":true}]}}