{"id":2910,"date":"2023-08-23T00:08:00","date_gmt":"2023-08-22T22:08:00","guid":{"rendered":"https:\/\/www.virtual-press.com\/newsroom\/?p=2910"},"modified":"2023-08-16T12:10:25","modified_gmt":"2023-08-16T10:10:25","slug":"sostenibilita-ed-architettura-completano-la-proposta-culturale-di-gezziamoci-2023-al-via-oggi-a-matera","status":"publish","type":"post","link":"https:\/\/www.virtual-press.com\/newsroom\/sostenibilita-ed-architettura-completano-la-proposta-culturale-di-gezziamoci-2023-al-via-oggi-a-matera\/","title":{"rendered":"Sostenibilit\u00e0 ed Architettura completano la proposta culturale di Gezziamoci 2023. Al via oggi a Matera"},"content":{"rendered":"\n<p>Non solo musica ma anche sostenibilit\u00e0 e interplay educativo tra jazz e architettura nel Festival che quest\u2019anno ha coinvolto pi\u00f9 di 15 comuni lucani in una rete di cultura, musica e buone pratiche e che si appresta a vivere la fase finale della programmazione estiva 2023 a Matera.<\/p>\n\n\n\n<p>Si comincia oggi,\u00a0<strong>mercoled\u00ec 23 agosto,\u00a0<\/strong>alle\u00a0<strong>ore 18:00\u00a0<\/strong>nel Giardino dell\u2019<strong>Hotel del Campo<\/strong>\u00a0con la\u00a0<strong>lezione<\/strong>\u00a0<em>Upcyclig City: dai rumori ai suoni della sostenibilit\u00e0<\/em>;\u00a0<strong>gioved\u00ec 24 agosto<\/strong>, stessa ora, stesso luogo, si terr\u00e0 il\u00a0<strong>laboratorio<\/strong>\u00a0legato alla lezione\u00a0<em>Upcycling City<\/em>\u00a0mentre\u00a0<strong>sabato 26 agosto\u00a0<\/strong>negli spazi del\u00a0<strong>TAM Tower Art Museum\u00a0<\/strong>alle\u00a0<strong>18:00\u00a0<\/strong>si terr\u00e0 la\u00a0<strong>lezione-concerto<\/strong>\u00a0<em>Architetture in Jazz, lo spazio e il tempo<\/em>. Questi tre appuntamenti completano la proposta culturale di\u00a0Gezziamoci, una realt\u00e0 che\u00a0attraverso la musica vuole coinvolgere pubblici differenti e accendere i riflettori su valori universali come quelli della tutela del pianeta, dell\u2019ambiente, della biodiversit\u00e0, dell\u2019equit\u00e0, del rapporto con il territorio.<\/p>\n\n\n\n<p>Mercoled\u00ec&nbsp;<strong>23 agosto<\/strong>&nbsp;alle ore 18 a Matera nel giardino dell\u2019Hotel del Campo si terr\u00e0 il primo appuntamento della sezione&nbsp;<em>Gezziamoci Takes The Green<\/em>&nbsp;con la lezione&nbsp;<em>Upcycling City: dai rumori ai suoni della sostenibilit\u00e0<\/em>&nbsp;tenuta da&nbsp;<strong>Consuelo Nava,&nbsp;<\/strong>professoressa associata alla Universit\u00e0 Mediterranea che dirige il laboratorio ABITALab, e gli architetti&nbsp;<strong>Giuseppe Mangano<\/strong>&nbsp;e&nbsp;<strong>Domenico Lucanto<\/strong>,&nbsp; a cui seguir\u00e0 il giorno successivo il laboratorio itinerante insieme alla professoressa di Composizione architettonica e urbana&nbsp;dell\u2019Universit\u00e0 della Basilicata&nbsp;<strong>Chiara Rizzi<\/strong>. Gli appuntamenti in programma all\u2019Hotel del Campo saranno raggiungibili con un servizio navetta gratuito con partenza da Piazza Matteotti.<\/p>\n\n\n\n<p><strong>Consuelo Nava<\/strong>&nbsp;dirige ABITAlab un laboratorio sui temi della sostenibilit\u00e0 e dell&#8217;innovazione per l&#8217;Architettura Avanzata e il Progetto Rigenerativo; sar\u00e0 a Matera con gli architetti Giuseppe Mangano e Domenico Lucanto, ricercatori di ABITALab, per&nbsp;una nuova e possibile narrazione della dinamica dei processi sostenibili che possono essere innescati nello spazio dell&#8217;abitare&nbsp;la citt\u00e0, le aree di margine, i paesaggi sensibili quando questi hanno la necessit\u00e0 di ritrovare una nuova identit\u00e0 e sicurezza sociale e ambientale per non subire un degrado irreversibile o per rispondere alle nuove crisi, prodotte per esempio dai cambiamenti climatici.<\/p>\n\n\n\n<p>Durante la lezione di mercoled\u00ec 23 agosto saranno presentate alcune esperienze di laboratorio creativo che hanno coniugato pensieri &#8220;di reazione e adattamento&#8221; della citt\u00e0 di Reggio Calabria a performance artistiche di musica e danza con la partecipazione e il coinvolgimento di cittadini, attori, musicisti, ballerini, artisti.&nbsp;<em>&#8220;Sono convinta che la traccia costitutiva del Jazz &#8211; che sta nell&#8217;improvvisazione &#8211; abbia molto a che fare con la necessit\u00e0 di un&#8217;azione proattiva di ognuno di noi e delle comunit\u00e0 per affrontare in maniera giusta la dimensione della transizione che riguarda modelli di vita, qualit\u00e0 degli spazi, cambiamento dei paesaggi\u201d&nbsp;<\/em>spiega la&nbsp;<strong>Professoressa Nava<\/strong>&nbsp;<em>\u201cReagire al cambiamento non pu\u00f2 essere solo figlio di un processo tecnico o scientifico: la dimensione cognitiva e umana dei comportamenti \u00e8 assai pi\u00f9 capace di produrre cobenefici e sensibilit\u00e0 immediate dell&#8217;osservazione pedissequa di processi&nbsp; regole, criteri, norme. Ci chiederemo se sia quindi possibile rispondere agli imprevisti (per quanto ormai previsti&#8230;) con un atto creativo di sana e sostenibile improvvisazione, per poi far perdurare l\u2019azione sostenibile e positiva con la condivisione di modelli collettivamente scelti e agiti&#8230;proprio come il Jazz insegna&#8230;&#8221;<\/em><\/p>\n\n\n\n<p><strong>Sabato 26 agosto<\/strong>&nbsp;negli spazi del&nbsp;<strong>TAM Tower Art Museum<\/strong>&nbsp;alle&nbsp;<strong>18:00<\/strong>&nbsp;si svolger\u00e0 una nuova esperienza legata ai paesaggi sonori: la lezione-concerto&nbsp;<strong><em>Architettura in Jazz&nbsp;<\/em><\/strong>dedicata alla affascinante quanto complessa relazione di reciprocit\u00e0 tra architettura e musica. La lezione-concerto tenuta da Chiara Rizzi, Professoressa Associata in Composizione Architettonica Urbana presso l\u2019Universit\u00e0 della Basilicata, propone una rilettura e un\u2019interpretazione di grandi capolavori dell\u2019architettura moderna e contemporanea attraverso un vero e proprio interplay tra architettura e jazz insieme alla chitarra di Kevin Grieco e alla voce di Rossella Palagano.<\/p>\n\n\n\n<p><strong>PROGRAMMA:<\/strong><\/p>\n\n\n\n<p><strong>Mercoled\u00ec 23 agosto<\/strong>, ore 18 \/\/&nbsp;<strong><em>Matera<\/em><\/strong><em>, Hotel del Campo<br><\/em>Gezziamoci Takes The Green<br><br>LEZIONE: Upcycling City: dai rumori ai suoni della sostenibilit\u00e0<br>Con Consuelo Nava, Giuseppe Mangano, Domenico Lucanto&nbsp;<\/p>\n\n\n\n<p>Abitalab &#8211; Universit\u00e0 degli Studi di Reggio Calabria<\/p>\n\n\n\n<p><strong>Gioved\u00ec 24 agosto<\/strong>, ore 18 \/\/&nbsp;<strong><em>Matera<\/em><\/strong><em>, Hotel del Campo<br><\/em>Gezziamoci Takes The Green<br><br>Laboratorio: Upcycling City: dai rumori ai suoni della sostenibilit\u00e0<br>Con Consuelo Nava, Giuseppe Mangano, Domenico Lucanto<\/p>\n\n\n\n<p>Abitalab &#8211; Universit\u00e0 degli Studi di Reggio Calabria<\/p>\n\n\n\n<p><em>Servizio navetta&nbsp;<u>GRATUITO<\/u>&nbsp;A\/R Piazza Matteotti&nbsp;<\/em><\/p>\n\n\n\n<p><strong>Sabato 26 Agosto<\/strong>, ore 18:00 \/\/<strong><em>Matera<\/em><\/strong><em>, TAM<\/em><br>Architetture in Jazz, lo spazio e il tempo<\/p>\n\n\n\n<p>LEZIONE \/ CONCERTO<\/p>\n\n\n\n<p>Chiara Rizzi, narrazione<\/p>\n\n\n\n<p>Rossella Palagano, voce<\/p>\n\n\n\n<p>Kevin Grieco, chitarra<\/p>\n\n\n\n<p>Programma completo:&nbsp;<a href=\"https:\/\/urly.it\/3wr5c\" rel=\"noreferrer noopener\" target=\"_blank\">https:\/\/urly.it\/3wr5c<\/a><\/p>\n","protected":false},"excerpt":{"rendered":"<p>Non solo musica ma anche sostenibilit\u00e0 e interplay educativo tra jazz e architettura nel Festival che quest\u2019anno ha coinvolto pi\u00f9 di 15 comuni lucani in una rete di cultura, musica e buone pratiche e che si appresta a vivere la fase finale della programmazione estiva 2023 a Matera. Si comincia oggi,\u00a0mercoled\u00ec 23 agosto,\u00a0alle\u00a0ore 18:00\u00a0nel Giardino&#8230;<\/p>\n","protected":false},"author":4,"featured_media":2911,"comment_status":"open","ping_status":"open","sticky":false,"template":"","format":"standard","meta":{"footnotes":""},"categories":[2],"tags":[1463,8],"class_list":["post-2910","post","type-post","status-publish","format-standard","has-post-thumbnail","hentry","category-magazine","tag-gezziamoci-2023","tag-matera"],"_links":{"self":[{"href":"https:\/\/www.virtual-press.com\/newsroom\/wp-json\/wp\/v2\/posts\/2910","targetHints":{"allow":["GET"]}}],"collection":[{"href":"https:\/\/www.virtual-press.com\/newsroom\/wp-json\/wp\/v2\/posts"}],"about":[{"href":"https:\/\/www.virtual-press.com\/newsroom\/wp-json\/wp\/v2\/types\/post"}],"author":[{"embeddable":true,"href":"https:\/\/www.virtual-press.com\/newsroom\/wp-json\/wp\/v2\/users\/4"}],"replies":[{"embeddable":true,"href":"https:\/\/www.virtual-press.com\/newsroom\/wp-json\/wp\/v2\/comments?post=2910"}],"version-history":[{"count":1,"href":"https:\/\/www.virtual-press.com\/newsroom\/wp-json\/wp\/v2\/posts\/2910\/revisions"}],"predecessor-version":[{"id":2912,"href":"https:\/\/www.virtual-press.com\/newsroom\/wp-json\/wp\/v2\/posts\/2910\/revisions\/2912"}],"wp:featuredmedia":[{"embeddable":true,"href":"https:\/\/www.virtual-press.com\/newsroom\/wp-json\/wp\/v2\/media\/2911"}],"wp:attachment":[{"href":"https:\/\/www.virtual-press.com\/newsroom\/wp-json\/wp\/v2\/media?parent=2910"}],"wp:term":[{"taxonomy":"category","embeddable":true,"href":"https:\/\/www.virtual-press.com\/newsroom\/wp-json\/wp\/v2\/categories?post=2910"},{"taxonomy":"post_tag","embeddable":true,"href":"https:\/\/www.virtual-press.com\/newsroom\/wp-json\/wp\/v2\/tags?post=2910"}],"curies":[{"name":"wp","href":"https:\/\/api.w.org\/{rel}","templated":true}]}}