{"id":2913,"date":"2023-08-25T00:07:00","date_gmt":"2023-08-24T22:07:00","guid":{"rendered":"https:\/\/www.virtual-press.com\/newsroom\/?p=2913"},"modified":"2023-08-24T21:41:08","modified_gmt":"2023-08-24T19:41:08","slug":"matera-in-piazza-vittorio-veneto-dal-30-agosto-al-3-settembre-gusto-italia-in-tour-patrimoni-unesco-del-sud","status":"publish","type":"post","link":"https:\/\/www.virtual-press.com\/newsroom\/matera-in-piazza-vittorio-veneto-dal-30-agosto-al-3-settembre-gusto-italia-in-tour-patrimoni-unesco-del-sud\/","title":{"rendered":"Matera, in piazza Vittorio Veneto dal 30 agosto al 3 settembre \u201cGusto Italia in tour &amp; Patrimoni Unesco del Sud\u201d"},"content":{"rendered":"\n<p>Ritorna il 30 agosto nella citt\u00e0 dei Sassi la carovana di ????? ?????? ?? ????, questa volta interamente dedicato ai ????????? ?????? ??? ???. L\u2019evento infatti intende ampliare il suo obiettivo originario di promozione e valorizzazione dei Prodotti Tipici Regionali e dell\u2019Artigianato Artistico e Tradizionale Italiano con la promozione e valorizzazione dei ???? ?????? da diversi punti di vista: dal punto di vista turistico, culturale, paesaggistico, architettonico, dal punto di vista enogastronomico e delle tipicit\u00e0 locali, delle tradizioni locali, del folclore, della musica popolare e di tutti gli aspetti che rendono i<\/p>\n\n\n\n<p>Da ?????????\u0300 30 ?????? ? ???????? 3 ????????? in ?????? ???????? ?????? a Matera, la bellissima Patrimonio UNESCO e Capitale della Cultura 2019:<\/p>\n\n\n\n<ul class=\"wp-block-list\">\n<li>????? ?????? ?? ???? con Prodotti Tipici delle Regioni Italiane, Artigianato Artistico e Tradizionale, Creazioni Artigianali Handmade<\/li>\n\n\n\n<li>? ???? ?????? ??? ??? con le loro tipicit\u00e0, le tradizioni, le bellezze paesaggistiche e culturali.<\/li>\n\n\n\n<li>Gli Appuntamenti dedicati al 30\u00b0 Anniversario di ?????? ?????????? ??????<\/li>\n\n\n\n<li>???????????? ???????????????? ?????? e&nbsp;<a href=\"https:\/\/www.facebook.com\/confesercentiProvincialeMatera?__cft__%5b0%5d=AZX-fY-OX2u1NMyob1uruKemRBA6KJ_h70tDzDRPbxDtA4LM_bu1rq_twuepfOjvynHnuxTz7A65PKr5vg24E9DsCLjprNsUSQs45aEML8e1jbIPtIVBj2BhQ-1dBmfOM_uI-jbbW6AvNy691rNrqgaVBblG5g2tSkif3pR_6BtRU9R5MkHJWei4sLAZmB_ThD6f3OiKGrdhzwt6dhZMtz7E&amp;__tn__=-%5dK-y-R\">Confesercenti Provinciale Matera<\/a>&nbsp;con i vari appuntamenti dedicati alla storia di questo prodotto identitario, il Pane di Matera, l\u2019antica ricetta del lievito madre, la storia del grano duro del Senatore Cappelli, la preparazione del Pane di Matera e gli antichi timbri del Pane<\/li>\n\n\n\n<li>La storia e la tradizione del grano, della macinazione, delle moderne tecnologie di lavorazione del grano e delle farine a cura del ?????? ????\u2019????? ?? ??????<\/li>\n\n\n\n<li>Gli Appuntamenti dedicati alla ?????????? ????????? ???????? a cura dell\u2019<a href=\"https:\/\/www.facebook.com\/cuochimaterani?__cft__%5b0%5d=AZX-fY-OX2u1NMyob1uruKemRBA6KJ_h70tDzDRPbxDtA4LM_bu1rq_twuepfOjvynHnuxTz7A65PKr5vg24E9DsCLjprNsUSQs45aEML8e1jbIPtIVBj2BhQ-1dBmfOM_uI-jbbW6AvNy691rNrqgaVBblG5g2tSkif3pR_6BtRU9R5MkHJWei4sLAZmB_ThD6f3OiKGrdhzwt6dhZMtz7E&amp;__tn__=-%5dK-y-R\">Associazione Cuochi Materani<\/a><\/li>\n\n\n\n<li>Gli Appuntamenti dell\u2019 ??????????? ???????????? ???????? a cura della Cooperativa&nbsp;<a href=\"https:\/\/www.facebook.com\/OltrelArteMatera?__cft__%5b0%5d=AZX-fY-OX2u1NMyob1uruKemRBA6KJ_h70tDzDRPbxDtA4LM_bu1rq_twuepfOjvynHnuxTz7A65PKr5vg24E9DsCLjprNsUSQs45aEML8e1jbIPtIVBj2BhQ-1dBmfOM_uI-jbbW6AvNy691rNrqgaVBblG5g2tSkif3pR_6BtRU9R5MkHJWei4sLAZmB_ThD6f3OiKGrdhzwt6dhZMtz7E&amp;__tn__=-%5dK-y-R\">Oltre l\u2019Arte Matera<\/a>&nbsp;dedicati al 30\u00b0Anniversario di Matera Patrimonio Unesco e la storia dell\u2019ingegno materano del sistema di recupero delle acque, sistema unico al mondo di questa antichissima citt\u00e0<\/li>\n\n\n\n<li>2\u00b0 ?????? ????? ??????: riconoscimenti e premiazioni di personalit\u00e0 della Citt\u00e0 di Matera e aziende e attivit\u00e0 che contribuiscono e valorizzare il nome della citt\u00e0 di Matera in Italia e nel Mondo<\/li>\n\n\n\n<li>?????? ??????????? ??? ???? ?? ??????, &nbsp;della tradizione del Pane e degli antichi mestieri materani a cura dell\u2019&nbsp;<a href=\"https:\/\/www.facebook.com\/AssociazioneMUVMatera?__cft__%5b0%5d=AZX-fY-OX2u1NMyob1uruKemRBA6KJ_h70tDzDRPbxDtA4LM_bu1rq_twuepfOjvynHnuxTz7A65PKr5vg24E9DsCLjprNsUSQs45aEML8e1jbIPtIVBj2BhQ-1dBmfOM_uI-jbbW6AvNy691rNrqgaVBblG5g2tSkif3pR_6BtRU9R5MkHJWei4sLAZmB_ThD6f3OiKGrdhzwt6dhZMtz7E&amp;__tn__=-%5dK-y-R\">Associazione MUV Matera<\/a><\/li>\n\n\n\n<li>????????? ????????? ? ??????????? ????? ?????\u0300 ?? ?????? a cura e con il coordinamento di\u00a0<a href=\"https:\/\/www.facebook.com\/prolocomatera2019?__cft__%5b0%5d=AZX-fY-OX2u1NMyob1uruKemRBA6KJ_h70tDzDRPbxDtA4LM_bu1rq_twuepfOjvynHnuxTz7A65PKr5vg24E9DsCLjprNsUSQs45aEML8e1jbIPtIVBj2BhQ-1dBmfOM_uI-jbbW6AvNy691rNrqgaVBblG5g2tSkif3pR_6BtRU9R5MkHJWei4sLAZmB_ThD6f3OiKGrdhzwt6dhZMtz7E&amp;__tn__=-%5dK-y-R\">PRO LOCO della Citt\u00e0 di Matera<\/a>, Musica Popolare, Artisti di Strada.<\/li>\n<\/ul>\n","protected":false},"excerpt":{"rendered":"<p>Ritorna il 30 agosto nella citt\u00e0 dei Sassi la carovana di ????? ?????? ?? ????, questa volta interamente dedicato ai ????????? ?????? ??? ???. L\u2019evento infatti intende ampliare il suo obiettivo originario di promozione e valorizzazione dei Prodotti Tipici Regionali e dell\u2019Artigianato Artistico e Tradizionale Italiano con la promozione e valorizzazione dei ???? ?????? da&#8230;<\/p>\n","protected":false},"author":4,"featured_media":2914,"comment_status":"open","ping_status":"open","sticky":false,"template":"","format":"standard","meta":{"footnotes":""},"categories":[2],"tags":[1157,8,1464],"class_list":["post-2913","post","type-post","status-publish","format-standard","has-post-thumbnail","hentry","category-magazine","tag-gusto-italia-in-tour","tag-matera","tag-patrimonio-unesco"],"_links":{"self":[{"href":"https:\/\/www.virtual-press.com\/newsroom\/wp-json\/wp\/v2\/posts\/2913","targetHints":{"allow":["GET"]}}],"collection":[{"href":"https:\/\/www.virtual-press.com\/newsroom\/wp-json\/wp\/v2\/posts"}],"about":[{"href":"https:\/\/www.virtual-press.com\/newsroom\/wp-json\/wp\/v2\/types\/post"}],"author":[{"embeddable":true,"href":"https:\/\/www.virtual-press.com\/newsroom\/wp-json\/wp\/v2\/users\/4"}],"replies":[{"embeddable":true,"href":"https:\/\/www.virtual-press.com\/newsroom\/wp-json\/wp\/v2\/comments?post=2913"}],"version-history":[{"count":1,"href":"https:\/\/www.virtual-press.com\/newsroom\/wp-json\/wp\/v2\/posts\/2913\/revisions"}],"predecessor-version":[{"id":2915,"href":"https:\/\/www.virtual-press.com\/newsroom\/wp-json\/wp\/v2\/posts\/2913\/revisions\/2915"}],"wp:featuredmedia":[{"embeddable":true,"href":"https:\/\/www.virtual-press.com\/newsroom\/wp-json\/wp\/v2\/media\/2914"}],"wp:attachment":[{"href":"https:\/\/www.virtual-press.com\/newsroom\/wp-json\/wp\/v2\/media?parent=2913"}],"wp:term":[{"taxonomy":"category","embeddable":true,"href":"https:\/\/www.virtual-press.com\/newsroom\/wp-json\/wp\/v2\/categories?post=2913"},{"taxonomy":"post_tag","embeddable":true,"href":"https:\/\/www.virtual-press.com\/newsroom\/wp-json\/wp\/v2\/tags?post=2913"}],"curies":[{"name":"wp","href":"https:\/\/api.w.org\/{rel}","templated":true}]}}