{"id":2954,"date":"2023-09-13T00:30:00","date_gmt":"2023-09-12T22:30:00","guid":{"rendered":"https:\/\/www.virtual-press.com\/newsroom\/?p=2954"},"modified":"2023-09-12T00:01:41","modified_gmt":"2023-09-11T22:01:41","slug":"matera-nello-studio-arti-visive-fino-al-15-settembre-la-rassegna-internazionale-sul-libro-dartista","status":"publish","type":"post","link":"https:\/\/www.virtual-press.com\/newsroom\/matera-nello-studio-arti-visive-fino-al-15-settembre-la-rassegna-internazionale-sul-libro-dartista\/","title":{"rendered":"Matera, nello Studio Arti Visive fino al 15 settembre la rassegna internazionale sul libro d&#8217;artista"},"content":{"rendered":"\n<p>Da un esempio di un codice miniato, un libro che veniva colorato e raffigurato a mano dai monaci amanuensi, alle ultime opere in cui il libro viene trasformato diventando un vero e proprio oggetto: fino al 15 settembre nello Studio Arti Visive in via delle Beccherie 41 a Matera \u00e8 possibile ammirare circa sessanta opere di artisti del Novecento italiani ed internazionali (Fontana, Vedova, Cavellini, Bentivoglio, Miccini, Dorfles, Lucini, Maggi, Paladino, Pomodoro, Munari, Beuys, Kalczy\u0144ska Scheiwiller solo per citarne alcuni) provenienti dall\u2019archivio dello Studio stesso nonch\u00e9 da collezioni private di amici e collaboratori.<\/p>\n\n\n\n<p>&#8220;Abbiamo fatto lo sforzo di provare a riassumere quello che \u00e8 il concetto di libro d&#8217;artista, un concetto molto vasto che abbraccia diverse opere e realizzazioni. E abbiamo provato anche a fare una storia del libro d&#8217;artista&#8221;, spiega Mino Di Pede dello Studio Arti Visive.<\/p>\n\n\n\n<p>Un excursus nel quale sono rappresentati i grandi nomi dell&#8217;arte italiana, dal Gruppo 70 \u2013 gli &#8220;inventori&#8221; del concetto di Poesia Visiva \u2013 a De Chirico fino ai giorni nostri coinvolgendo anche giovani artisti lucani. Non manca un&#8217;incursione nel mondo della moda \u2013 in particolare la moda per bambini negli ultimi quarant&#8217;anni \u2013 con il libro d&#8217;artista realizzato da Stefano Cavalleri.<\/p>\n\n\n\n<p>Il libro d\u2019artista, prodotto spesso in poche copie, curato come fosse un&nbsp;unicum&nbsp;ed un oggetto prezioso, \u201crisponde al bisogno \u2013 come scrive Eugenio Miccini \u2013 di manifestare una creativit\u00e0 che non si appaga di altre modalit\u00e0 espressive, n\u00e9 le sostituisce\u2026 tra le sue virt\u00f9 c\u2019\u00e8 quella del maneggiare, del manipolare il libro, di controllare anche fisicamente ci\u00f2 che si vuole iscrivere o figurare\u201d proiettandosi \u201cin una vicenda sinestetica, multicodice, plurilinguistica come \u00e8 oggi condizione e destino non solo dell\u2019arte ma anche della comunicazione sociale\u201d.<\/p>\n\n\n\n<p>La mostra, che comprende anche stampe, cataloghi e cartoline di Mail Art, si propone, inoltre, di ripercorrere in sintesi l\u2019evoluzione che il libro d\u2019artista ha conosciuto nel corso del tempo a partire dal codice miniato per giungere sino ai nostri giorni passando attraverso le esperienze del Futurismo, del Surrealismo e del Dadaismo ed arricchendosi dei contributi offerti dal Gruppo Fluxus Arte Concettuale e Poesia Visiva e Concreta.<\/p>\n\n\n\n<p>Si riporta di seguito l\u2019elenco completo degli artisti in mostra: Roberto Allegri, Rosangela Barone e Melita Cataldi, Mirella Bentivoglio, Massimo Bertolini, Joseph Beuys, Angelo Bianco, Floriano Bodini, Renata Boero, Lorenzo Boggi, Antonio Calderara, Mirta Carroli e Maria Luisa Vezzali, Daniela Cataldi, Stefano Cavalleri, Achille Cavellini, Grazia Chiesa e Michele Caldarelli, Luca Colacicco, Marino De Carlo, Antonello Di Gennaro, Franco Di Pede, Marcello Diotallevi, Giovanna Donnarumma, Gillo Dorfles, Marcel Duchamp e Lea Vergine, Pablo Echaurren, Giuseppe Filardi, Lucio Fontana e Enrico Crispolti, Renato Galbusera, Ernesto Galeffi e Carlo Betocchi, Gino Gini, Gennaro Ippolito, Marisa Jannelli, Alina Kalczy\u0144ska Scheiwiller, Joseph Keller, Piero L\u2019Annunziata, Ugo La Pietra, Roberto Leoni e Sabrina Bastai, Giancarlo Lepore, Ferruccio e Giorgio Licini, Roberto Linzalone, Carla Locantore, Ruggero Maggi, Francesco Marano, Elio Marchegiani, Renzo Margonari, Pepi Merisio, Eugenio Miccini, David Mooney, Michele Morelli, Bruno Munari, Achille Pace, Mimmo Paladino, Gastone Panciera e Guido Ballo, Antonio Paradiso, Pablo Picasso e Oreste Bellinzona, Gi\u00f2 Pomodoro, Arnaldo Pomodoro, Man Ray e Carmine Benincasa, Pasquale Santoro, Antonio Sassu, Margherita Serra, Marisa Settembrini e Carlo Franza, Chiara Silva, Anna Torelli, Nino Tricarico, Valeriano Trubbiani, Peter Van Beveren Anna Vancheri, Emilio Vedova, Domenico Verrascina, Vanni Viviani, William Xerra, Tachini Yumiko e Sabino Ventura, Marisa Zattini.<\/p>\n\n\n\n<p>L\u2019evento, inserito nell\u2019ambito della rassegna \u201cLibri in terrazza\u201d si svolge in concomitanza anche con la VI Biennale del libro d\u2019artista (curata da Giovanna Donnarumma e Gennaro Ippolito) fino al 24 settembre a Procida, Capitale Italiana della Cultura 2023.<\/p>\n\n\n\n<p>La mostra sar\u00e0 visitabile tutti i giorni fino al 15 settembre dalle ore 18.00 alle ore 21.00 o per appuntamento chiamando al numero 3403049740.<\/p>\n\n\n\n<p class=\"has-text-align-right\"><strong>Rossella Montemurro<\/strong><\/p>\n\n\n\n<p><\/p>\n","protected":false},"excerpt":{"rendered":"<p>Da un esempio di un codice miniato, un libro che veniva colorato e raffigurato a mano dai monaci amanuensi, alle ultime opere in cui il libro viene trasformato diventando un vero e proprio oggetto: fino al 15 settembre nello Studio Arti Visive in via delle Beccherie 41 a Matera \u00e8 possibile ammirare circa sessanta opere&#8230;<\/p>\n","protected":false},"author":4,"featured_media":2964,"comment_status":"open","ping_status":"open","sticky":false,"template":"","format":"standard","meta":{"footnotes":""},"categories":[2],"tags":[1469,8,27],"class_list":["post-2954","post","type-post","status-publish","format-standard","has-post-thumbnail","hentry","category-magazine","tag-libro-dartista","tag-matera","tag-studio-arti-visive"],"_links":{"self":[{"href":"https:\/\/www.virtual-press.com\/newsroom\/wp-json\/wp\/v2\/posts\/2954","targetHints":{"allow":["GET"]}}],"collection":[{"href":"https:\/\/www.virtual-press.com\/newsroom\/wp-json\/wp\/v2\/posts"}],"about":[{"href":"https:\/\/www.virtual-press.com\/newsroom\/wp-json\/wp\/v2\/types\/post"}],"author":[{"embeddable":true,"href":"https:\/\/www.virtual-press.com\/newsroom\/wp-json\/wp\/v2\/users\/4"}],"replies":[{"embeddable":true,"href":"https:\/\/www.virtual-press.com\/newsroom\/wp-json\/wp\/v2\/comments?post=2954"}],"version-history":[{"count":5,"href":"https:\/\/www.virtual-press.com\/newsroom\/wp-json\/wp\/v2\/posts\/2954\/revisions"}],"predecessor-version":[{"id":2968,"href":"https:\/\/www.virtual-press.com\/newsroom\/wp-json\/wp\/v2\/posts\/2954\/revisions\/2968"}],"wp:featuredmedia":[{"embeddable":true,"href":"https:\/\/www.virtual-press.com\/newsroom\/wp-json\/wp\/v2\/media\/2964"}],"wp:attachment":[{"href":"https:\/\/www.virtual-press.com\/newsroom\/wp-json\/wp\/v2\/media?parent=2954"}],"wp:term":[{"taxonomy":"category","embeddable":true,"href":"https:\/\/www.virtual-press.com\/newsroom\/wp-json\/wp\/v2\/categories?post=2954"},{"taxonomy":"post_tag","embeddable":true,"href":"https:\/\/www.virtual-press.com\/newsroom\/wp-json\/wp\/v2\/tags?post=2954"}],"curies":[{"name":"wp","href":"https:\/\/api.w.org\/{rel}","templated":true}]}}