{"id":2973,"date":"2023-09-18T00:26:00","date_gmt":"2023-09-17T22:26:00","guid":{"rendered":"https:\/\/www.virtual-press.com\/newsroom\/?p=2973"},"modified":"2023-09-12T12:50:36","modified_gmt":"2023-09-12T10:50:36","slug":"fondazione-orchestra-sinfonica-di-matera-fosm-presentata-la-stagione-concertistica-autunnale-2023-13-concerti-con-solisti-di-fama-internazionale","status":"publish","type":"post","link":"https:\/\/www.virtual-press.com\/newsroom\/fondazione-orchestra-sinfonica-di-matera-fosm-presentata-la-stagione-concertistica-autunnale-2023-13-concerti-con-solisti-di-fama-internazionale\/","title":{"rendered":"Fondazione Orchestra Sinfonica di Matera (Fosm), presentata la stagione concertistica autunnale 2023: 13 concerti con solisti di fama internazionale"},"content":{"rendered":"\n<p>La valorizzazione dei talenti del Conservatorio Egidio Romualdo Duni di Matera \u00e8 il filo conduttore che soggiace all\u2019ideazione del calendario della stagione concertistica autunnale 2023 dell\u2019<strong>Orchestra Sinfonica di Matera.<br><\/strong>Il programma concertistico, che si sviluppa dal 21 settembre al 30 dicembre 2023 con otto appuntamenti all\u2019Auditorium Raffaele Gervasio di &nbsp;Matera e cinque al Teatro Mercadante di Altamura, vede protagonisti: l\u2019Orchestra che offre lavoro ai musicisti del territorio e direttori e solisti che si sono formati o che sono docenti dell\u2019Istituto di alta formazione musicale della citt\u00e0 dei Sassi.<\/p>\n\n\n\n<p>La seconda stagione sinfonica organizzata e promossa dalla&nbsp;<strong>Fondazione Orchestra Sinfonica di Matera (Fosm)&nbsp;<\/strong>\u00e8 stata presentata nei giorni scorsi a Matera nel corso di una conferenza stampa tenuta dalla presidente Gianna Racamato e dal direttore artistico Saverio Vizziello della Fondazione Orchestra Sinfonica di Matera. All\u2019incontro con i giornalisti hanno preso parte anche il sindaco di Matera Domenico Bennardi e il presidente della Provincia di Matera Piero Marrese. In rappresentanza della Regione Basilicata \u00e8 intervenuto il Consigliere regionale Piergiorgio Quarto.<\/p>\n\n\n\n<p>Il compositore materano Antonello Tosto, autore del brano&nbsp;<em>Intanto a Matera<\/em>&nbsp;che sar\u00e0 eseguito in apertura del concerto del 21 settembre per celebrare l\u2019ottantesimo anniversario della Resistenza al nazifascismo della citt\u00e0 di Matera, e Benedetto Lupo, pianista che a livello internazionale ha conquistato pubblico e critica, che sempre il 21 settembre eseguir\u00e0 programma il&nbsp;<em>Concerto n.4 per pianoforte e orchestra in sol maggiore, op. 58<\/em>, hanno studiato al Conservatorio Duni di Matera.<br>\u201cA dirigere orchestra e solisti per il primo appuntamento della stagione Autunnale dell\u2019<strong>Orchestra Sinfonica di Matera<\/strong>&nbsp;\u2013 ha illustrato il direttore artistico Saverio Vizziello \u2013 sar\u00e0 il Maestro Daniele Agiman. Tra i direttori d\u2019orchestra italiani pi\u00f9 attivi a livello internazionale, Agiman ha avuto fra i suoi allievi anche il Maestro Pablo Varela che oggi insegna direzione d\u2019orchestra nel nostro Conservatorio e che sar\u00e0 il direttore del Concerto di fine anno (il 29 dicembre ad Altamura e il 30 dicembre a Matera) con ospite il vincitore del Premio Paganini 2023. Docente di Viola a Matera \u00e8 Anna Serova che, il 14 ottobre a Matera e il 15 in replica ad Altamura, eseguir\u00e0 con l\u2019Orchestra musiche di Gulda e Dvo\u0159\u00e1k. Fra i nostri allievi \u2013 prosegue il direttore artistico Vizziello \u2013 ci sono musicisti che hanno saputo affermarsi in Italia e all\u2019estero e che abbiamo fortemente voluto che si esibissero con l\u2019<strong>Orchestra Sinfonica di Matera<\/strong>&nbsp;e penso a Elisa Calabrese, studentessa di flauto che, il 23 novembre a Matera e il 24 ad Altamura, interpreter\u00e0 il&nbsp;<em>Concerto in Mi minore per flauto e orchestra<\/em>&nbsp;di Saverio Mercadante, o al Maestro Rino Marrone direttore del concerto che presentiamo il 5 novembre con le musiche di scena de&nbsp;<em>Il borghese gentiluomo&nbsp;<\/em>di Strauss con le cantanti Nunzia De Falco, soprano, e Gianna Racamato, mezzo soprano, e la voce recitante di Flavio Insinna. L\u2019attore amato dal pubblico ha accettato di partecipare al concerto a Matera anche in omaggio al suo maestro, Gigi Proietti che nel 1999 a Bari interpret\u00f2 lo stesso ruolo\u201d.<\/p>\n\n\n\n<p>La stagione autunnale dell\u2019<strong>Orchestra Sinfonica di Matera&nbsp;<\/strong>oltre a presentare alcune delle pi\u00f9 belle e virtuosistiche pagine della grande musica classica d\u2019autore, da Beethoven a Dvo\u0159\u00e1k, condurr\u00e0 il pubblico alla scoperta della musica contemporanea con l\u2019omaggio a Keplero dei compositori Carla Magnan, Riccardo Piacentini e Rossella Spinosa. Il concerto, appuntamento il 5 ottobre all\u2019Auditorium Gervasio di Matera, si intitola&nbsp;<em>Il sogno di Keplero.&nbsp;<\/em>Realizzato in collaborazione con Materelettrica, avr\u00e0 in programma composizioni eseguite in prima assoluta e su commissione della&nbsp;<strong>Fondazione Orchestra Sinfonica di Matera<\/strong>. In collaborazione con il Comune di Pomarico, il 12 novembre a Matera, il sopranista Niccol\u00f2 Balducci eseguir\u00e0 un programma con arie d\u2019opera di Antonio Vivaldi. Doppio appuntamento, il 7 dicembre a Matera e l\u20198 dicembre ad Altamura per ascoltare il virtuoso del violoncello: il Mastro Giovanni Sollima.<\/p>\n\n\n\n<p>Un solo appuntamento, il 17 dicembre al Teatro Mercadante a Altamura con l\u2019opera lirica: l\u2019opera in un atto di Saverio Mercadante&nbsp;<em>Don Chisciotte alle nozze di Gamaccio.<\/em><br>\u201cIl programma sinfonico che abbiamo realizzato, in collaborazione con il Teatro Mercadante di Altamura, il Festival Duni, Soroptimist Club di Matera, il Premio Internazionale Paganini offrir\u00e0 al pubblico la possibilit\u00e0 di ascoltare dal vivo solisti di indiscussa bravura e musiche che valorizzeranno l\u2019organico orchestrale \u2013 sottolinea la presidente della&nbsp;<strong>Fondazione Orchestra Sinfonica di Matera&nbsp;<\/strong>Gianna Racamato- Con il cda e il direttore artistico abbiamo scelto andare incontro al pubblico stabilendo il costo del biglietto d\u2019ingresso ai singoli concerti a 10 euro. Per favorire i pi\u00f9 giovani, abbiamo inoltre deciso che per gli studenti di ogni ordine e grado, dalle scuole primarie fino alle Universit\u00e0, Accademie, Licei Musicali e Conservatori di Musica, il biglietto d\u2019ingresso \u00e8 di soli 5 euro. Per chi acquister\u00e0 l\u2019abbonamento ai concerti a Matera, le condizioni sono ancora pi\u00f9 favorevoli: il pubblico potr\u00e0 assistere agli otto spettacoli in calendario da settembre a dicembre al costo di soli 50 euro. Per gli studenti l\u2019abbonamento \u00e8 di 30 euro. Acquistare i biglietti o gli abbonamenti \u2013 conclude la presidente Racamato \u2013 significa sostenere i musicisti che compongono l\u2019Orchestra, significa garantire la prosecuzione delle attivit\u00e0 e dell\u2019organico orchestrale e il lavoro di ciascun musicista\u201d.<\/p>\n\n\n\n<p>&nbsp;\u201cSiamo davvero orgogliosi di quanto sta realizzando l\u2019Orchestra sinfonica Matera, nell\u2019ambito di questo bel partenariato avviato con l\u2019Amministrazione comunale e quella provinciale. \u2013 ha dichiarato il sindaco Domenico Benardi. Importante \u00e8 il ritorno per le giovani generazioni in termini di formazione e carriera, nel prestigioso ambito della musica. Poi c\u2019\u00e8 l\u2019aspetto civile, perch\u00e9 Matera citt\u00e0 della pace soprattutto in questo momento storico, deve portare avanti i valori della non violenza e dell\u2019arte. Chi fa musica non conosce la violenza, quindi ben vengano stagioni concertistiche come questa, sia per chi produce che per chi fruisce dell\u2019esibizioni artistiche. Molto interessante \u00e8 anche questo connubio tra gli eventi e le manifestazioni pi\u00f9 rappresentative per l\u2019ente Comune e la citt\u00e0 di Matera -conclude il sindaco- penso al concerto commemorativo degli ottant\u2019anni dall\u2019eccidio materano del 21 settembre 1943, o a quello di dicembre che lancer\u00e0 la festa per i 30 anni dal riconoscimento dei Sassi come patrimonio Unesco. Un connubio davvero ben riuscito, che ci far\u00e0 fare grandi cose insieme\u201d.<\/p>\n\n\n\n<p><strong>PROGRAMMA da SETTEMBRE a DICEMBRE 2023<\/strong><\/p>\n\n\n\n<p><strong>STAGIONE CONCERTISTICA<\/strong><\/p>\n\n\n\n<p><strong>ORCHESTRA SINFONICA DI MATERA<\/strong><\/p>\n\n\n\n<p><em><u>APPUNTAMENTI STAGIONE CONCERTISTICA AUTUNNALE:<\/u><\/em><\/p>\n\n\n\n<ul class=\"wp-block-list\">\n<li><em><u>Gioved\u00ec 21 settembre ore 20:30 \u2013 Auditorium Raffaele Gervasio \u2013 Matera<\/u><\/em><\/li>\n<\/ul>\n\n\n\n<p><strong>IL GENIO DI BEETHOVEN &#8211; Concerto per la Resistenza di Matera<\/strong><\/p>\n\n\n\n<p><strong>Benedetto Lupo \u2013 <\/strong>Pianoforte;<\/p>\n\n\n\n<p>Musiche di: Antonello Tosto &#8211; <em>Intanto a Matera<\/em><\/p>\n\n\n\n<p>Ludwig van Beethoven &#8211; <em>Concerto n.4 per pianoforte e orchestra in sol maggiore, op. 58<\/em><\/p>\n\n\n\n<p><em>Sinfonia n.5 in do minore, op. 67<\/em><\/p>\n\n\n\n<p><em>ORCHESTRA SINFONICA DI MATERA<\/em><\/p>\n\n\n\n<p>Direttore: <strong>Daniele Agiman<\/strong><\/p>\n\n\n\n<ul class=\"wp-block-list\">\n<li><em><u>Gioved\u00ec 5 ottobre ore 20:30 &#8211; Auditorium Raffaele Gervasio &#8211; Matera<\/u><\/em><\/li>\n<\/ul>\n\n\n\n<p><strong>IL SOGNO DI KEPLERO<\/strong><\/p>\n\n\n\n<p>In collaborazione con <strong>Materelettrica<\/strong><\/p>\n\n\n\n<p><strong>Giuseppe Ranoia &#8211; <\/strong>voce recitante;<strong> Antonio Giovannini &#8211; <\/strong>controtenore;<strong> Rossella Spinosa <\/strong>&#8211; pianoforte<\/p>\n\n\n\n<p>Musiche di: Carla Magnan &#8211; <em>De stella nova<\/em><\/p>\n\n\n\n<p>Prima esecuzione assoluta su commissione FOSM<\/p>\n\n\n\n<p>&nbsp;Riccardo Piacentini &#8211; <em>Tre pezzi in forma di sfera<\/em><\/p>\n\n\n\n<p>Prima esecuzione assoluta su commissione FOSM<\/p>\n\n\n\n<p>&nbsp;Rossella Spinosa &#8211; <em>Il sogno di Keplero, melologo per sopranista, vice recitante, pianoforte e orchestra<\/em><\/p>\n\n\n\n<p>Nuova composizione, prima esecuzione assoluta su commissione FOSM<\/p>\n\n\n\n<p><em>ORCHESTRA SINFONICA DI MATERA<\/em><\/p>\n\n\n\n<p>Direttore: <strong>Alessandro Calcagnile<\/strong><\/p>\n\n\n\n<ul class=\"wp-block-list\">\n<li><em><u>Sabato 14 ottobre ore 20:30 Auditorium Raffaele Gervasio &#8211; Matera<\/u><\/em><\/li>\n<\/ul>\n\n\n\n<p><strong>LA VIOLA NEL NUOVO MONDO<\/strong><\/p>\n\n\n\n<p><strong>Anna Serova <\/strong>\u2013 Viola<\/p>\n\n\n\n<p>Musiche di: Friedrich Gulda &#8211; <em>Concerto per violoncello e orchestra di fiati (versione per viola)<\/em><\/p>\n\n\n\n<p>Anton\u00edn Dvo\u0159\u00e1k &#8211; <em>Sinfonia n.9, op. 45 Dal Nuovo Mondo<\/em><\/p>\n\n\n\n<p><em>ORCHESTRA SINFONICA DI MATERA<\/em><\/p>\n\n\n\n<p>Direttore: <strong>Pietro Mianiti<\/strong><\/p>\n\n\n\n<ul class=\"wp-block-list\">\n<li><em><u>Domenica 15 ottobre ore 20:30 Teatro Mercadante &#8211; Altamura<\/u><\/em><\/li>\n<\/ul>\n\n\n\n<p><strong>LA VIOLA NEL NUOVO MONDO<\/strong><\/p>\n\n\n\n<p><strong>Anna Serova <\/strong>\u2013 Viola<\/p>\n\n\n\n<p>Musiche di: Friedrich Gulda &#8211; <em>Concerto per violoncello e orchestra di fiati (versione per viola)<\/em><\/p>\n\n\n\n<p>Anton\u00edn Dvo\u0159\u00e1k &#8211; <em>Sinfonia n.9, op. 45 Dal Nuovo Mondo<\/em><\/p>\n\n\n\n<p><em>ORCHESTRA SINFONICA DI MATERA<\/em><\/p>\n\n\n\n<p>Direttore: <strong>Pietro Mianiti<\/strong><\/p>\n\n\n\n<ul class=\"wp-block-list\">\n<li><em><u>domenica 5 novembre ore 20:30 \u2013 Auditorium Raffaele Gervasio &#8211;<\/u><\/em> <em>Matera<\/em><\/li>\n<\/ul>\n\n\n\n<p><strong>IL BORGHESE GENTILUOMO<\/strong><\/p>\n\n\n\n<p>In coproduzione con il Festival Duni<\/p>\n\n\n\n<p><strong>Nunzia De Falco<\/strong> &#8211; soprano; <strong>Gianna Racamato<\/strong> &#8211; mezzo soprano; <strong>Flavio Insinna<\/strong> \u2013 voce recitante<\/p>\n\n\n\n<p>Musica di Richard Strauss, musiche di scena da <em>Il borghese gentiluomo<\/em><\/p>\n\n\n\n<p><em>ORCHESTRA SINFONICA DI MATERA<\/em><\/p>\n\n\n\n<p>Direttore: <strong>Rino Marrone<\/strong><\/p>\n\n\n\n<ul class=\"wp-block-list\">\n<li><em><u>Domenica 12 novembre ore 20:30 \u2013 Auditorium Raffaele Gervasio &#8211;<\/u><\/em> <em>Matera<\/em><\/li>\n<\/ul>\n\n\n\n<p><strong>PROGETTO VIVALDI<\/strong><\/p>\n\n\n\n<p>In collaborazione con il Comune di Pomarico<\/p>\n\n\n\n<p><strong>Niccol\u00f2 Balducci<\/strong> &#8211; sopranista<\/p>\n\n\n\n<p>Musiche di Antonio Vivaldi<em>, arie d\u2019opera<\/em><\/p>\n\n\n\n<p><em>ORCHESTRA SINFONICA DI MATERA<\/em><\/p>\n\n\n\n<p>Direttore: <strong>Francesco D\u2019Orazio<\/strong><\/p>\n\n\n\n<ul class=\"wp-block-list\">\n<li><em><u>Gioved\u00ec 23 novembre ore 20:30 &#8211; Auditorium Raffaele Gervasio \u2013 Matera<\/u><\/em><\/li>\n<\/ul>\n\n\n\n<p><strong>MERCADANTE E DONNE SU UNA CANZONE D\u2019AMORE<\/strong><\/p>\n\n\n\n<p>In collaborazione con l\u2019Associazione Soroptimist Club Matera<\/p>\n\n\n\n<p><strong>Elisa Calabrese <\/strong>\u2013 flauto<\/p>\n\n\n\n<p>Musiche: Saverio Mercadante &#8211; <em>Concerto in Mi minore per flauto e orchestra<\/em><\/p>\n\n\n\n<p>Gioachino Rossini &#8211; <em>Sinfonia da L\u2019italiana in Algeri<\/em><\/p>\n\n\n\n<p>Nino Rota &#8211; <em>Sinfonia n.4 sopra una canzone d\u2019amore<\/em><\/p>\n\n\n\n<p><em>ORCHESTRA SINFONICA DI MATERA<\/em><\/p>\n\n\n\n<p>Direttore: <strong>Michele Nitti<\/strong><\/p>\n\n\n\n<ul class=\"wp-block-list\">\n<li><em><u>Venerd\u00ec 24 novembre ore 20:30 &#8211; Teatro Mercadante &#8211; Altamura<\/u><\/em><\/li>\n<\/ul>\n\n\n\n<p><strong>MERCADANTE E DONNE SU UNA CANZONE D\u2019AMORE<\/strong><\/p>\n\n\n\n<p>In collaborazione con l\u2019Associazione Soroptimist Club Matera<\/p>\n\n\n\n<p><strong>Elisa Calabrese <\/strong>\u2013 flauto<\/p>\n\n\n\n<p>Musiche: Saverio Mercadante &#8211; <em>Concerto in Mi minore per flauto e orchestra<\/em><\/p>\n\n\n\n<p>Gioachino Rossini &#8211; <em>Sinfonia da L\u2019italiana in Algeri<\/em><\/p>\n\n\n\n<p>Nino Rota &#8211; <em>Sinfonia n.4 sopra una canzone d\u2019amore<\/em><\/p>\n\n\n\n<p><em>ORCHESTRA SINFONICA DI MATERA<\/em><\/p>\n\n\n\n<p>Direttore: <strong>Michele Nitti<\/strong><\/p>\n\n\n\n<ul class=\"wp-block-list\">\n<li><em><u>Gioved\u00ec 7 dicembre ore 20:30 Auditorium Raffaele Gervasio &#8211; Matera <\/u><\/em><strong><\/strong><\/li>\n<\/ul>\n\n\n\n<p><strong>IL VIRTUOSISMO DI SOLLIMA<\/strong><\/p>\n\n\n\n<p><strong>Giovanni Sollima<\/strong> &#8211; violoncello<\/p>\n\n\n\n<p>Musiche di: Giovanni Sollima, Ludwig van Beethoven e Franz Joseph Haydn<\/p>\n\n\n\n<p><em>ORCHESTRA SINFONICA DI MATERA<\/em><\/p>\n\n\n\n<p>Direttore: <strong>Giovanni Sollima<\/strong><\/p>\n\n\n\n<ul class=\"wp-block-list\">\n<li><em><u>Venerd\u00ec 8 dicembre ore 20:30 Teatro Mercadante &#8211; Altamura<\/u><\/em><\/li>\n<\/ul>\n\n\n\n<p><strong>IL VIRTUOSISMO DI SOLLIMA<\/strong><\/p>\n\n\n\n<p><strong>Giovanni Sollima<\/strong> &#8211; violoncello<\/p>\n\n\n\n<p>Musiche di: Giovanni Sollima, Ludwig van Beethoven e Franz Joseph Haydn<\/p>\n\n\n\n<p><em>ORCHESTRA SINFONICA DI MATERA<\/em><\/p>\n\n\n\n<p>Direttore: <strong>Giovanni Sollima<\/strong><\/p>\n\n\n\n<ul class=\"wp-block-list\">\n<li><em><u>Luned\u00ec 17 dicembre ore 20:30 &#8211; Teatro Mercadante &#8211; Altamura<\/u><\/em><\/li>\n<\/ul>\n\n\n\n<p><strong>DON CHISCIOTTE ALLE NOZZE DI GAMACCIO<\/strong><\/p>\n\n\n\n<p>In collaborazione con il Teatro Mercadante di Altamura<\/p>\n\n\n\n<p><em>Don Chisciotte alle nozze di Gamaccio<\/em><\/p>\n\n\n\n<p>Opera in un atto di Saverio Mercadante<\/p>\n\n\n\n<p><em>ORCHESTRA SINFONICA DI MATERA<\/em><\/p>\n\n\n\n<p>Direttore: <strong>Angelo Gabrielli<\/strong><\/p>\n\n\n\n<ul class=\"wp-block-list\">\n<li><em><u>Venerd\u00ec 29 dicembre ore 20:30 &#8211; Altamura<\/u><\/em><\/li>\n<\/ul>\n\n\n\n<p><strong>CONCERTO DI FINE ANNO<\/strong><\/p>\n\n\n\n<p><strong>Violino (vincitore Premio Paganini 2023)<\/strong><\/p>\n\n\n\n<p>Musiche: P\u00ebtr Il&#8217;i\u010d \u010cajkovskij<\/p>\n\n\n\n<p><em>Concerto per violino e orchestra in Re Maggiore, op. 35<\/em><\/p>\n\n\n\n<p><em>Suite op.71a dal balletto Lo schiaccianoci<\/em><\/p>\n\n\n\n<p>ORCHESTRA SINFONICA DI MATERA<\/p>\n\n\n\n<p>Direttore: <strong>Pablo Varela<\/strong><\/p>\n\n\n\n<ul class=\"wp-block-list\">\n<li><em><u>Sabato 30 dicembre ore 20:30 &#8211; Matera<\/u><\/em><\/li>\n<\/ul>\n\n\n\n<p><strong>CONCERTO DI FINE ANNO<\/strong><\/p>\n\n\n\n<p><strong>Violino (vincitore Premio Paganini 2023)<\/strong><\/p>\n\n\n\n<p>Musiche: P\u00ebtr Il&#8217;i\u010d \u010cajkovskij<\/p>\n\n\n\n<p><em>Concerto per violino e orchestra in Re Maggiore, op. 35<\/em><\/p>\n\n\n\n<p><em>Suite op.71a dal balletto Lo schiaccianoci<\/em><\/p>\n\n\n\n<p>ORCHESTRA SINFONICA DI MATERA<\/p>\n\n\n\n<p>Direttore: <strong>Pablo Varela<\/strong><\/p>\n\n\n\n<p><em><u>Informazioni sulla Fondazione Orchestra Sinfonica di Matera:<\/u><\/em><\/p>\n\n\n\n<p>La&nbsp;<strong>Fondazione Orchestra Sinfonica di Matera<\/strong>&nbsp;\u00e8 partecipata da&nbsp;<strong>Comune di Matera<\/strong>,&nbsp;<strong>Provincia di Matera<\/strong>&nbsp;e&nbsp;<strong>Conservatorio Egidio Romualdo Duni di Matera<\/strong>&nbsp;che ne sostengono le attivit\u00e0.<\/p>\n\n\n\n<p>A queste istituzioni si aggiungono: il&nbsp;<strong>Ministero della Cultura<\/strong>&nbsp;che ha ammesso l\u2019Orchestra al percorso per il riconoscimento quale ICO Istituzione Concertistica Orchestrale e la sostiene attraverso il Fondo Unico per lo Spettacolo (Fus), e la&nbsp;<strong>Regione Basilicata<\/strong>, che la sostiene con fondi regionali.<\/p>\n\n\n\n<p>La stagione concertistica 2023, con la direzione artistica del Maestro Saverio Vizziello, \u00e8 realizzata in collaborazione con il Teatro Mercadante di Altamura, il Festival Duni, Soroptimist Club di Matera, il Premio Internazionale Paganini e si svolge con il sostegno dei Comuni di: Accettura, Bernalda, Garaguso, Grassano, Irsina, Miglionico, Montalbano Jonico, Montescaglioso, Nova Siri Scalo, Pisticci, Policoro, Pomarico, Scanzano Jonico, Stigliano, Tursi e Valsinni, l\u2019Arcidiocesi di Matera \u2013 Irsina \u2013 Tricarico, il Comitato organizzatore dei festeggiamenti per Maria Santissima della Bruna.<\/p>\n\n\n\n<p><strong><em><u>Informazioni su biglietti, prevendita e contatti:<\/u><\/em><\/strong><\/p>\n\n\n\n<p><em><u>Biglietti:<\/u><\/em><\/p>\n\n\n\n<p>Ingresso singolo 10,00 \u20ac (*)<\/p>\n\n\n\n<p>Ingresso singolo ridotto studenti 5,00 \u20ac (*)<\/p>\n\n\n\n<p><em><u>Abbonamenti:<\/u><\/em><\/p>\n\n\n\n<p>Posto singolo per 8 spettacoli a Matera:<\/p>\n\n\n\n<p>Intero 50,00 \u20ac (*)<\/p>\n\n\n\n<p>Ridotto studenti 30,00 \u20ac (*)<\/p>\n\n\n\n<p>(*) Oltre costi di prevendita<\/p>\n\n\n\n<p><em><u>Come acquistare:<\/u><\/em><\/p>\n\n\n\n<p>Biglietteria:<\/p>\n\n\n\n<p>\u00b7&nbsp;&nbsp;&nbsp;&nbsp;&nbsp;&nbsp;Cineteatro Comunale Gerardo Guerrieri, in piazza Vittorio Veneto, 23 a Matera. Tutti i giorni dalle 18 alle 21.<\/p>\n\n\n\n<p>\u00b7&nbsp;&nbsp;&nbsp;&nbsp;&nbsp;&nbsp;Cartolibreria Montemurro, in via delle Beccherie, 69 a Matera. Dal luned\u00ec al sabato dalle 10:00 alle 13:00 e dalle 17:00 alle 20:30.<\/p>\n\n\n\n<p><em><u>Per informazioni sulla programmazione degli spettacoli:&nbsp;<\/u><\/em><a href=\"https:\/\/orchestrasinfonicamatera.it\/\" target=\"_blank\" rel=\"noreferrer noopener\">https:\/\/orchestrasinfonicamatera.it\/<\/a><\/p>\n","protected":false},"excerpt":{"rendered":"<p>La valorizzazione dei talenti del Conservatorio Egidio Romualdo Duni di Matera \u00e8 il filo conduttore che soggiace all\u2019ideazione del calendario della stagione concertistica autunnale 2023 dell\u2019Orchestra Sinfonica di Matera.Il programma concertistico, che si sviluppa dal 21 settembre al 30 dicembre 2023 con otto appuntamenti all\u2019Auditorium Raffaele Gervasio di &nbsp;Matera e cinque al Teatro Mercadante di&#8230;<\/p>\n","protected":false},"author":4,"featured_media":2974,"comment_status":"open","ping_status":"open","sticky":false,"template":"","format":"standard","meta":{"footnotes":""},"categories":[2],"tags":[1473,8],"class_list":["post-2973","post","type-post","status-publish","format-standard","has-post-thumbnail","hentry","category-magazine","tag-fondazione-orchestra-sinfonica","tag-matera"],"_links":{"self":[{"href":"https:\/\/www.virtual-press.com\/newsroom\/wp-json\/wp\/v2\/posts\/2973","targetHints":{"allow":["GET"]}}],"collection":[{"href":"https:\/\/www.virtual-press.com\/newsroom\/wp-json\/wp\/v2\/posts"}],"about":[{"href":"https:\/\/www.virtual-press.com\/newsroom\/wp-json\/wp\/v2\/types\/post"}],"author":[{"embeddable":true,"href":"https:\/\/www.virtual-press.com\/newsroom\/wp-json\/wp\/v2\/users\/4"}],"replies":[{"embeddable":true,"href":"https:\/\/www.virtual-press.com\/newsroom\/wp-json\/wp\/v2\/comments?post=2973"}],"version-history":[{"count":4,"href":"https:\/\/www.virtual-press.com\/newsroom\/wp-json\/wp\/v2\/posts\/2973\/revisions"}],"predecessor-version":[{"id":2979,"href":"https:\/\/www.virtual-press.com\/newsroom\/wp-json\/wp\/v2\/posts\/2973\/revisions\/2979"}],"wp:featuredmedia":[{"embeddable":true,"href":"https:\/\/www.virtual-press.com\/newsroom\/wp-json\/wp\/v2\/media\/2974"}],"wp:attachment":[{"href":"https:\/\/www.virtual-press.com\/newsroom\/wp-json\/wp\/v2\/media?parent=2973"}],"wp:term":[{"taxonomy":"category","embeddable":true,"href":"https:\/\/www.virtual-press.com\/newsroom\/wp-json\/wp\/v2\/categories?post=2973"},{"taxonomy":"post_tag","embeddable":true,"href":"https:\/\/www.virtual-press.com\/newsroom\/wp-json\/wp\/v2\/tags?post=2973"}],"curies":[{"name":"wp","href":"https:\/\/api.w.org\/{rel}","templated":true}]}}