{"id":2987,"date":"2023-10-02T00:05:00","date_gmt":"2023-10-01T22:05:00","guid":{"rendered":"https:\/\/www.virtual-press.com\/newsroom\/?p=2987"},"modified":"2023-09-27T13:02:02","modified_gmt":"2023-09-27T11:02:02","slug":"museo-nazionale-di-matera-riparte-con-i-servizi-bibliotecari-e-apre-nuovo-presidio-nati-per-leggere","status":"publish","type":"post","link":"https:\/\/www.virtual-press.com\/newsroom\/museo-nazionale-di-matera-riparte-con-i-servizi-bibliotecari-e-apre-nuovo-presidio-nati-per-leggere\/","title":{"rendered":"Il Museo nazionale di Matera riparte con i servizi bibliotecari e apre un nuovo presidio \u201cNati per leggere\u201d"},"content":{"rendered":"\n<p>Riprendono al Museo nazionale di Matera, con l\u2019arrivo di un esperto bibliotecario, i servizi di consultazione e prestito di libri nelle biblioteche di Palazzo Lanfranchi e del Museo Ridola.&nbsp;&nbsp;Tali servizi saranno fruibili dal luned\u00ec al venerd\u00ec dalle 9:00 alle 13:00 previa prenotazione all\u2019indirizzo&nbsp;<a href=\"mailto:mn-mt@cultura-gov.it\" target=\"_blank\" rel=\"noreferrer noopener\">mn-mt@cultura-gov.it<\/a>.&nbsp;&nbsp;<\/p>\n\n\n\n<p>Il Museo ha altres\u00ec destinato a bambini e ragazzi un\u2019area dell\u2019Ex Ospedale di San Rocco dove \u00e8 stato allestito un punto didattico in cui sar\u00e0 possibile leggere libri, partecipare ad incontri di lettura e laboratori creativi.&nbsp;<\/p>\n\n\n\n<p>Grazie alla sottoscrizione di un protocollo d\u2019intesa con il Coordinamento regionale \u201cNati per leggere\u201d, composto da AIB \u2013 Associazione Italiana Biblioteche, ACP- Associazione Culturale Pediatri, CSB \u2013 Centro per la Salute del Bambino, questo spazio&nbsp;&nbsp;diventer\u00e0 anche nuovo presidio a Matera e in Basilicata del programma \u201cNati per leggere\u201d, che propone attivit\u00e0 di lettura alle famiglie con bambini da 0 a 6 anni, per favorire lo sviluppo cognitivo dei piccoli nonch\u00e9 le capacit\u00e0 dei genitori di crescere con i loro figli.&nbsp;&nbsp;<\/p>\n\n\n\n<p>In occasione della \u201cSettimana nazionale delle biblioteche \u2013 Bibliopride 2023\u201d sul tema \u201cVerso l\u2019anno europeo delle competenze\u201d promossa dall\u2019AIB dal 25 settembre al 1\u00b0 ottobre, il Museo apre questo spazio nella giornata di luned\u00ec 25 settembre alle ore 16:45, proponendo attivit\u00e0 di lettura dedicate ai bambini pi\u00f9 piccoli a cura delle volontarie di \u201cNati per leggere\u201d Basilicata.&nbsp;&nbsp;&nbsp;<\/p>\n\n\n\n<p>Per partecipare all\u2019iniziativa \u00e8 richiesta la prenotazione all\u2019indirizzo&nbsp;<a href=\"mailto:natiperleggerematera@gmail.com\" target=\"_blank\" rel=\"noreferrer noopener\">natiperleggerematera@gmail.com<\/a>&nbsp;.&nbsp;&nbsp;<\/p>\n","protected":false},"excerpt":{"rendered":"<p>Riprendono al Museo nazionale di Matera, con l\u2019arrivo di un esperto bibliotecario, i servizi di consultazione e prestito di libri nelle biblioteche di Palazzo Lanfranchi e del Museo Ridola.&nbsp;&nbsp;Tali servizi saranno fruibili dal luned\u00ec al venerd\u00ec dalle 9:00 alle 13:00 previa prenotazione all\u2019indirizzo&nbsp;mn-mt@cultura-gov.it.&nbsp;&nbsp; Il Museo ha altres\u00ec destinato a bambini e ragazzi un\u2019area dell\u2019Ex Ospedale&#8230;<\/p>\n","protected":false},"author":4,"featured_media":2988,"comment_status":"open","ping_status":"open","sticky":false,"template":"","format":"standard","meta":{"footnotes":""},"categories":[2],"tags":[8,1478,1479],"class_list":["post-2987","post","type-post","status-publish","format-standard","has-post-thumbnail","hentry","category-magazine","tag-matera","tag-museo-nazionale","tag-nati-per-leggere"],"_links":{"self":[{"href":"https:\/\/www.virtual-press.com\/newsroom\/wp-json\/wp\/v2\/posts\/2987","targetHints":{"allow":["GET"]}}],"collection":[{"href":"https:\/\/www.virtual-press.com\/newsroom\/wp-json\/wp\/v2\/posts"}],"about":[{"href":"https:\/\/www.virtual-press.com\/newsroom\/wp-json\/wp\/v2\/types\/post"}],"author":[{"embeddable":true,"href":"https:\/\/www.virtual-press.com\/newsroom\/wp-json\/wp\/v2\/users\/4"}],"replies":[{"embeddable":true,"href":"https:\/\/www.virtual-press.com\/newsroom\/wp-json\/wp\/v2\/comments?post=2987"}],"version-history":[{"count":3,"href":"https:\/\/www.virtual-press.com\/newsroom\/wp-json\/wp\/v2\/posts\/2987\/revisions"}],"predecessor-version":[{"id":2991,"href":"https:\/\/www.virtual-press.com\/newsroom\/wp-json\/wp\/v2\/posts\/2987\/revisions\/2991"}],"wp:featuredmedia":[{"embeddable":true,"href":"https:\/\/www.virtual-press.com\/newsroom\/wp-json\/wp\/v2\/media\/2988"}],"wp:attachment":[{"href":"https:\/\/www.virtual-press.com\/newsroom\/wp-json\/wp\/v2\/media?parent=2987"}],"wp:term":[{"taxonomy":"category","embeddable":true,"href":"https:\/\/www.virtual-press.com\/newsroom\/wp-json\/wp\/v2\/categories?post=2987"},{"taxonomy":"post_tag","embeddable":true,"href":"https:\/\/www.virtual-press.com\/newsroom\/wp-json\/wp\/v2\/tags?post=2987"}],"curies":[{"name":"wp","href":"https:\/\/api.w.org\/{rel}","templated":true}]}}