{"id":2995,"date":"2023-09-29T00:02:00","date_gmt":"2023-09-28T22:02:00","guid":{"rendered":"https:\/\/www.virtual-press.com\/newsroom\/?p=2995"},"modified":"2023-09-27T13:03:57","modified_gmt":"2023-09-27T11:03:57","slug":"race-for-the-cure-lazienda-sanitaria-locale-di-matera-sara-in-prima-fila-con-una-propria-squadra","status":"publish","type":"post","link":"https:\/\/www.virtual-press.com\/newsroom\/race-for-the-cure-lazienda-sanitaria-locale-di-matera-sara-in-prima-fila-con-una-propria-squadra\/","title":{"rendered":"\u201cRace for the cure\u201d, l\u2019Azienda Sanitaria Locale di Matera sar\u00e0 in prima fila con una propria squadra"},"content":{"rendered":"\n<p>L\u2019Azienda Sanitaria Locale di Matera sar\u00e0 in prima fila con una propria squadra alla \u201cRace for the cure\u201d l&#8217;iniziativa di prevenzione dei tumori al seno che si svolger\u00e0 a Matera il primo ottobre, organizzata da Komen Italia e presentata questa mattina al Comune di Matera in conferenza stampa. \u201cLa prevenzione e la sensibilizzazione al tema del tumore al seno \u2013 sostiene il Direttore Generale dell\u2019Azienda Sanitaria Locale di Matera, Sabrina Pulvirenti- fanno parte della nostra mission aziendale, per questo abbiamo scelto di partecipare numerosi alla corsa di domenica con un gruppo variegato formato da dipendenti ASM di Matera e provincia, portatori di interesse e &nbsp;tanti cittadini che hanno deciso di iscriversi alla nostra squadra. L\u2019obiettivo \u00e8 quello di diffondere il messaggio sull\u2019importanza della prevenzione primaria del tumore al seno, che interviene sui fattori di rischio, e sulla prevenzione secondaria, ossia la diagnosi precoce. Comunicare, specialmente in tema salute, \u00e8 fondamentale. Solo cos\u00ec saremo in grado di informarci, riflettere e fare le scelte pi\u00f9 vantaggiose per noi stessi e per i nostri cari, mandando un forte messaggio di incoraggiamento alle 56.000 donne che in Italia ogni anno si confrontano con la malattia\u201d.<\/p>\n\n\n\n<p>L\u2019ASM sta collaborando attivamente con KOMEN Italia per la promozione e il supporto delle iniziative a favore delle donne, sia per prevenire che per affrontare i percorsi di cura. \u201cPoche settimane fa \u2013 continua Pulvirenti- abbiamo inaugurato presso l&#8217;Ospedale Madonna delle Grazie di Matera la sede del Comitato Basilicata di Komen Italia, un presidio fisico dove accogliere le donne in rosa, le loro famiglie, i volontari e tutta la comunit\u00e0 in uno spazio di servizio, vicino al luogo della cura, nel quale divulgare le iniziative svolte dall&#8217;associazione e promuoverne di nuove all&#8217;interno degli spazi messi a disposizione dall&#8217;Azienda Sanitaria di Matera che ha saputo cogliere l&#8217;importanza di un luogo aperto per l&#8217;accoglienza delle esigenze delle donne che affrontano un percorso di cura e non vogliono sentirsi sole\u201d.<br><\/p>\n","protected":false},"excerpt":{"rendered":"<p>L\u2019Azienda Sanitaria Locale di Matera sar\u00e0 in prima fila con una propria squadra alla \u201cRace for the cure\u201d l&#8217;iniziativa di prevenzione dei tumori al seno che si svolger\u00e0 a Matera il primo ottobre, organizzata da Komen Italia e presentata questa mattina al Comune di Matera in conferenza stampa. \u201cLa prevenzione e la sensibilizzazione al tema&#8230;<\/p>\n","protected":false},"author":4,"featured_media":2996,"comment_status":"open","ping_status":"open","sticky":false,"template":"","format":"standard","meta":{"footnotes":""},"categories":[2],"tags":[444,1481,8,1482,1480],"class_list":["post-2995","post","type-post","status-publish","format-standard","has-post-thumbnail","hentry","category-magazine","tag-asm","tag-komen","tag-matera","tag-pulvirenti","tag-race-for-the-cure"],"_links":{"self":[{"href":"https:\/\/www.virtual-press.com\/newsroom\/wp-json\/wp\/v2\/posts\/2995","targetHints":{"allow":["GET"]}}],"collection":[{"href":"https:\/\/www.virtual-press.com\/newsroom\/wp-json\/wp\/v2\/posts"}],"about":[{"href":"https:\/\/www.virtual-press.com\/newsroom\/wp-json\/wp\/v2\/types\/post"}],"author":[{"embeddable":true,"href":"https:\/\/www.virtual-press.com\/newsroom\/wp-json\/wp\/v2\/users\/4"}],"replies":[{"embeddable":true,"href":"https:\/\/www.virtual-press.com\/newsroom\/wp-json\/wp\/v2\/comments?post=2995"}],"version-history":[{"count":1,"href":"https:\/\/www.virtual-press.com\/newsroom\/wp-json\/wp\/v2\/posts\/2995\/revisions"}],"predecessor-version":[{"id":2997,"href":"https:\/\/www.virtual-press.com\/newsroom\/wp-json\/wp\/v2\/posts\/2995\/revisions\/2997"}],"wp:featuredmedia":[{"embeddable":true,"href":"https:\/\/www.virtual-press.com\/newsroom\/wp-json\/wp\/v2\/media\/2996"}],"wp:attachment":[{"href":"https:\/\/www.virtual-press.com\/newsroom\/wp-json\/wp\/v2\/media?parent=2995"}],"wp:term":[{"taxonomy":"category","embeddable":true,"href":"https:\/\/www.virtual-press.com\/newsroom\/wp-json\/wp\/v2\/categories?post=2995"},{"taxonomy":"post_tag","embeddable":true,"href":"https:\/\/www.virtual-press.com\/newsroom\/wp-json\/wp\/v2\/tags?post=2995"}],"curies":[{"name":"wp","href":"https:\/\/api.w.org\/{rel}","templated":true}]}}