{"id":2998,"date":"2023-10-04T00:02:00","date_gmt":"2023-10-03T22:02:00","guid":{"rendered":"https:\/\/www.virtual-press.com\/newsroom\/?p=2998"},"modified":"2023-09-29T12:10:54","modified_gmt":"2023-09-29T10:10:54","slug":"matera-film-festival-in-dirittura-darrivo","status":"publish","type":"post","link":"https:\/\/www.virtual-press.com\/newsroom\/matera-film-festival-in-dirittura-darrivo\/","title":{"rendered":"Proseguono gli appuntamenti della quarta edizione del Matera Film Festival"},"content":{"rendered":"\n<p>E&#8217; in corso fino al <strong>7 ottobre, nella \u201cCitt\u00e0 dei Sassi\u201d il Matera Film Festival<\/strong>. Anche la\u00a0<strong>quarta edizione<\/strong>\u00a0si sviluppa nella direzione della ricerca d\u2019innovazione dei nuovi linguaggi, l\u2019attenzione ai contenuti culturali e nella capacit\u00e0 di intercettare ospiti di primo piano nazionali ed internazionali. Su tutti spiccano\u00a0<strong>Terry Gilliam,\u00a0<\/strong>personalit\u00e0 eclettica tra i fondatori dei Monty Python e regista di film leggendari come Brazil, Le avventure del Barone di M\u00fcnchausen, La leggenda del re pescatore, L\u2019esercito delle 12 scimmie e Paura e delirio a Las Vegas. Oltre a Gilliam sar\u00e0 presente, in veste di presidente di giuria lungometraggi,\u00a0<strong>Peter Greenaway,<\/strong>\u00a0considerato uno dei pi\u00f9 rilevanti cineasti britannici e protagonista assoluto del cinema d\u2019autore mondiale. Grande spazio alle serie tv nella sezione \u201cFuori serie\u201d sviluppata in collaborazione con\u00a0<strong>Rai Fiction<\/strong>\u00a0e\u00a0<strong>Rainbow.<\/strong>\u00a0Confermate anche le sezioni \u201cCitt\u00e0 invisibili o condivisibili\u201d, \u201cFocus Italia\u201d, \u201cQui e ora\u201d, \u201cEroi per casa\u201d, \u201cMatera edu\u201d e \u201cMatera for the World\u201d. Proprio in quest\u2019ultima sezione avr\u00e0 ampio spazio il gemellaggio con il\u00a0<strong>Montreal<\/strong>\u00a0<strong>First Peoples\u2019 Festival\u00a0<\/strong>per una riflessione sulla condizione dei nativi indigeni canadesi. Molto importanti le nuove collaborazioni con il\u00a0<strong>Comune di Ferrandina<\/strong>, prima tappa per costruire un Festival diffuso su tutto il territorio regionale e con\u00a0<strong>Arpa Basilicata<\/strong>\u00a0per sviluppare le tematiche ambientali e green.<\/p>\n\n\n\n<p><strong>Per il secondo anno consecutivo<\/strong>&nbsp;si rinnova la collaborazione con&nbsp;<strong>l\u2019Acad\u00e9mie des C\u00e9sar e l\u2019Accademia del Cinema Italiano \u2013 Premio David di Donatello<\/strong>&nbsp;per&nbsp;<strong>\u201cle notti d\u2019oro\u201d<\/strong>, il programma dedicato ai cortometraggi che si sono distinti nelle Accademie di Cinema pi\u00f9 importanti del Mondo. Durante \u201cLe notti d\u2019oro\u201d gli spettatori potranno ammirare 30 cortometraggi vincitori dei premi equivalenti ai C\u00e9sar assegnati dalle proprie Accademie di Cinema (Bafta, David di Donatello, Goya, Magritte, Oscar\u2026).<\/p>\n\n\n\n<p><strong>Organizzatori<\/strong><\/p>\n\n\n\n<p>Presidente dell\u2019evento \u00e8&nbsp;<strong>Dario Toma,<\/strong>&nbsp;vicepresidente&nbsp;<strong>Annarita Del Piano<\/strong>, la direzione generale \u00e8 affidata a&nbsp;<strong>Nando Irene<\/strong>, mentre la direzione artistica \u00e8 curata da&nbsp;<strong>Donato Santeramo<\/strong>. La kermesse prevede&nbsp;un ricco programma di eventi, ospiti e proiezioni, prenotabili sul sito ufficiale&nbsp;<a href=\"http:\/\/www.materafilmfestival.it\/\" target=\"_blank\" rel=\"noreferrer noopener\">www.materafilmfestival.it<\/a>&nbsp;a partire dal 25 settembre.&nbsp;<\/p>\n\n\n\n<p><strong>Il simbolo e il Manifesto<\/strong><\/p>\n\n\n\n<p><strong>Il simbolo<\/strong>&nbsp;del festival \u00e8 la balena&nbsp;<strong>\u2018Giuliana\u2019<\/strong>, il pi\u00f9 grande cetaceo del Pleistocene mai scoperto, rinvenuto nel 2006 sulle sponde del Lago di San Giuliano, da cui prende il nome.&nbsp;<strong>Il manifesto&nbsp;<\/strong>del Matera Film Festival 2023, ad opera del direttore creativo&nbsp;<strong>e visual artist<\/strong>&nbsp;<strong>Silvio Giordano<\/strong>, ha come protagonisti dei bambini in cammino verso un futuro misterioso. Con loro c\u2019\u00e8 Giuliana, la balena del Matera Film Festival simbolo di letteratura, cinema e metafora del rispetto verso il pianeta Terra e gli animali. Le bambine invitano il pubblico a seguirle verso la luce, verso un salto evolutivo dell\u2019umanit\u00e0. Come nel film l\u2019Esercito delle 12 scimmie di Terry Gilliam sperano in un futuro privo di pandemie, guerre, crisi climatica e dove gli animali possano vivere liberi.<\/p>\n\n\n\n<p><strong>Terry Gilliam<\/strong><\/p>\n\n\n\n<p>Cineasta di fama internazionale,&nbsp;<strong>Terry Gilliam<\/strong>&nbsp;dar\u00e0 vita ad una colorata&nbsp;<strong>masterclass oggi venerd\u00ec 6 ottobre alle 18,00<\/strong>. A lui \u00e8 dedicata la seconda retrospettiva che inizia con&nbsp;<em><strong>Brazil<\/strong><\/em>, film in sala domenica primo ottobre alle 22,00 a cui seguir\u00e0 mercoled\u00ec 4 ottobre&nbsp;<em><strong>Paura e delirio a Las Vegas<\/strong><\/em>&nbsp;e che si concluder\u00e0 venerd\u00ec 6 ottobre alle 20 con la proiezione di&nbsp;<em><strong>Tideland<\/strong><\/em><strong>.<\/strong><\/p>\n\n\n\n<p><strong>Le giurie dei film in concorso<\/strong><\/p>\n\n\n\n<p>Anche in questa quarta edizione del&nbsp;<strong>Matera Film Festival<\/strong>, a giudicare le opere in concorso, sono figure di grande autorevolezza.<\/p>\n\n\n\n<p>La giuria della sezione<strong>&nbsp;Futures&nbsp;<\/strong>\u00e8 composta da:&nbsp;<strong>Peter Greenaway<\/strong>, Presidente di giuria<strong>, Lisa Nur Sultan, Paola Randi, Francesca Cualbu&nbsp;<\/strong>e<strong>&nbsp;Marita D\u2019Elia&nbsp;<\/strong><\/p>\n\n\n\n<p>Per quanto riguarda i&nbsp;<strong>Documentari<\/strong>&nbsp;i giurati sono&nbsp;<strong>Saskia Boddeke,<\/strong>&nbsp;Presidente di giuria,&nbsp;<strong>Joana de Freitas Ginori&nbsp;<\/strong>e<strong>&nbsp;Vincenzo Marra<\/strong><\/p>\n\n\n\n<p>Infine,la sezione\u00a0<strong>SHORT\u00a0<\/strong>\u00e8 stata affidata al giudizio di\u00a0<strong>Stefano Cipani,\u00a0<\/strong>Presidente di giuria<strong>, Manuela Spart\u00e0\u00a0<\/strong>e<strong>\u00a0Nadia Kibout<\/strong>\u00a0<\/p>\n\n\n\n<p><strong>IL PROGRAMMA\u00a0<\/strong>\u00a0<\/p>\n\n\n\n<p><strong>Mercoled\u00ec 04 ottobre alle<\/strong>&nbsp;ore&nbsp;<strong>11,00<\/strong><strong>&nbsp;<\/strong>inizia una sessione riservata alle scuole che parte con la presentazione del libro&nbsp;<strong>\u201c<\/strong><strong><em>Le voci segrete del mare. Storia di una balena che si innamor\u00f2 di un umano\u201d<\/em><\/strong><strong><em>&nbsp;<\/em><\/strong>di Mari Caporale, appuntamento e a cura di Anna Rita Del Piano.<\/p>\n\n\n\n<p><strong>Alle 17,30<\/strong>&nbsp;nel CineTeatro Guerrieri sar\u00e0 il momento di un&nbsp;focus dedicato&nbsp;all\u2019ambiente coprodotto da&nbsp;<strong>Matera film festival e Arpa Basilicata.<\/strong>&nbsp;Nello spazio \u201cAmbiente: tutela, cinema e promozione\u201d&nbsp;intervengono&nbsp;<strong>Donato<\/strong><strong>&nbsp;<\/strong><strong>Ramunno<\/strong>, direttore generale Agenzia Regionale Protezione Ambiente Basilicata,&nbsp;<strong>Cosimo<\/strong><strong>&nbsp;Latronico<\/strong>, assessore Ambiente, Territorio ed Energia Regione Basilicata, l\u2019attrice<strong>&nbsp;<\/strong><strong>Sara Ricci<\/strong>&nbsp;e&nbsp;<strong>Giovanni Padula<\/strong>, direttore della Fondazione Matera-Basilicata 2019 in un incontro moderato da Margherita Sarli.&nbsp;<strong>Alle 19,30 la Fondazione Matera<\/strong><strong>&nbsp;<\/strong><strong>\u2013<\/strong><strong>&nbsp;<\/strong><strong>Basilicata 2019 presenta Aerocene di Tom\u00e0s Saraceno.<\/strong><\/p>\n\n\n\n<p><strong>Giovedi 5 ottobre alle 10,00<\/strong>&nbsp;spazio all\u2019<strong>&nbsp;<\/strong><strong>Arpab<\/strong>&nbsp;in un focus dedicato alle scuole su \u201cmission ed educazione alla sostenibilit\u00e0 ambientale: un percorso multimediale\u201d, evento curato da&nbsp;<strong>Anna Cammarota<\/strong>, responsabile area comunicazione ed educazione ambientale, mentre alle&nbsp;<strong>11,00 nel CineTeatro Comunale Domenico Bellocchio di<\/strong><strong>&nbsp;<\/strong><strong>Ferrandina<\/strong>&nbsp;verr\u00e0 presentato&nbsp;<em>Il mondo \u00e8 troppo per me<\/em>&nbsp;di&nbsp;<strong>Vania Cauzillo<\/strong>&nbsp;<em>che incontrer\u00e0 il pubblico insieme al<\/em>&nbsp;<strong>direttore artistico Donato Santeramo.<\/strong><strong><\/strong><\/p>\n\n\n\n<p><strong>Alle 16,30<\/strong>&nbsp;prosegue il concorso lungometraggi con<strong>&nbsp;<\/strong><em>El canto de las moscas<\/em><em>&nbsp;<\/em>di Ricardo Soto, mentre&nbsp;<strong>alle 18,00<\/strong><strong>&nbsp;<\/strong>nell\u2019OpenSpace ci sar\u00e0 la presentazione&nbsp;<strong>libro<\/strong><strong>&nbsp;<\/strong><strong>\u201cFantozzi dietro le quinte\u201d<\/strong>&nbsp;con&nbsp;<strong>Elisabetta Villaggio<\/strong>&nbsp;e&nbsp;<strong>Marianna Dimona<\/strong>. La serata prosegue alle 18,15 con il corto&nbsp;<em>Effimeri<\/em>&nbsp;di Stefania Laterza e si conclude con l<strong>\u2019attesissima masterclass di Peter Greenaway a cui segue il suo film<\/strong><strong>&nbsp;<\/strong><strong><em>The Baby of M\u00e2con<\/em><\/strong><strong>.<\/strong><\/p>\n\n\n\n<p><strong>Il 6 ottobre alle 10,00<\/strong>&nbsp;proseguono le attivit\u00e0 a Ferrandina con il&nbsp;<strong>talk \u201cDonne: scrittura e regia\u201d con&nbsp;Lisa Nur Sultan, Paola Randi e Donato Santeramo<\/strong>.<strong>&nbsp;Alle 18,00<\/strong>&nbsp;la grande&nbsp;<strong>masterclass<\/strong>&nbsp;con&nbsp;<strong>Terry Gilliam<\/strong>&nbsp;e&nbsp;<strong>alle 21,30,<\/strong>&nbsp;infine,&nbsp;<strong>ci sar\u00e0 l\u2019incontro con il Montreal First Peoples\u2019&nbsp;Festival&nbsp;<\/strong>e la proiezione del film Bones of Crows di Marie Clements, film vincitore dell\u2019&nbsp;Air-Canada \u2013 Matera Award.<\/p>\n\n\n\n<p><strong>Sabato 7 ottobre<\/strong>&nbsp;la giornata conclusiva inizia&nbsp;<strong>alle 11,00&nbsp;<\/strong>con il lungo in concorso&nbsp;<em>N\u00e3o Sou Nada&nbsp;<\/em>di Edgar P\u00eara (92\u2019) che presenta il film con il produttore Joao Paulo Macedo.&nbsp;<strong>Alle 16,00<\/strong>&nbsp;\u00e8 la volta di&nbsp;<em>Guerra tra i poveri<\/em>&nbsp;di Kassim Yassin Saleh e presentato dalla produttrice Joana de Freitas Ginori e, infine,&nbsp;<strong>alle 18,30<\/strong>&nbsp;ci sar\u00e0 la presentazione del libro&nbsp;<em><strong>\u201cTaccuino di viaggio tra i Parchi lucani\u201d<\/strong><\/em>&nbsp;con&nbsp;<strong>Antonio Nicoletti,<\/strong>&nbsp;Direttore APT Basilicata APT Basilicata,&nbsp;<strong>Fabio Vito Lacertosa<\/strong>, curatore e critico d\u2019arte,&nbsp;<strong>Raffaele Pentasuglia<\/strong>, artista e autore del libro,&nbsp;<strong>Cosimo Latronico,<\/strong>&nbsp;Assessore all\u2019Ambiente della Regione Basilicata e la live performance&nbsp;<strong>Federico Ferrandina<\/strong>&nbsp;alla chitarra.&nbsp;<strong>Alle 21,00 il festival si chiuder\u00e0 con la serata di premiazioni e la consegna dei premi Citt\u00e0 di Matera alla presenza di Enzo Sisti, presidente onorario del Matera Film Festival, Cinzia TH Torrini, Alessio Lapice, Antonio Gerardi e altri ospiti.<\/strong><\/p>\n\n\n\n<p><strong>Per Dario Toma, Anna Rita Del Piano e Nando Irene, rispettivamente Presidente, vicepresidente e direttore del festival&nbsp;<\/strong>\u201cstiamo&nbsp;costruendo un festival che si struttura secondo lo schema dei principali festival nazionali ed internazionali. \u00c8 stato fatto un ottimo lavoro di selezione con opere provenienti da ogni parte del mondo. Nello stesso evento sono presenti contemporaneamente due tra i pi\u00f9 importanti e significativi registi mondiali. Un successo straordinario frutto del lavoro di un team a cui va il nostro ringraziamento. Solo cos\u00ec si sta realizzando un grande progetto con una macchina organizzativa complessa, capace di attrarre interesse dall\u2019Italia e dall\u2019Estero\u201d.<\/p>\n\n\n\n<p><strong>Secondo Donato Santeramo,&nbsp;direttore artistico del Matera Film Festival<\/strong>&nbsp;\u201cil cinema, grande mezzo di comunicazione e di intrattenimento, \u00e8 anche e forse soprattutto un mezzo politico per portare avanti discorsi sulla giustizia sociale, questioni di genere e di inclusione. Il Matera Film Festival vuole essere&nbsp;anche uno&nbsp;strumento di promozione di cultura e presa di coscienza delle responsabilit\u00e0 politiche e sociali di tutti noi.&nbsp;La kermesse ha un programma ricco e variegato capace di intercettare le preferenze di un ampio ventaglio di spettatori&nbsp;e di stimolare discussioni e dibattiti\u201d.<\/p>\n\n\n\n<p>Per<strong>&nbsp;Tiziana D\u2019Oppido, assessora alla cultura della Citt\u00e0 di Matera,<\/strong>&nbsp;\u201cin citt\u00e0 si sta consolidando un festival di grande valore culturale con un respiro internazionale. Un progetto audace e visionario che, insieme ai meriti artistici, ha anche quello di portare con s\u00e9 l\u2019attenzione per il territorio e per la sua identit\u00e0, le tradizioni e gli scenari naturali. \u00c8&nbsp;una filosofia vincente quella del Matera Film Festival, scaturita dalla conoscenza del territorio, dalla sua originalit\u00e0 e qualit\u00e0, nonch\u00e9 dalle prestigiose collaborazioni di grandi personalit\u00e0 del cinema\u201d.<\/p>\n\n\n\n<p><strong>Per Carmine Lisanti, Sindaco di Ferrandina<\/strong>&nbsp;\u201cla scelta del Matera Film Festival di animare i territori limitrofi con azioni di alto profilo \u00e8 una strategia vincente. Fare rete tra Enti locali, imprese e associazioni \u00e8 il modo migliore per essere motore di sviluppo integrale delle comunit\u00e0 che sono la colonna portante del Paese\u201d.<\/p>\n\n\n\n<p>Per&nbsp;<strong>Vito Bardi,<\/strong>&nbsp;<strong>Presidente della Regione Basilicata&nbsp;\u201c<\/strong>il Matera Film Festival promuove la cultura del cinema in Basilicata, mettendo al centro gli spettatori a cui \u00e8 offerta una programmazione ricca, variegata e di qualit\u00e0. Un grande evento da sostenere, perch\u00e9 capace di attrarre nomi importanti del cinema nostrano ed internazionale ed in grado di attivare processi economici che hanno rilevanti ricadute sul territorio\u201d.<\/p>\n\n\n\n<p><strong>Secondo Michele Casino,<\/strong>&nbsp;<strong>assessore allo sviluppo economico e lavoro della Basilicata<\/strong>, \u201ceventi di questo tipo sono una risorsa strategica per la crescita culturale, economica e sociale del territorio. L\u2019intera filiera cinematografica \u00e8 fondamentale nelle politiche di sviluppo dell\u2019Ente. Dietro il Matera Film Festival c\u2019\u00e8 una visione di impresa culturale che va sostenuta e incoraggiata per mantenere vivo un territorio che altrimenti rischia la desertificazione\u201d.&nbsp;<\/p>\n\n\n\n<p><strong>Per Anna Cammarota, di Arpa Basilicata<\/strong>&nbsp;\u201c\u00e8 stato quasi naturale sposare il progetto del Matera Film Festival. Un progetto che sin dalla prima edizione ha aderito all\u2019agenda ONU 2030, che ha scelto come simbolo una balena, animale a rischio estinzione e che sulle tematiche della sostenibilit\u00e0 ambientale, della qualit\u00e0 della vita e del rapporto uomo Natura ha orientato la riflessione anche attraverso la selezione delle pellicole proiettate\u201d.<\/p>\n\n\n\n<p><br><strong>Il Matera Film Festival 2021 \u00e8 realizzato con il contributo di Ministero della Cultura e dell\u2019Ambasciata del Canada in Italia. Con il patrocinio di Comune di Matera, Regione Basilicata, Provincia di Matera, APT Basilicata, Lucana Film Commission.&nbsp;Con la collaborazione&nbsp;di Rai Fiction.&nbsp;Media partner sono Rai Cinema Channel e Rai Radio3. Special partner Salone Internazionale del Libro di Torino, Comicon, linus e MAM.&nbsp;<\/strong><\/p>\n\n\n\n<p><strong>Golden Partner il Consorzio di Tutela Aglianico del Vulture.&nbsp;<\/strong><\/p>\n\n\n\n<p><strong>Main sponsor Sant\u2019Angelo Luxury Hotel, Camera Service Group, egoitaliano, Alvino 1884 Hotel, Associazione Ristoratori Matera, Akita gioielli e Albergo del Sedile.<\/strong><\/p>\n","protected":false},"excerpt":{"rendered":"<p>E&#8217; in corso fino al 7 ottobre, nella \u201cCitt\u00e0 dei Sassi\u201d il Matera Film Festival. Anche la\u00a0quarta edizione\u00a0si sviluppa nella direzione della ricerca d\u2019innovazione dei nuovi linguaggi, l\u2019attenzione ai contenuti culturali e nella capacit\u00e0 di intercettare ospiti di primo piano nazionali ed internazionali. Su tutti spiccano\u00a0Terry Gilliam,\u00a0personalit\u00e0 eclettica tra i fondatori dei Monty Python e&#8230;<\/p>\n","protected":false},"author":4,"featured_media":2999,"comment_status":"open","ping_status":"open","sticky":false,"template":"","format":"standard","meta":{"footnotes":""},"categories":[2],"tags":[],"class_list":["post-2998","post","type-post","status-publish","format-standard","has-post-thumbnail","hentry","category-magazine"],"_links":{"self":[{"href":"https:\/\/www.virtual-press.com\/newsroom\/wp-json\/wp\/v2\/posts\/2998","targetHints":{"allow":["GET"]}}],"collection":[{"href":"https:\/\/www.virtual-press.com\/newsroom\/wp-json\/wp\/v2\/posts"}],"about":[{"href":"https:\/\/www.virtual-press.com\/newsroom\/wp-json\/wp\/v2\/types\/post"}],"author":[{"embeddable":true,"href":"https:\/\/www.virtual-press.com\/newsroom\/wp-json\/wp\/v2\/users\/4"}],"replies":[{"embeddable":true,"href":"https:\/\/www.virtual-press.com\/newsroom\/wp-json\/wp\/v2\/comments?post=2998"}],"version-history":[{"count":3,"href":"https:\/\/www.virtual-press.com\/newsroom\/wp-json\/wp\/v2\/posts\/2998\/revisions"}],"predecessor-version":[{"id":3002,"href":"https:\/\/www.virtual-press.com\/newsroom\/wp-json\/wp\/v2\/posts\/2998\/revisions\/3002"}],"wp:featuredmedia":[{"embeddable":true,"href":"https:\/\/www.virtual-press.com\/newsroom\/wp-json\/wp\/v2\/media\/2999"}],"wp:attachment":[{"href":"https:\/\/www.virtual-press.com\/newsroom\/wp-json\/wp\/v2\/media?parent=2998"}],"wp:term":[{"taxonomy":"category","embeddable":true,"href":"https:\/\/www.virtual-press.com\/newsroom\/wp-json\/wp\/v2\/categories?post=2998"},{"taxonomy":"post_tag","embeddable":true,"href":"https:\/\/www.virtual-press.com\/newsroom\/wp-json\/wp\/v2\/tags?post=2998"}],"curies":[{"name":"wp","href":"https:\/\/api.w.org\/{rel}","templated":true}]}}