{"id":3007,"date":"2023-10-13T00:25:00","date_gmt":"2023-10-12T22:25:00","guid":{"rendered":"https:\/\/www.virtual-press.com\/newsroom\/?p=3007"},"modified":"2023-10-10T12:20:34","modified_gmt":"2023-10-10T10:20:34","slug":"tres-e-dconnesso-in-scena-il-15-nella-sede-dellasd-oltredanza-a-matera","status":"publish","type":"post","link":"https:\/\/www.virtual-press.com\/newsroom\/tres-e-dconnesso-in-scena-il-15-nella-sede-dellasd-oltredanza-a-matera\/","title":{"rendered":"Tres e D!Connesso, in scena il 15 nella sede dell&#8217;ASD Oltredanza a Matera"},"content":{"rendered":"\n<p>Il 15 alle 19 nella sede dell&#8217;ASD Oltredanza a Matera andr\u00e0 in scena &#8221; Tres e D!Connesso&#8221;.<\/p>\n\n\n\n<p>Partendo dal tema dell\u2019afasia in ambito contemporaneo, dopo averlo gi\u00e0 analizzato durante<br>la fase creativa dello spettacolo Afasie Sottese in quanto condizione in cui si perde la<br>capacit\u00e0 di comunicare, la continua evoluzione e ricerca della Compagnia Oltredanza,<br>hanno portato questo lavoro ad essere in divenire, aperto all\u2019integrazione di altri artisti.<br>Attraverso un lavoro di ricerca laboratoriale, e grazie alla collaborazione e sinergia tra e<br>teatro, sono stati coinvolti nel progetto anche due coreografie e danzatori di fama<br>internazionale quali Daniele Baldi e Arianna Benedetti, realizzando un lavoro che ha<br>portato come risultato le nuove produzioni Tres e D!Connesso, le quali portano in scena<br>coreografie dal taglio intimo e personale studiate e realizzate ad hoc sui corpi dei danzatori.<br>Strettamente connesse ed intrecciate prima, durante e dopo le performance saranno le<br>storie e i racconti che emergeranno durante i laboratori partecipativi di psicologia e<br>improvvisazione coreografica con il coinvolgimento della Dott.ssa Maria Rosaria Salvatore,<br>del teatro con l\u2019artista Gino Marangi della Compagnia Teatrale L\u2019Albero, e della danza<br>creativa con l\u2019artista e arteterapeuta Adriana Cordero.<br>Particolare importanza verr\u00e0 riservata alle esigenze ed opinioni espresse dal pubblico e<br>dall\u2019intera comunit\u00e0 attraverso approcci differenti; per questo, i laboratori saranno aperti<br>anche a persone diversamente abili e rispettivi accompagnatori, per promuovere la massima<br>inclusivit\u00e0 sociale e coinvolgimento nel processo di creazione artistica, per incrementare<br>ancor di pi\u00f9 la capacit\u00e0 degli spettatori di immedesimarsi durante lo spettacolo.<\/p>\n","protected":false},"excerpt":{"rendered":"<p>Il 15 alle 19 nella sede dell&#8217;ASD Oltredanza a Matera andr\u00e0 in scena &#8221; Tres e D!Connesso&#8221;. Partendo dal tema dell\u2019afasia in ambito contemporaneo, dopo averlo gi\u00e0 analizzato durantela fase creativa dello spettacolo Afasie Sottese in quanto condizione in cui si perde lacapacit\u00e0 di comunicare, la continua evoluzione e ricerca della Compagnia Oltredanza,hanno portato questo&#8230;<\/p>\n","protected":false},"author":4,"featured_media":3008,"comment_status":"open","ping_status":"open","sticky":false,"template":"","format":"standard","meta":{"footnotes":""},"categories":[2],"tags":[8,1484],"class_list":["post-3007","post","type-post","status-publish","format-standard","has-post-thumbnail","hentry","category-magazine","tag-matera","tag-oltredanza"],"_links":{"self":[{"href":"https:\/\/www.virtual-press.com\/newsroom\/wp-json\/wp\/v2\/posts\/3007","targetHints":{"allow":["GET"]}}],"collection":[{"href":"https:\/\/www.virtual-press.com\/newsroom\/wp-json\/wp\/v2\/posts"}],"about":[{"href":"https:\/\/www.virtual-press.com\/newsroom\/wp-json\/wp\/v2\/types\/post"}],"author":[{"embeddable":true,"href":"https:\/\/www.virtual-press.com\/newsroom\/wp-json\/wp\/v2\/users\/4"}],"replies":[{"embeddable":true,"href":"https:\/\/www.virtual-press.com\/newsroom\/wp-json\/wp\/v2\/comments?post=3007"}],"version-history":[{"count":1,"href":"https:\/\/www.virtual-press.com\/newsroom\/wp-json\/wp\/v2\/posts\/3007\/revisions"}],"predecessor-version":[{"id":3009,"href":"https:\/\/www.virtual-press.com\/newsroom\/wp-json\/wp\/v2\/posts\/3007\/revisions\/3009"}],"wp:featuredmedia":[{"embeddable":true,"href":"https:\/\/www.virtual-press.com\/newsroom\/wp-json\/wp\/v2\/media\/3008"}],"wp:attachment":[{"href":"https:\/\/www.virtual-press.com\/newsroom\/wp-json\/wp\/v2\/media?parent=3007"}],"wp:term":[{"taxonomy":"category","embeddable":true,"href":"https:\/\/www.virtual-press.com\/newsroom\/wp-json\/wp\/v2\/categories?post=3007"},{"taxonomy":"post_tag","embeddable":true,"href":"https:\/\/www.virtual-press.com\/newsroom\/wp-json\/wp\/v2\/tags?post=3007"}],"curies":[{"name":"wp","href":"https:\/\/api.w.org\/{rel}","templated":true}]}}