{"id":3018,"date":"2023-10-25T00:06:00","date_gmt":"2023-10-24T22:06:00","guid":{"rendered":"https:\/\/www.virtual-press.com\/newsroom\/?p=3018"},"modified":"2023-10-21T14:19:55","modified_gmt":"2023-10-21T12:19:55","slug":"matera-fino-al-28-ottobre-nello-studio-arti-visive-la-personale-the-papermixer-di-alejandro-pereyra","status":"publish","type":"post","link":"https:\/\/www.virtual-press.com\/newsroom\/matera-fino-al-28-ottobre-nello-studio-arti-visive-la-personale-the-papermixer-di-alejandro-pereyra\/","title":{"rendered":"Matera, fino al 28 ottobre nello Studio Arti Visive la personale \u201cThe papermixer\u201d di Alejandro Pereyra"},"content":{"rendered":"\n<p>Lo Studio Arti Visive ospita nel proprio spazio espositivo di via delle Beccherie n. 41a Matera la personale \u201cThe papermixer\u201d di Alejandro Pereyra, poliedrico artista di origini argentine e materano di adozione che ha sviluppato nel corso degli anni la passione per la tecnica del <em>papier coll\u00e8<\/em>.<\/p>\n\n\n\n<p>Partendo dalla carta come supporto ma sempre in ricerca di nuove e differenti modalit\u00e0 espressive, Pereyra, attraverso le opere esposte si allontana dal repertorio dei ritratti-mosaico di personaggi contemporanei per esplorare nuove strade di astrazione, optando anche per materiali diversi, destrutturando o tornando, per certi versi, alla pittura, per segnare un spazio altro e diverso da ci\u00f2 che \u00e8 gi\u00e0 noto.<\/p>\n\n\n\n<p>ALEJANDRO PEREYRA, nasce a San Isidro, Buenos Aires nel 1970. La sua formazione, a Buenos Aires, inizia sui set degli spot pubblicitari a cui fa seguito lo studio delle tecniche di ripresa cinematografica presso l\u2019universit\u00e0 della capitale argentina. Alla prima personale nella Galleria Bond Street di Buenos Aires seguono altre mostre al Congreso de la Nacion, alla Galleria under \u201cEl Argentino\u201d, nel quartiere Palermo di Buenos Aires.<\/p>\n\n\n\n<p>Negli ultimi anni la sua produzione si \u00e8 incentrata sulla tecnica del <em>papier coll\u00e8<\/em>, frammenti di vecchie riviste e giornali provenienti da ogni parte del mondo utilizzati per comporre le sue creazioni.<\/p>\n\n\n\n<p>Da diversi anni vive e opera in Italia. Le sue sono presenti in collezioni private e pubbliche in Italia e all\u2019estero.<\/p>\n\n\n\n<p>La mostra sar\u00e0 visitabile fino al 28 ottobre 2023 tutti i giorni dalle ore 11 alle ore 13 e dalle ore 18.00 alle ore 21.00.<\/p>\n","protected":false},"excerpt":{"rendered":"<p>Lo Studio Arti Visive ospita nel proprio spazio espositivo di via delle Beccherie n. 41a Matera la personale \u201cThe papermixer\u201d di Alejandro Pereyra, poliedrico artista di origini argentine e materano di adozione che ha sviluppato nel corso degli anni la passione per la tecnica del papier coll\u00e8. Partendo dalla carta come supporto ma sempre in&#8230;<\/p>\n","protected":false},"author":4,"featured_media":3019,"comment_status":"open","ping_status":"open","sticky":false,"template":"","format":"standard","meta":{"footnotes":""},"categories":[2],"tags":[1486,8,27],"class_list":["post-3018","post","type-post","status-publish","format-standard","has-post-thumbnail","hentry","category-magazine","tag-alejandro-pereyra","tag-matera","tag-studio-arti-visive"],"_links":{"self":[{"href":"https:\/\/www.virtual-press.com\/newsroom\/wp-json\/wp\/v2\/posts\/3018","targetHints":{"allow":["GET"]}}],"collection":[{"href":"https:\/\/www.virtual-press.com\/newsroom\/wp-json\/wp\/v2\/posts"}],"about":[{"href":"https:\/\/www.virtual-press.com\/newsroom\/wp-json\/wp\/v2\/types\/post"}],"author":[{"embeddable":true,"href":"https:\/\/www.virtual-press.com\/newsroom\/wp-json\/wp\/v2\/users\/4"}],"replies":[{"embeddable":true,"href":"https:\/\/www.virtual-press.com\/newsroom\/wp-json\/wp\/v2\/comments?post=3018"}],"version-history":[{"count":1,"href":"https:\/\/www.virtual-press.com\/newsroom\/wp-json\/wp\/v2\/posts\/3018\/revisions"}],"predecessor-version":[{"id":3020,"href":"https:\/\/www.virtual-press.com\/newsroom\/wp-json\/wp\/v2\/posts\/3018\/revisions\/3020"}],"wp:featuredmedia":[{"embeddable":true,"href":"https:\/\/www.virtual-press.com\/newsroom\/wp-json\/wp\/v2\/media\/3019"}],"wp:attachment":[{"href":"https:\/\/www.virtual-press.com\/newsroom\/wp-json\/wp\/v2\/media?parent=3018"}],"wp:term":[{"taxonomy":"category","embeddable":true,"href":"https:\/\/www.virtual-press.com\/newsroom\/wp-json\/wp\/v2\/categories?post=3018"},{"taxonomy":"post_tag","embeddable":true,"href":"https:\/\/www.virtual-press.com\/newsroom\/wp-json\/wp\/v2\/tags?post=3018"}],"curies":[{"name":"wp","href":"https:\/\/api.w.org\/{rel}","templated":true}]}}