{"id":3032,"date":"2023-10-23T00:08:00","date_gmt":"2023-10-22T22:08:00","guid":{"rendered":"https:\/\/www.virtual-press.com\/newsroom\/?p=3032"},"modified":"2023-10-22T21:23:51","modified_gmt":"2023-10-22T19:23:51","slug":"matera-successo-per-choco-italia-la-fiera-del-cioccolato-artigianale-itinerante","status":"publish","type":"post","link":"https:\/\/www.virtual-press.com\/newsroom\/matera-successo-per-choco-italia-la-fiera-del-cioccolato-artigianale-itinerante\/","title":{"rendered":"Matera: successo per Choco Italia, la\u00a0fiera del cioccolato artigianale"},"content":{"rendered":"\n<p><\/p>\n\n\n\n<p>Successo per Choco Italia, la&nbsp;fiera del cioccolato artigianale itinerante promossa in piazza Vittorio Veneto a Matera dall&#8217;Associazione Italia Eventi presieduta da Giuseppe Lupo.<\/p>\n\n\n\n<p>Si sono concluse ieri le quattro giornate interamente dedicate al cioccolato: dagli stand, ai laboratori agli appuntamenti, per un tuffo goloso all&#8217;insegna del gusto. <\/p>\n\n\n\n<p>&#8220;A dicembre ci rivedremo con il mercatino di Natale. \u2013 spiega il presidente dell&#8217;Associazione Italia Eventi Giuseppe Lupo \u2013 L&#8217;Associazione Italia Eventi \u00e8 infatti la vincitrice del bando, una commissione ha valutato il progetto ritenendolo meritevole. Abbiamo preso 20 puti per gli eventi collaterali, significa che abbiamo presentato una proposta ricchissima. Questo lo voglio precisare per evitare polemiche sterili.<\/p>\n\n\n\n<p>I Mercatini di Natale, come Gusto Italia e Choco Italia rappresentano un circolo virtuoso per l&#8217;economia.<\/p>\n\n\n\n<p>Il 9 dicembre in occasione del trentennale di Matera nel Patrimonio Unesco abbiamo previsto di fare una cosa bellissima. Non la voglio svelare per non rovinare la sorpresa, per\u00f2 ci saranno davvero tanti momenti interessanti&#8221;.<\/p>\n\n\n\n<p>Guest star il Bacio dei Sassi realizzato dall\u2019Istituto Professionale Alberghiero \u201cA. Turi\u201d e \u201cLa Sana Merenda\u201d. Ai visitatori \u00e8 stato proposto del pane fresco artigianale materano accompagnato da una crema spalmabile artigianale realizzata con la&nbsp;nocciola di Giffoni IGP, grazie alla partecipazione dei panificatori materani di&nbsp;Assopanificatori Matera&nbsp;e di&nbsp;Confesercenti&nbsp;Matera. Un\u2019idea salutare di merenda che riavvicina ai prodotti di qualit\u00e0, a sostegno della solidariet\u00e0: il ricavato dalle vendite \u00e8 infatti destinato all&#8217;ADMO.<\/p>\n\n\n\n<p>Presente la&nbsp;prima Fabbrica Europea del cioccolato artigianale&nbsp;dei maestri cioccolatieri provenienti da&nbsp;Perugia che hanno illustrato tutte le fasi di lavorazione che dalla fava di cacao portano alla realizzazione di tavolette ed altri formati classici.<\/p>\n\n\n\n<p>Non sono mancati momenti di animazione con l&#8217;Associazione Zio Ludovico e Willy Wonka e i Trampoli del Biglietto D\u2019oro&nbsp;Miky&amp;RoArtevents.<\/p>\n\n\n\n<p>Choco Italia, promossa da Italia Eventi, \u00e8 stata organizzata con il patrocinio del\u00a0Comune di Matera, grazie al sindaco\u00a0Domenico Bennardi\u00a0e all\u2019assessore\u00a0Tiziana D\u2019Oppido, dall\u2019UNOE\u00a0Unione Nazionale Organizzatori di Eventi e dall\u2019Associazione\u00a0The Chocolate Way, con la collaborazione di diverse associazioni locali:\u00a0Associazione Cuochi Materani, Associazione AMIRA Basilicata, Assopanificatori Matera, Confesercenti Matera, Pro Loco della Citt\u00e0 di Matera tra storia, cultura e\u00a0tradizioni.<\/p>\n\n\n\n<p><em>Foto dalla pagina Facebook di Choco Italia<\/em><\/p>\n\n\n\n<p class=\"has-text-align-right\"><strong>Rossella Montemurro<\/strong><\/p>\n","protected":false},"excerpt":{"rendered":"<p>Successo per Choco Italia, la&nbsp;fiera del cioccolato artigianale itinerante promossa in piazza Vittorio Veneto a Matera dall&#8217;Associazione Italia Eventi presieduta da Giuseppe Lupo. Si sono concluse ieri le quattro giornate interamente dedicate al cioccolato: dagli stand, ai laboratori agli appuntamenti, per un tuffo goloso all&#8217;insegna del gusto. &#8220;A dicembre ci rivedremo con il mercatino di&#8230;<\/p>\n","protected":false},"author":4,"featured_media":3034,"comment_status":"open","ping_status":"open","sticky":false,"template":"","format":"standard","meta":{"footnotes":""},"categories":[2],"tags":[1492,1491,8],"class_list":["post-3032","post","type-post","status-publish","format-standard","has-post-thumbnail","hentry","category-magazine","tag-associazione-italia-eventi","tag-choco-italia","tag-matera"],"_links":{"self":[{"href":"https:\/\/www.virtual-press.com\/newsroom\/wp-json\/wp\/v2\/posts\/3032","targetHints":{"allow":["GET"]}}],"collection":[{"href":"https:\/\/www.virtual-press.com\/newsroom\/wp-json\/wp\/v2\/posts"}],"about":[{"href":"https:\/\/www.virtual-press.com\/newsroom\/wp-json\/wp\/v2\/types\/post"}],"author":[{"embeddable":true,"href":"https:\/\/www.virtual-press.com\/newsroom\/wp-json\/wp\/v2\/users\/4"}],"replies":[{"embeddable":true,"href":"https:\/\/www.virtual-press.com\/newsroom\/wp-json\/wp\/v2\/comments?post=3032"}],"version-history":[{"count":4,"href":"https:\/\/www.virtual-press.com\/newsroom\/wp-json\/wp\/v2\/posts\/3032\/revisions"}],"predecessor-version":[{"id":3041,"href":"https:\/\/www.virtual-press.com\/newsroom\/wp-json\/wp\/v2\/posts\/3032\/revisions\/3041"}],"wp:featuredmedia":[{"embeddable":true,"href":"https:\/\/www.virtual-press.com\/newsroom\/wp-json\/wp\/v2\/media\/3034"}],"wp:attachment":[{"href":"https:\/\/www.virtual-press.com\/newsroom\/wp-json\/wp\/v2\/media?parent=3032"}],"wp:term":[{"taxonomy":"category","embeddable":true,"href":"https:\/\/www.virtual-press.com\/newsroom\/wp-json\/wp\/v2\/categories?post=3032"},{"taxonomy":"post_tag","embeddable":true,"href":"https:\/\/www.virtual-press.com\/newsroom\/wp-json\/wp\/v2\/tags?post=3032"}],"curies":[{"name":"wp","href":"https:\/\/api.w.org\/{rel}","templated":true}]}}