{"id":3073,"date":"2023-11-08T00:00:00","date_gmt":"2023-11-07T23:00:00","guid":{"rendered":"https:\/\/www.virtual-press.com\/newsroom\/?p=3073"},"modified":"2023-10-31T17:02:58","modified_gmt":"2023-10-31T16:02:58","slug":"un-filo-derba-cantiere-scotellaro-incontro-con-franco-arminio-e-mario-calabresi-per-la-presentazione-del-podcast-dedicato-a-rocco-scotellaro","status":"publish","type":"post","link":"https:\/\/www.virtual-press.com\/newsroom\/un-filo-derba-cantiere-scotellaro-incontro-con-franco-arminio-e-mario-calabresi-per-la-presentazione-del-podcast-dedicato-a-rocco-scotellaro\/","title":{"rendered":"\u201cUn filo d\u2019erba. Cantiere Scotellaro\u201d, incontro con Franco Arminio e Mario Calabresi per la presentazione del podcast dedicato a Rocco Scotellaro"},"content":{"rendered":"\n<p>Il rilancio dell&#8217;interesse verso la ricerca intellettuale e politica di Rocco Scotellaro, per proiettarla nel dibattito attuale sullo sviluppo del Mezzogiorno, sar\u00e0 al centro dell\u2019incontro \u201cUn filo d\u2019erba. Cantiere Scotellaro\u201d promosso dalla Fondazione Matera Basilicata 2019 in collaborazione con Chora Media, in programma gioved\u00ec 9 novembre alle 18:00 a Matera nella sala conferenze di Basilicata Open Space, in piazza Vittorio Veneto.<\/p>\n\n\n\n<p>In occasione dei cento anni dalla nascita e i settant\u2019anni dalla morte del giovane poeta, intellettuale e politico di Tricarico, la Fondazione Matera Basilicata 2019 ha scelto di raccontarne l\u2019eredit\u00e0 e attualit\u00e0, utilizzando uno dei linguaggi pi\u00f9 diffusi di oggi, quello del podcast. Nasce cos\u00ec \u201cUn filo d\u2019erba\u201d, podcast sulla vita e le opere di Rocco Scotellaro, prodotto da Chora Media per Fondazione Matera Basilicata 2019, scritto e narrato da Franco Arminio, che sar\u00e0 presentato nel corso dell\u2019incontro.<\/p>\n\n\n\n<p>Dopo i saluti del Direttore della Fondazione Matera Basilicata 2019, Giovanni Padula, si aprir\u00e0 un dialogo fra il poeta, scrittore e paesologo Franco Arminio e il giornalista e direttore di Chora Media, Mario Calabresi,&nbsp; con la partecipazione di Rita Orlando, responsabile del team di progettazione culturale della Fondazione, e di Francesca Abruzzese, che ha seguito la produzione del podcast per Chora Media.<\/p>\n\n\n\n<p>L\u2019iniziativa non intende avere un carattere meramente celebrativo, ma punta a dare un contributo alle riflessioni sulle questioni legate alla crescita del Sud Italia, dallo spopolamento all\u2019esodo dei giovani, ripartendo proprio dal pensiero e l\u2019azione di Scotellaro. Il suo impegno \u00e8 rimasto a un bivio perch\u00e9 interrotto bruscamente dalla sua prematura scomparsa: Rocco Scotellaro diventa oggi un cantiere all\u2019interno del quale lavorare per costruire il futuro di questi territori.&nbsp;<\/p>\n","protected":false},"excerpt":{"rendered":"<p>Il rilancio dell&#8217;interesse verso la ricerca intellettuale e politica di Rocco Scotellaro, per proiettarla nel dibattito attuale sullo sviluppo del Mezzogiorno, sar\u00e0 al centro dell\u2019incontro \u201cUn filo d\u2019erba. Cantiere Scotellaro\u201d promosso dalla Fondazione Matera Basilicata 2019 in collaborazione con Chora Media, in programma gioved\u00ec 9 novembre alle 18:00 a Matera nella sala conferenze di Basilicata&#8230;<\/p>\n","protected":false},"author":4,"featured_media":3074,"comment_status":"open","ping_status":"open","sticky":false,"template":"","format":"standard","meta":{"footnotes":""},"categories":[2],"tags":[1508,1510,8,1509,1391],"class_list":["post-3073","post","type-post","status-publish","format-standard","has-post-thumbnail","hentry","category-magazine","tag-franco-arminio","tag-mario-calabresi","tag-matera","tag-podcast","tag-rocco-scotellaro"],"_links":{"self":[{"href":"https:\/\/www.virtual-press.com\/newsroom\/wp-json\/wp\/v2\/posts\/3073","targetHints":{"allow":["GET"]}}],"collection":[{"href":"https:\/\/www.virtual-press.com\/newsroom\/wp-json\/wp\/v2\/posts"}],"about":[{"href":"https:\/\/www.virtual-press.com\/newsroom\/wp-json\/wp\/v2\/types\/post"}],"author":[{"embeddable":true,"href":"https:\/\/www.virtual-press.com\/newsroom\/wp-json\/wp\/v2\/users\/4"}],"replies":[{"embeddable":true,"href":"https:\/\/www.virtual-press.com\/newsroom\/wp-json\/wp\/v2\/comments?post=3073"}],"version-history":[{"count":1,"href":"https:\/\/www.virtual-press.com\/newsroom\/wp-json\/wp\/v2\/posts\/3073\/revisions"}],"predecessor-version":[{"id":3075,"href":"https:\/\/www.virtual-press.com\/newsroom\/wp-json\/wp\/v2\/posts\/3073\/revisions\/3075"}],"wp:featuredmedia":[{"embeddable":true,"href":"https:\/\/www.virtual-press.com\/newsroom\/wp-json\/wp\/v2\/media\/3074"}],"wp:attachment":[{"href":"https:\/\/www.virtual-press.com\/newsroom\/wp-json\/wp\/v2\/media?parent=3073"}],"wp:term":[{"taxonomy":"category","embeddable":true,"href":"https:\/\/www.virtual-press.com\/newsroom\/wp-json\/wp\/v2\/categories?post=3073"},{"taxonomy":"post_tag","embeddable":true,"href":"https:\/\/www.virtual-press.com\/newsroom\/wp-json\/wp\/v2\/tags?post=3073"}],"curies":[{"name":"wp","href":"https:\/\/api.w.org\/{rel}","templated":true}]}}