{"id":3076,"date":"2023-11-10T00:05:00","date_gmt":"2023-11-09T23:05:00","guid":{"rendered":"https:\/\/www.virtual-press.com\/newsroom\/?p=3076"},"modified":"2023-11-03T14:48:20","modified_gmt":"2023-11-03T13:48:20","slug":"galoppando-contro-vento-i-western-haflinger-di-emanuele-lamacchia-presentazione-del-libro-di-rossella-montemurro-a-fieracavalli-verona","status":"publish","type":"post","link":"https:\/\/www.virtual-press.com\/newsroom\/galoppando-contro-vento-i-western-haflinger-di-emanuele-lamacchia-presentazione-del-libro-di-rossella-montemurro-a-fieracavalli-verona\/","title":{"rendered":"\u201cGaloppando contro vento. I Western Haflinger di Emanuele Lamacchia\u201d, presentazione del libro di Rossella Montemurro a FieraCavalli Verona"},"content":{"rendered":"\n<p>Sar\u00e0 presentato oggi, venerd\u00ec 10 novembre, alle 16 presso lo stand di Cavallo Magazine (padiglione 4 stand F6) a FieraCavalli Verona <em>Galoppando contro vento. I Western Haflinger di Emanuele Lamacchia<\/em> (prefazioni di Eugenio Latorre, trainer professionista e giudice internazionale, e Andrea Nardoni, direttore Anacrhai Haflinger Italia), il libro della giornalista e scrittrice Rossella Montemurro. Con l&#8217;autrice interverr\u00e0 Emanuele Lamacchia. La presentazione, organizzata in collaborazione con la Libreria ElephantsBooks di Caselle (VR), sar\u00e0 moderata dalla giornalista di Cavallo Magazine Maria Cristina Magri.<\/p>\n\n\n\n<p>Fieracavalli \u00e8, da oltre un secolo, la manifestazione di riferimento nel panorama equestre internazionale: \u00e8 un \u201ccatalizzatore d\u2019interesse\u201d non solo per gli appassionati, ma soprattutto per le migliaia di persone, in gran parte giovani, che attraverso il cavallo si riconoscono in un nuovo modo di concepire la vita, legando insieme sport, musica, design, arte, solidariet\u00e0, storia, tempo libero, turismo e avventura.<\/p>\n\n\n\n<p>In <em>Galoppando contro vento<\/em> l&#8217;autrice ha chiesto a Emanuele Lamacchia \u2013 tra i pi\u00f9 giovani allevatori e preparatori di cavalli razza Haflinger del Centro Sud, istruttore western e accompagnatore equituristico Fitetrec-Ante, responsabile dell\u2019Eledorado Ranch di Matera \u2013 di sfogliare con lei il suo album di ricordi per permetterle di raccontare una storia d&#8217;altri tempi perfettamente calata nella contemporaneit\u00e0. Emanuele a tre anni \u00e8 salito per la prima volta su una cavalla. Era una Haflinger, la pi\u00f9 brava del maneggio. Troppo piccolo per prendere lezioni di equitazione ma gi\u00e0 con le idee chiare, aveva manifestato in tutti i modi di amare i cavalli. Crescendo ha frequentato scuole di equitazione, fino all&#8217;incontro che gli ha cambiato la vita: quello con il trainer pugliese pluricampione di Reining, Cutting e Working Cow Eugenio Latorre. \u00c8 con lui che affina la sua tecnica equestre, si specializza nel Reining e apprende le tecniche di addestramento dei puledri per l\u2019equitazione western. Per ben tre anni, ogni estate lo segue assistendolo nell\u2019addestramento dei puledri e nel grooming e lavoro dei cavalli da performance. Con coraggio e forza d&#8217;animo, giovanissimo Emanuele prende in mano l&#8217;allevamento di famiglia, l&#8217;Haflinger Lamacchia, che proprio quest\u2019anno compie trent\u2019anni, e nel 2011 assume la gestione dell&#8217;Eledorado Ranch.<\/p>\n\n\n\n<p>In <em>Galoppando contro vento<\/em> \u00e8 racchiusa la sua storia: tra echi western e valori che oggi come ieri hanno una forza incredibile, Emanuele ripercorre anche i momenti critici, quando \u00e8 stato sfiorato dall&#8217;idea di mollare. Ma solo chi, come lui, ha &#8220;zoccoli e nitriti nelle vene&#8221; \u00e8 pronto a lasciarsi alle spalle tutto per continuare. Al galoppo, a briglie sciolte.<\/p>\n\n\n\n<p>Nel volume anche un&#8217;appendice sui cavalli Haflinger e la monta western, oltre a un glossario sui termini chiave della disciplina.<\/p>\n\n\n\n<p>La foto di copertina \u00e8 del fotografo Michele Morelli.<\/p>\n\n\n\n<p><em>Rossella Montemurro, giornalista professionista materana. Laureata in Scienze dell<\/em><em>\u2019<\/em><em>educazione, ha lavorato per <\/em><em>\u201c<\/em><em>Il Quotidiano della Basilicata<\/em><em>\u201d <\/em><em>&#8211; occupandosi dei settori &#8220;Cronaca&#8221; e &#8220;Cultura&#8221; -, <\/em><em>\u201c<\/em><em>Il Mattino di Foggia<\/em><em>\u201d<\/em><em>, <\/em><em>\u201c<\/em><em>Il Mattino di Puglia e Basilicata<\/em><em>\u201d<\/em><em>, il <\/em><em>\u201c<\/em><em>Roma<\/em><em>\u201d <\/em><em>e con la testata giornalistica online <\/em><em><a href=\"http:\/\/www.ilmiotg.it\/\">www.ilmiotg.it<\/a><\/em><em>. Ha collaborato con l<\/em><em>\u2019<\/em><em>emittente televisiva &#8220;Antenna Sud<\/em><em>\u201d<\/em><em>. Attualmente dirige la testata giornalistica online <\/em><em><a href=\"http:\/\/www.tuttoh24.info\/\">www.tuttoh24.info<\/a><\/em><em>. Collabora con l<\/em><em>\u2019<\/em><em>agenzia di comunicazione Diotima.<\/em><em><\/em><\/p>\n\n\n\n<p><em>Ha pubblicato per Ediesse Edizioni nel 2004 <\/em>I giorni di Scanzano<em> (segnalazione della Giuria del Premio letterario Basilicata, 2005); per BMG Editrice nel 2010 Carabinieri a Matera. Tradizione e modernit\u00e0 al servizio dei cittadini, pubblicazione autorizzata dal Comando Generale dell&#8217;Arma dei Carabinieri; per Altrimedia Edizioni nel 2019 <\/em>Calci e pugni sul tetto del mondo. Biagio Tralli, identikit di un campione<em> e nel 2020<\/em> Il mio tuffo nei sogni. Marco D&#8217;Aniello, una storia di sport e amicizia<em> (insignito a settembre 2022 in Campidoglio del riconoscimento &#8220;Roma premia la Cultura sociale&#8221;).<\/em><em><\/em><\/p>\n","protected":false},"excerpt":{"rendered":"<p>Sar\u00e0 presentato oggi, venerd\u00ec 10 novembre, alle 16 presso lo stand di Cavallo Magazine (padiglione 4 stand F6) a FieraCavalli Verona Galoppando contro vento. I Western Haflinger di Emanuele Lamacchia (prefazioni di Eugenio Latorre, trainer professionista e giudice internazionale, e Andrea Nardoni, direttore Anacrhai Haflinger Italia), il libro della giornalista e scrittrice Rossella Montemurro. Con&#8230;<\/p>\n","protected":false},"author":4,"featured_media":3077,"comment_status":"open","ping_status":"open","sticky":false,"template":"","format":"standard","meta":{"footnotes":""},"categories":[2],"tags":[588,1515,1514,1029,1511,1513,1252,1512],"class_list":["post-3076","post","type-post","status-publish","format-standard","has-post-thumbnail","hentry","category-magazine","tag-altrimedia-edizioni","tag-cavallo-magazine","tag-elephantsbooks","tag-emanuele-lamacchia","tag-fieracavalli","tag-maria-cristina-magri","tag-rossella-montemurro","tag-verona"],"_links":{"self":[{"href":"https:\/\/www.virtual-press.com\/newsroom\/wp-json\/wp\/v2\/posts\/3076","targetHints":{"allow":["GET"]}}],"collection":[{"href":"https:\/\/www.virtual-press.com\/newsroom\/wp-json\/wp\/v2\/posts"}],"about":[{"href":"https:\/\/www.virtual-press.com\/newsroom\/wp-json\/wp\/v2\/types\/post"}],"author":[{"embeddable":true,"href":"https:\/\/www.virtual-press.com\/newsroom\/wp-json\/wp\/v2\/users\/4"}],"replies":[{"embeddable":true,"href":"https:\/\/www.virtual-press.com\/newsroom\/wp-json\/wp\/v2\/comments?post=3076"}],"version-history":[{"count":1,"href":"https:\/\/www.virtual-press.com\/newsroom\/wp-json\/wp\/v2\/posts\/3076\/revisions"}],"predecessor-version":[{"id":3078,"href":"https:\/\/www.virtual-press.com\/newsroom\/wp-json\/wp\/v2\/posts\/3076\/revisions\/3078"}],"wp:featuredmedia":[{"embeddable":true,"href":"https:\/\/www.virtual-press.com\/newsroom\/wp-json\/wp\/v2\/media\/3077"}],"wp:attachment":[{"href":"https:\/\/www.virtual-press.com\/newsroom\/wp-json\/wp\/v2\/media?parent=3076"}],"wp:term":[{"taxonomy":"category","embeddable":true,"href":"https:\/\/www.virtual-press.com\/newsroom\/wp-json\/wp\/v2\/categories?post=3076"},{"taxonomy":"post_tag","embeddable":true,"href":"https:\/\/www.virtual-press.com\/newsroom\/wp-json\/wp\/v2\/tags?post=3076"}],"curies":[{"name":"wp","href":"https:\/\/api.w.org\/{rel}","templated":true}]}}