{"id":3079,"date":"2023-12-08T00:49:00","date_gmt":"2023-12-07T23:49:00","guid":{"rendered":"https:\/\/www.virtual-press.com\/newsroom\/?p=3079"},"modified":"2023-11-28T16:48:59","modified_gmt":"2023-11-28T15:48:59","slug":"matera-dal-presepe-vivente-agli-antichi-sapori-del-borgo","status":"publish","type":"post","link":"https:\/\/www.virtual-press.com\/newsroom\/matera-dal-presepe-vivente-agli-antichi-sapori-del-borgo\/","title":{"rendered":"Grotte della Gravina illuminate in occasione del &#8220;Presepe vivente nei Sassi di Matera&#8221;. Oltre 10mila persone da tutta Italia gi\u00e0 prenotate"},"content":{"rendered":"\n<p>Quattrocento pullman ed oltre diecimila persone prenotate per visitare il \u201cPresepe vivente nei Sassi di Matera\u201d giunto quest&#8217;anno alla tredicesima edizione e in programma nei giorni 8, 9, 10, 16, 17, 29 e 30 dicembre e poi il 5 e il 6 gennaio del 2024. Sono i numeri, \u201cestremamente soddisfacenti\u201d annunciati nel pomeriggio nel corso di una conferenza stampa da \u201cMatera convention bureau\u201d che organizza l&#8217;evento assieme all&#8217;amministrazione comunale. \u201cUn risultato molto importante per l\u2019economia dell\u2019intera citt\u00e0 \u2013 ha spiegato Luca Prisco di &#8216;Matera convention bureau&#8217; &#8211; perch\u00e9 il presepe nei suoi nove giorni di esecuzione inseriti in un mese e mezzo di attivit\u00e0 comporter\u00e0 un notevole ritorno economico per Matera, per i suoi albergatori, ristoratori, guide turistiche, artigiani e musei. Allo stesso tempo \u00e8 doveroso ringraziare e allo stesso tempo chiedere scusa anticipatamente ai residenti degli antichi rioni Sassi per i disagi che causeremo, anche se stiamo lavorando per minimizzarli al massimo\u201d. L&#8217;altra importante novit\u00e0 dell&#8217;edizione di quest&#8217;anno dal titolo \u201cIl presepe d\u2019Italia: pane e pace\u201d \u00e8 l&#8217;accensione delle grotte della Murgia materana prospiciente i Sassi. Un&#8217;iniziativa resa possibile grazie al grande lavoro di intesa tra \u201cMatera convention bureau\u201d, il Comune di Matera, l\u2019Ente Parco della Murgia Materana e la Regione Basilicata. Lungo i quasi 4 chilometri del percorso che partir\u00e0 dal centro storico della citt\u00e0 attraversando il sasso Barisano e quello Caveoso, quando il turista arriver\u00e0 per via Madonna delle Virt\u00f9 e svolter\u00e0 verso San Pietro Caveoso, trover\u00e0 delle grotte illuminate nel pieno rispetto della natura, come indicato dalla Regione e dall\u2019ente Parco, e dal forte impatto anche emotivo. \u201cL\u2019edizione 2023 del Presepe vivente si appresta a essere la migliore di sempre \u2013 hanno evidenziato il sindaco Domenico Bennardi e l\u2019assessore alla Cultura Tiziana D\u2019Oppido- oltre a essere gi\u00e0 l\u2019edizione dei record: superato in larga misura il numero di visitatori rispetto a qualunque precedente edizione, 4 km di percorso, gemellaggio con La Martella e Greccio, che celebra quest\u2019anno gli 800 anni del presepe di San Francesco d\u2019Assisi; 250 figuranti provenienti da tutta Italia, edizione speciale per il trentennale Unesco del 9 dicembre e molte altre novit\u00e0. A riprova che programmare per tempo e lavorare con spirito collaborativo, porta grandi risultati \u2013 hanno concluso D\u2019Oppido e Bennardi- Ringraziamo convention Bureau e anche il presidente dell\u2019Ente Parco della Murgia, Mianulli, per la pronta disponibilit\u00e0 e la gentile collaborazione nell\u2019iter amministrativo condotto dal Convention bureau, che ha realizzato la nostra idea di illuminare le grotte del Parco della Murgia materana, cornice scenografica mozzafiato per un\u2019atmosfera natalizia che quest\u2019anno pi\u00f9 che mai sar\u00e0 unica e indimenticabile per il Presepe vivente e i Sassi\u201d. I preparativi sono al termine, e si sta procedendo all&#8217;ultimazione della copertura degli allestimenti scenografici. \u201cSiamo a buon punto per ci\u00f2 che riguarda l\u2019organizzazione e la gestione &#8211; ha aggiunto Prisco &#8211; a tal proposito vorrei ringraziare la Questura, i Carabinieri, la Polizia stradale, la Guardia di finanza, i Vigili urbani, i Vigili del fuoco , oltre all&#8217;Asm, che ci hanno dato una grande disponibilit\u00e0 affinch\u00e9 la grande massa di persone che sta arrivando ci trovi ben organizzati\u201d. Soddisfazione per le novit\u00e0 annunciate \u00e8 stata espressa dal neo presidente dell&#8217;Ente Parco\u00a0della Murgia Materana, Giovanni\u00a0Mianulli. \u201cIl presepe vivente all\u2019interno dei Sassi \u00e8 ormai un appuntamento consolidato, che ogni anno da modo di vivere l\u2019atmosfera natalizia in un palcoscenico unico al mondo come quello del Parco della Murgia materana. Da neo presidente dell&#8217;Ente \u2013 ha evidenziato Mianulli &#8211; sono onorato di partecipare a questo evento che da lustro alle nostre ricchezze paesaggistiche, sapientemente valorizzate dalla presenza di attori e figuranti, che danno modo di ammirare le bellezze del parco naturale delle chiese rupestri sotto una luce nuova e suggestiva\u201d.<\/p>\n\n\n\n<p><\/p>\n\n\n\n<p><\/p>\n","protected":false},"excerpt":{"rendered":"<p>Quattrocento pullman ed oltre diecimila persone prenotate per visitare il \u201cPresepe vivente nei Sassi di Matera\u201d giunto quest&#8217;anno alla tredicesima edizione e in programma nei giorni 8, 9, 10, 16, 17, 29 e 30 dicembre e poi il 5 e il 6 gennaio del 2024. Sono i numeri, \u201cestremamente soddisfacenti\u201d annunciati nel pomeriggio nel corso&#8230;<\/p>\n","protected":false},"author":4,"featured_media":3119,"comment_status":"open","ping_status":"open","sticky":false,"template":"","format":"standard","meta":{"footnotes":""},"categories":[2],"tags":[8,1017],"class_list":["post-3079","post","type-post","status-publish","format-standard","has-post-thumbnail","hentry","category-magazine","tag-matera","tag-presepe-vivente"],"_links":{"self":[{"href":"https:\/\/www.virtual-press.com\/newsroom\/wp-json\/wp\/v2\/posts\/3079","targetHints":{"allow":["GET"]}}],"collection":[{"href":"https:\/\/www.virtual-press.com\/newsroom\/wp-json\/wp\/v2\/posts"}],"about":[{"href":"https:\/\/www.virtual-press.com\/newsroom\/wp-json\/wp\/v2\/types\/post"}],"author":[{"embeddable":true,"href":"https:\/\/www.virtual-press.com\/newsroom\/wp-json\/wp\/v2\/users\/4"}],"replies":[{"embeddable":true,"href":"https:\/\/www.virtual-press.com\/newsroom\/wp-json\/wp\/v2\/comments?post=3079"}],"version-history":[{"count":3,"href":"https:\/\/www.virtual-press.com\/newsroom\/wp-json\/wp\/v2\/posts\/3079\/revisions"}],"predecessor-version":[{"id":3120,"href":"https:\/\/www.virtual-press.com\/newsroom\/wp-json\/wp\/v2\/posts\/3079\/revisions\/3120"}],"wp:featuredmedia":[{"embeddable":true,"href":"https:\/\/www.virtual-press.com\/newsroom\/wp-json\/wp\/v2\/media\/3119"}],"wp:attachment":[{"href":"https:\/\/www.virtual-press.com\/newsroom\/wp-json\/wp\/v2\/media?parent=3079"}],"wp:term":[{"taxonomy":"category","embeddable":true,"href":"https:\/\/www.virtual-press.com\/newsroom\/wp-json\/wp\/v2\/categories?post=3079"},{"taxonomy":"post_tag","embeddable":true,"href":"https:\/\/www.virtual-press.com\/newsroom\/wp-json\/wp\/v2\/tags?post=3079"}],"curies":[{"name":"wp","href":"https:\/\/api.w.org\/{rel}","templated":true}]}}