{"id":3084,"date":"2023-11-17T00:08:00","date_gmt":"2023-11-16T23:08:00","guid":{"rendered":"https:\/\/www.virtual-press.com\/newsroom\/?p=3084"},"modified":"2023-11-14T18:35:57","modified_gmt":"2023-11-14T17:35:57","slug":"il-colore-lo-sa-dellartista-giovanni-dellacqua-inaugurazione-il-18-a-matera","status":"publish","type":"post","link":"https:\/\/www.virtual-press.com\/newsroom\/il-colore-lo-sa-dellartista-giovanni-dellacqua-inaugurazione-il-18-a-matera\/","title":{"rendered":"\u201cIl colore lo sa\u201d\u00a0dell\u2019artista Giovanni Dell\u2019Acqua, inaugurazione il 18 a Matera"},"content":{"rendered":"\n<p>Domani, sabato 18 novembre 2023,\u00a0alle ore\u00a018\u00a0nella Chiesa del Purgatorio in via Ridola a Matera \u00e8 in programma l\u2019inaugurazione della mostra\u00a0\u201cIl colore lo sa\u201d\u00a0dell\u2019artista materano Giovanni Dell\u2019Acqua, che opera nel campo dell\u2019astrattismo geometrico a partire dalla met\u00e0 degli anni Settanta.\u00a0La mostra rester\u00e0 aperta fino al 29 febbraio 2024.<\/p>\n\n\n\n<p>Il progetto espositivo promosso dalla cooperativa sociale Oltre L\u2019Arte di Matera sar\u00e0 aperto dagli interventi dei professori Massimo Bignardi dell\u2019Universit\u00e0 di Siena e Mariadelaide Cuozzo dell\u2019Universit\u00e0 di Basilicata, che presenteranno la monografia Giovanni Dell\u2019Acqua \u2013 commistioni sconfinamenti nomadismi contaminazioni accumulazioni, edizioni Gutenberg curata dal professore Massimo Bignardi.<\/p>\n\n\n\n<p>La monografia si apre con un verso di Cesare Pavese, Ogni nuovo mattino uscir\u00f2 per le strade cercando colori: negli ultimi anni, infatti, Dell\u2019Acqua, pur muovendo da sempre la sua ricerca nel campo dell\u2019astrattismo geometrico, pone un particolare accento metodico sugli aspetti cromatici, soprattutto per quanto attiene alla pittura. Nelle composizioni plastiche l\u2019aspetto compositivo \u00e8 pi\u00f9 anarchico e ci\u00f2 che viene trovato \u2013 riciclato- insieme alla memoria dona alla scultura la possibilit\u00e0 di esprimere l\u2019amore per i colori nel tentativo di svelarne lo splendido codice. A tal proposito ripetiamo quanto scrive Dominique Simonnet nelle premesse del suo libro-intervista a Michel Pastoureau, Il piccolo libro dei colori:<\/p>\n\n\n\n<p>i colori non sono irrilevanti, tutt\u2019altro. Veicolano dei codici, dei tab\u00f9, dei pregiudizi cui obbediamo senza saperlo, possiedono significati reconditi che influenzano profondamente senza saperlo il nostro ambiente, i nostri comportamenti, il nostro linguaggio e il nostro immaginario.<\/p>\n\n\n\n<p>Il titolo che accompagna la mostra, Il colore lo sa, vuole perci\u00f2 ribadire in maniera perentoria quanto il colore non possa pi\u00f9 essere concepito come elemento comprimario ma, al pari del disegno, dotato di un\u2019autonomia fondativa che, tornando a Simonnet, travalica l\u2019uso che&nbsp; si fa nelle arti visive.<\/p>\n\n\n\n<p><strong>Biografia di Giovanni Dell\u2019Acqua<\/strong><\/p>\n\n\n\n<p>Giovanni Dell\u2019Acqua nasce a Matera nel 1952, dove vive e lavora. Opera nel campo dell\u2019astrattismo geometrico dal 1975 con la partecipazione a pi\u00f9 di duecento rassegne di arti visive in Italia ed all\u2019estero, di cui le pi\u00f9 significative sono l\u2019invito alla XI Quadriennale del 1986 al Palazzo delle Esposizioni a Roma e, nello stesso anno, alla rassegna Mare Nostrum- nuovi aspetti della ricerca artistica in Puglia, Basilicata, Calabria, Sicilia presso il castello Aragonese di Taranto. Ancora, nel 1988, \u00e8 invitato alla Biennale internazionale a Castel dell\u2019Ovo di Napoli e da quel giro d\u2019anni fino ad oggi, \u00e8 presente nelle fiere di settore che si tengono in tutta Italia.<\/p>\n\n\n\n<p>Nelle edizioni del 2018 e del 2019 arreda le pareti dello stand Fendi casa nella Fiera del Mobile di Milano.<\/p>\n\n\n\n<p>Nel 2019 presenta una monografia per le edizioni Gutenberg che illustra il suo ormai quasi cinquantennale lavoro e che ha accompagnato due mostre antologiche, una presso il F.R.A.C., museo fondo regionale d\u2019arte contemporanea di Baronissi ed l\u2019altro presso il museo ARCOS di Benevento. Ancora nello stesso anno \u00e8 inviato alla rassegna \u2018Pittori, scultori, incisori lucani\u2019 promossa dalla regione Basilicata a Matera e Potenza.<\/p>\n\n\n\n<p>Attualmente \u00e8 impegnato nel progetto che vedr\u00e0, nel 2025, un\u2019edizione che ne raccoglier\u00e0 il lavoro cinquantennale con i relativi eventi espositivi.<\/p>\n","protected":false},"excerpt":{"rendered":"<p>Domani, sabato 18 novembre 2023,\u00a0alle ore\u00a018\u00a0nella Chiesa del Purgatorio in via Ridola a Matera \u00e8 in programma l\u2019inaugurazione della mostra\u00a0\u201cIl colore lo sa\u201d\u00a0dell\u2019artista materano Giovanni Dell\u2019Acqua, che opera nel campo dell\u2019astrattismo geometrico a partire dalla met\u00e0 degli anni Settanta.\u00a0La mostra rester\u00e0 aperta fino al 29 febbraio 2024. Il progetto espositivo promosso dalla cooperativa sociale Oltre&#8230;<\/p>\n","protected":false},"author":4,"featured_media":3085,"comment_status":"open","ping_status":"open","sticky":false,"template":"","format":"standard","meta":{"footnotes":""},"categories":[2],"tags":[1517,8,1518],"class_list":["post-3084","post","type-post","status-publish","format-standard","has-post-thumbnail","hentry","category-magazine","tag-giovanni-dellacqua","tag-matera","tag-oltre-larte"],"_links":{"self":[{"href":"https:\/\/www.virtual-press.com\/newsroom\/wp-json\/wp\/v2\/posts\/3084","targetHints":{"allow":["GET"]}}],"collection":[{"href":"https:\/\/www.virtual-press.com\/newsroom\/wp-json\/wp\/v2\/posts"}],"about":[{"href":"https:\/\/www.virtual-press.com\/newsroom\/wp-json\/wp\/v2\/types\/post"}],"author":[{"embeddable":true,"href":"https:\/\/www.virtual-press.com\/newsroom\/wp-json\/wp\/v2\/users\/4"}],"replies":[{"embeddable":true,"href":"https:\/\/www.virtual-press.com\/newsroom\/wp-json\/wp\/v2\/comments?post=3084"}],"version-history":[{"count":2,"href":"https:\/\/www.virtual-press.com\/newsroom\/wp-json\/wp\/v2\/posts\/3084\/revisions"}],"predecessor-version":[{"id":3090,"href":"https:\/\/www.virtual-press.com\/newsroom\/wp-json\/wp\/v2\/posts\/3084\/revisions\/3090"}],"wp:featuredmedia":[{"embeddable":true,"href":"https:\/\/www.virtual-press.com\/newsroom\/wp-json\/wp\/v2\/media\/3085"}],"wp:attachment":[{"href":"https:\/\/www.virtual-press.com\/newsroom\/wp-json\/wp\/v2\/media?parent=3084"}],"wp:term":[{"taxonomy":"category","embeddable":true,"href":"https:\/\/www.virtual-press.com\/newsroom\/wp-json\/wp\/v2\/categories?post=3084"},{"taxonomy":"post_tag","embeddable":true,"href":"https:\/\/www.virtual-press.com\/newsroom\/wp-json\/wp\/v2\/tags?post=3084"}],"curies":[{"name":"wp","href":"https:\/\/api.w.org\/{rel}","templated":true}]}}