{"id":3101,"date":"2023-11-22T00:10:00","date_gmt":"2023-11-21T23:10:00","guid":{"rendered":"https:\/\/www.virtual-press.com\/newsroom\/?p=3101"},"modified":"2023-11-21T18:12:05","modified_gmt":"2023-11-21T17:12:05","slug":"dopo-la-proclamazione-di-matera-citta-del-pane-lamministrazione-comunale-lancia-la-tre-giorni-pane-di-comunita-da-giovedi-23-novembre-a-sabato-25-novembre","status":"publish","type":"post","link":"https:\/\/www.virtual-press.com\/newsroom\/dopo-la-proclamazione-di-matera-citta-del-pane-lamministrazione-comunale-lancia-la-tre-giorni-pane-di-comunita-da-giovedi-23-novembre-a-sabato-25-novembre\/","title":{"rendered":"Dopo la proclamazione di Matera Citt\u00e0 del Pane, l\u2019Amministrazione comunale lancia la tre giorni \u201cPane di comunit\u00e0\u201d da gioved\u00ec 23 novembre a sabato 25 novembre"},"content":{"rendered":"\n<p>Da gioved\u00ec 23 novembre a sabato 25, Matera Citt\u00e0 del pane ospiter\u00e0 il grande evento \u201cPane di comunit\u00e0\u201d, con convegni, tavole rotonde, mostre, laboratori, degustazioni, spettacoli teatrali e performance artistiche, che si terranno presso la sede del Museo nazionale all\u2019ex ospedale San Rocco in via San Biagio. L\u2019evento \u00e8 realizzato dall\u2019Amministrazione comunale di Matera, in collaborazione con \u201cOfficine delle idee\u201d e \u201cIl Cammino del pane\u201d. \u00abQuesto evento -spiega il sindaco Bennardi- arriva dopo lo sforzo e impegno dell&#8217;Amministrazione a proclamarsi Citt\u00e0 del pane, immaginando un percorso concreto di iniziative, relazioni e networking, in grado di elevare a livello nazionale e locale la consapevolezza del valore del pane di Matera come eccellenza gastronomica\u00bb. Il ricco programma parte gioved\u00ec alle ore 9.30 con i saluti del sindaco, Domenico Bennardi, e dell\u2019assessore alle Attivit\u00e0 produttive Lucia Gaudiano. A seguire il primo convegno moderato dal professor Giovanni Caserta, con:\u00a0\u201cIl pane in et\u00e0 romana: magazzini, fornai e panetterie\u201d su cui relazioner\u00e0 Francesco Martorella\u00a0dell\u2019Unibas; poi\u00a0\u201cPane e condizione sociale nel Medioevo\u201d con\u00a0 Alessandro Di Muro\u00a0di Unibas; \u201cVicinati: etnografia di oggetti\u201d con l\u2019architetto Anna Maria Mauro del\u00a0Museo nazionale \u2013 Matera;\u00a0\u201cIl pane nella contemporaneit\u00e0 e il rapporto con la tradizione\u201d con Ferdinando Mirizzi di\u00a0Unibas e\u00a0\u201cI pani cerimoniali nella tradizione materana\u201d con Giovanni Caserta. Dalle ore 15.30 alle 18 si terr\u00e0 l\u2019Estemporanea &#8220;Disegniamo le forme del pane&#8221;, curata dai\u00a0ragazzi del liceo artistico Statale \u201cC. Levi\u201d di Matera, coordinati da\u00a0Daniela Madeddu, e \u201cOpera pittorica eseguita dal vero\u201d\u00a0a cura dell\u2019artista\u00a0Stefano Durante. Alle ore 19 la degustazione \u201cSapore di pane\u201d,\u00a0a cura dei ristoratori e panificatori materani con ingresso libero presso il vicino hub di San Rocco. Alle ore 20.30 presso il teatro \u201cGuerrieri\u201d di piazza\u00a0Vittorio Veneto si terr\u00e0 la rappresentazione teatrale \u201cMatera e Manzoni: il pane della tradizione, tra rivolte e altre storie\u201d,\u00a0a cura dell\u2019associazione culturale \u201cFestival del Teatro e della Comicit\u00e0 Citt\u00e0 di Luino\u201d, con ingresso libero. Si riprende venerd\u00ec 24 alle ore 9.30 in via San Biagio fino alle ore 11 con i laboratori di scenografia curati da Daniela Madeddu; poi laboratorio \u201cMani in pasta\u201d\u00a0a cura di\u00a0Massimo Cifarelli; quindi da\u00a0Massimo Casiello in via San Francesco da Paola Vecchio, per il laboratorio \u201cIl timbro del pane\u201d; in contemporanea \u201cCeramica d\u2019Arte\u201d in via Bruno Buozzi, con il laboratorio di ceramica\u00a0a cura di\u00a0Maria Bruna Festa. Alle ore 11 \u00e8 prevista l\u2019inaugurazione della mostra \u201cLe forme del pane\u201d, con\u00a0disegni dei ragazzi del Liceo Artistico sezione architettura III D e V A ed esposizione dei disegni realizzati dai ragazzi del liceo artistico a cura del professor\u00a0Francesco Farella\u00a0e della professoressa\u00a0Maria Onorina Panza\u00a0della sezione Architettura con votazione popolare. Alle ore\u00a017.30 performance itinerante \u201cCorpo di pane\u201d\u00a0a cura di\u00a0Donato Laborante,\u00a0con sculture di\u00a0Matteo Lucca\u00a0e\u00a0Domenico Festa\u00a0e opere pittoriche di\u00a0Marianna D\u2019Aquino. Infine, alle ore 20.30 presso la galleria \u201cDomusmad.art\u201d in vico Fornaci Vecchie 41, l\u2019inaugurazione della collettiva\u00a0di\u00a0Gener@Azioni\u00a0\u201cLe vie del pane\u201d, che rester\u00e0 aperta\u00a0fino a domenica 3 dicembre ad ingresso libero. La giornata conclusiva di sabato 25 si aprir\u00e0 alle ore 9.30 in via San Biagio, con il forum su \u201cIl cammino del pane\u201d, che inizier\u00e0 alle ore 10. Un itinerario europeo e mediterraneo, universale, culturale e turistico. Dialogo tra le comunit\u00e0 e i popoli, panturismo, turismo di comunit\u00e0 ed esperienziale. Concluder\u00e0 la tavola rotonda la firma del \u201cManifesto del Cammino del pane\u201d. Infine, dalle ore 19 alle 21 in\u00a0vico Fornaci Vecchie 41 (Sasso Barisano) doppio spettacolo di performance \u201cMatrici un rito\u201d, a cura di Alessandra Asuni con 18 posti limitati e prenotazione obbligatoria, chiamando al numero: 353.3950785. Repliche previste per domenica 26 novembre, sempre dalle ore 19 alle 21.<\/p>\n","protected":false},"excerpt":{"rendered":"<p>Da gioved\u00ec 23 novembre a sabato 25, Matera Citt\u00e0 del pane ospiter\u00e0 il grande evento \u201cPane di comunit\u00e0\u201d, con convegni, tavole rotonde, mostre, laboratori, degustazioni, spettacoli teatrali e performance artistiche, che si terranno presso la sede del Museo nazionale all\u2019ex ospedale San Rocco in via San Biagio. L\u2019evento \u00e8 realizzato dall\u2019Amministrazione comunale di Matera, in&#8230;<\/p>\n","protected":false},"author":4,"featured_media":3102,"comment_status":"open","ping_status":"open","sticky":false,"template":"","format":"standard","meta":{"footnotes":""},"categories":[2],"tags":[1521,1522],"class_list":["post-3101","post","type-post","status-publish","format-standard","has-post-thumbnail","hentry","category-magazine","tag-citta-del-pane","tag-pane-di-comunita"],"_links":{"self":[{"href":"https:\/\/www.virtual-press.com\/newsroom\/wp-json\/wp\/v2\/posts\/3101","targetHints":{"allow":["GET"]}}],"collection":[{"href":"https:\/\/www.virtual-press.com\/newsroom\/wp-json\/wp\/v2\/posts"}],"about":[{"href":"https:\/\/www.virtual-press.com\/newsroom\/wp-json\/wp\/v2\/types\/post"}],"author":[{"embeddable":true,"href":"https:\/\/www.virtual-press.com\/newsroom\/wp-json\/wp\/v2\/users\/4"}],"replies":[{"embeddable":true,"href":"https:\/\/www.virtual-press.com\/newsroom\/wp-json\/wp\/v2\/comments?post=3101"}],"version-history":[{"count":1,"href":"https:\/\/www.virtual-press.com\/newsroom\/wp-json\/wp\/v2\/posts\/3101\/revisions"}],"predecessor-version":[{"id":3103,"href":"https:\/\/www.virtual-press.com\/newsroom\/wp-json\/wp\/v2\/posts\/3101\/revisions\/3103"}],"wp:featuredmedia":[{"embeddable":true,"href":"https:\/\/www.virtual-press.com\/newsroom\/wp-json\/wp\/v2\/media\/3102"}],"wp:attachment":[{"href":"https:\/\/www.virtual-press.com\/newsroom\/wp-json\/wp\/v2\/media?parent=3101"}],"wp:term":[{"taxonomy":"category","embeddable":true,"href":"https:\/\/www.virtual-press.com\/newsroom\/wp-json\/wp\/v2\/categories?post=3101"},{"taxonomy":"post_tag","embeddable":true,"href":"https:\/\/www.virtual-press.com\/newsroom\/wp-json\/wp\/v2\/tags?post=3101"}],"curies":[{"name":"wp","href":"https:\/\/api.w.org\/{rel}","templated":true}]}}